{"id":55536,"date":"2019-01-07T09:32:20","date_gmt":"2019-01-07T15:32:20","guid":{"rendered":"http:\/\/www.eloriente.net\/home\/?p=55536"},"modified":"2019-01-07T11:33:44","modified_gmt":"2019-01-07T17:33:44","slug":"alfonso-cuaron-primer-mexicano-en-ganar-un-golden-globes-por-direccion","status":"publish","type":"post","link":"http:\/\/www.eloriente.net\/home\/2019\/01\/07\/alfonso-cuaron-primer-mexicano-en-ganar-un-golden-globes-por-direccion\/","title":{"rendered":"Alfonso Cuar\u00f3n primer mexicano en ganar un Golden Globe por Direcci\u00f3n"},"content":{"rendered":"<p class=\"p1\">(www.eloriente.net, M\u00e9xico, 7 de enero de 2019 por <a href=\"https:\/\/twitter.com\/LuisOsorio8a\">Luis Alberto Osorio Ochoa<\/a>).- Alfonso Cuar\u00f3n se convirti\u00f3 este fin de semana en el primer mexicano en ganar el Premio Globo de Oro por mejor direcci\u00f3n con su pel\u00edcula Roma. Adem\u00e1s es el primer hispano hablante y primer latinoamericano en obtener esta distinci\u00f3n.<\/p>\n<p class=\"p1\">Los Golden Globes Awards son reconocimientos concedidos por la Asociaci\u00f3n de la Prensa extranjera de Hollywood a lo mejor del cine y la televisi\u00f3n en Estados Unidos y el mundo.<\/p>\n<p class=\"p1\">Este domingo, los Golden Globes Awards celebraron su edici\u00f3n 76, ceremonia en la que el mexicano Alfonso Cuar\u00f3n logr\u00f3 obtener dos de los galardones de la noche: el primero, por mejor direcci\u00f3n; y el segundo, por mejor pel\u00edcula extranjera.<\/p>\n<figure id=\"attachment_55537\" aria-describedby=\"caption-attachment-55537\" style=\"width: 550px\" class=\"wp-caption alignnone\"><a href=\"http:\/\/www.eloriente.net\/home\/wp-content\/uploads\/2019\/01\/49661543_2306033499429076_3951920170645061632_n.jpg\"><img loading=\"lazy\" decoding=\"async\" class=\" wp-image-55537\" src=\"http:\/\/www.eloriente.net\/home\/wp-content\/uploads\/2019\/01\/49661543_2306033499429076_3951920170645061632_n.jpg\" alt=\"\" width=\"550\" height=\"688\" srcset=\"http:\/\/www.eloriente.net\/home\/wp-content\/uploads\/2019\/01\/49661543_2306033499429076_3951920170645061632_n.jpg 768w, http:\/\/www.eloriente.net\/home\/wp-content\/uploads\/2019\/01\/49661543_2306033499429076_3951920170645061632_n-240x300.jpg 240w\" sizes=\"(max-width: 550px) 100vw, 550px\" \/><\/a><figcaption id=\"caption-attachment-55537\" class=\"wp-caption-text\">Alfonso Cuar\u00f3n ganador de dos Golden Globes 2019 por Roma. Foto: Golden Globes Awards<\/figcaption><\/figure>\n<p><script src=\"\/\/pagead2googlesyndication.com\/pagead\/js\/adsbygoogle.js\" async=\"\"><\/script><!-- BANNER ELORIENTE INCRUSTADO NOTAS --> <ins class=\"adsbygoogle\" style=\"display: inline-block; width: 300px; height: 250px;\" data-ad-client=\"ca-pub-1136171134853753\" data-ad-slot=\"7974633627\"><\/ins><script>\/\/ <![CDATA[ (adsbygoogle = window.adsbygoogle || []).push({}); \/\/ ]]><\/script><\/p>\n<p class=\"p1\">En cuanto a cine, otros galardonados fueron Bohemian Rhapsody, por Mejor pel\u00edcula de drama; Green Book, por Mejor pel\u00edcula musical o comedia; Rami Malek de\u00a0Bohemian Rhapsody como Mejor actor de drama; Glenn Close de\u00a0La esposa como Mejor actriz de drama; Christian Bale de Vice como Mejor actor, musical o comedia.<\/p>\n<p class=\"p1\">Tambi\u00e9n, Olivia Colman de La favorita, como Mejor actriz de musical o comedia; Mahershala Ali de\u00a0Green Book como Mejor actor de reparto; Regina King de\u00a0El blues de Beale Street como Mejor actriz de reparto; Nick Vallelonga, Brian Currie y Peter Farrelly de\u00a0Green Book por el Mejor gui\u00f3n; y Spider-Man: Un nuevo universo como Mejor pel\u00edcula animada.<\/p>\n<p><script async src=\"\/\/pagead2.googlesyndication.com\/pagead\/js\/adsbygoogle.js\"><\/script> <ins class=\"adsbygoogle\" style=\"display: block; text-align: center;\" data-ad-layout=\"in-article\" data-ad-format=\"fluid\" data-ad-client=\"ca-pub-1136171134853753\" data-ad-slot=\"7980763077\"><\/ins> <script> (adsbygoogle = window.adsbygoogle || []).push({}); <\/script><\/p>\n<p>En Televisi\u00f3n, el Globo de oro a la Mejor serie de drama fue otorgado a The Americans; como Mejor actor de drama, a Richard Madden de Bodyguard; como Mejor actriz de drama a Sandra Oh de\u00a0Killing Eve; como Mejor serie musical o comedia, The Kominsky Method.<\/p>\n<p>Asimismo, como Mejor actor de musical o comedia a Michael Douglas de The Kominsky Method; como Mejor actriz de musical o comedia a Rachel Brosnahan por\u00a0La maravillosa Sra. Maisel; como Mejor miniserie o pel\u00edcula para TV, a The Assassination of Gianni Versace: American Crime Story; como Mejor actor de miniserie o pel\u00edcula para TV, a Darren Criss por\u00a0The Assassination of Gianni Versace: American Crime Story; y como Mejor actriz de miniserie o pel\u00edcula para TV, a Patricia Arquette de Escape at Dannemora.<\/p>\n<p>&nbsp;<\/p>\n<h3>Discurso de Alfonso Cuar\u00f3n en Golden Globes Awards 2019<\/h3>\n<p><iframe loading=\"lazy\" src=\"https:\/\/www.youtube.com\/embed\/T0howL2osbk\" width=\"560\" height=\"315\" frameborder=\"0\" allowfullscreen=\"allowfullscreen\"><\/iframe><\/p>\n<p><script async src=\"\/\/pagead2.googlesyndication.com\/pagead\/js\/adsbygoogle.js\"><\/script><br \/>\n<ins class=\"adsbygoogle\" style=\"display: block;\" data-ad-format=\"autorelaxed\" data-ad-client=\"ca-pub-1136171134853753\" data-ad-slot=\"4595267748\"><\/ins><br \/>\n<script>\n     (adsbygoogle = window.adsbygoogle || []).push({});\n<\/script><\/p>\n\n\t\t\t  <div \n\t\t\t  \tclass = \"fb-comments\" \n\t\t\t  \tdata-href = \"http:\/\/www.eloriente.net\/home\/2019\/01\/07\/alfonso-cuaron-primer-mexicano-en-ganar-un-golden-globes-por-direccion\/\"\n\t\t\t  \tdata-numposts = \"10\"\n\t\t\t\tdata-colorscheme = \"dark\"\n\t\t\t\tdata-order-by = \"social\"\n\t\t\t\tdata-mobile=true>\n\t\t\t  <\/div>\n\t\t  <style>\n\t\t\t.fb_iframe_widget_fluid_desktop iframe {\n\t\t\t    width: 100% !important;\n\t\t\t}\n\t\t  <\/style>\n\t\t  ","protected":false},"excerpt":{"rendered":"<p>(www.eloriente.net, M\u00e9xico, 7 de enero de 2019 por Luis Alberto Osorio Ochoa).- Alfonso Cuar\u00f3n se convirti\u00f3 este fin de semana en el primer mexicano en ganar el Premio Globo de Oro por mejor direcci\u00f3n con su pel\u00edcula Roma. Adem\u00e1s es el primer hispano hablante y primer latinoamericano en obtener esta distinci\u00f3n. Los Golden Globes Awards [&hellip;]<\/p>\n","protected":false},"author":48,"featured_media":55538,"comment_status":"open","ping_status":"open","sticky":false,"template":"","format":"standard","meta":{"_jetpack_memberships_contains_paid_content":false,"footnotes":""},"categories":[56,10,24,31],"tags":[2764,3143,9981,2078],"class_list":["post-55536","post","type-post","status-publish","format-standard","has-post-thumbnail","hentry","category-cine","category-lo-mas-reciente","category-mexico-y-el-mundo","category-principal","tag-alfonso-cuaron","tag-golden-globes","tag-premios-globo-de-oro","tag-roma"],"jetpack_featured_media_url":"http:\/\/www.eloriente.net\/home\/wp-content\/uploads\/2019\/01\/collage_cuaron_wishaw-e1546875036367.jpg","jetpack_sharing_enabled":true,"_links":{"self":[{"href":"http:\/\/www.eloriente.net\/home\/wp-json\/wp\/v2\/posts\/55536"}],"collection":[{"href":"http:\/\/www.eloriente.net\/home\/wp-json\/wp\/v2\/posts"}],"about":[{"href":"http:\/\/www.eloriente.net\/home\/wp-json\/wp\/v2\/types\/post"}],"author":[{"embeddable":true,"href":"http:\/\/www.eloriente.net\/home\/wp-json\/wp\/v2\/users\/48"}],"replies":[{"embeddable":true,"href":"http:\/\/www.eloriente.net\/home\/wp-json\/wp\/v2\/comments?post=55536"}],"version-history":[{"count":5,"href":"http:\/\/www.eloriente.net\/home\/wp-json\/wp\/v2\/posts\/55536\/revisions"}],"predecessor-version":[{"id":55544,"href":"http:\/\/www.eloriente.net\/home\/wp-json\/wp\/v2\/posts\/55536\/revisions\/55544"}],"wp:featuredmedia":[{"embeddable":true,"href":"http:\/\/www.eloriente.net\/home\/wp-json\/wp\/v2\/media\/55538"}],"wp:attachment":[{"href":"http:\/\/www.eloriente.net\/home\/wp-json\/wp\/v2\/media?parent=55536"}],"wp:term":[{"taxonomy":"category","embeddable":true,"href":"http:\/\/www.eloriente.net\/home\/wp-json\/wp\/v2\/categories?post=55536"},{"taxonomy":"post_tag","embeddable":true,"href":"http:\/\/www.eloriente.net\/home\/wp-json\/wp\/v2\/tags?post=55536"}],"curies":[{"name":"wp","href":"https:\/\/api.w.org\/{rel}","templated":true}]}}