{"id":55541,"date":"2019-01-07T11:39:58","date_gmt":"2019-01-07T17:39:58","guid":{"rendered":"http:\/\/www.eloriente.net\/home\/?p=55541"},"modified":"2019-01-07T11:48:12","modified_gmt":"2019-01-07T17:48:12","slug":"cambio-2030-reduccion-de-las-desigualdades","status":"publish","type":"post","link":"http:\/\/www.eloriente.net\/home\/2019\/01\/07\/cambio-2030-reduccion-de-las-desigualdades\/","title":{"rendered":"CAMBIO 2030: Reducci\u00f3n de las desigualdades"},"content":{"rendered":"<div class=\"\" data-block=\"true\" data-editor=\"an1oo\" data-offset-key=\"ed8sg-0-0\">\n<div class=\"_1mf _1mj\" data-offset-key=\"ed8sg-0-0\"><span data-offset-key=\"ed8sg-0-0\">(www.eloriente.net, M\u00e9xico, 7 de enero de 2019, por <a href=\"https:\/\/twitter.com\/LuisOsorio8a\">Luis Alberto Osorio Ochoa<\/a>).- 40% del ingreso mundial est\u00e1 concentrado s\u00f3lo en el 10% de la poblaci\u00f3n del mundo. Quiz\u00e1 este sea el indicador m\u00e1s claro de la desigualdad.<\/span><\/div>\n<\/div>\n<div class=\"\" data-block=\"true\" data-editor=\"an1oo\" data-offset-key=\"5v42s-0-0\">\n<div class=\"_1mf _1mj\" data-offset-key=\"5v42s-0-0\"><span data-offset-key=\"5v42s-0-0\">\u00a0<\/span><\/div>\n<\/div>\n<div class=\"\" data-block=\"true\" data-editor=\"an1oo\" data-offset-key=\"bhksc-0-0\">\n<div class=\"_1mf _1mj\" data-offset-key=\"bhksc-0-0\"><span data-offset-key=\"bhksc-0-0\">Esta semana en <\/span><span class=\"_5zk7\" spellcheck=\"false\" data-offset-key=\"bhksc-1-0\"><span data-offset-key=\"bhksc-1-0\">#Cambio<\/span><\/span><span data-offset-key=\"bhksc-2-0\"> 2030, <\/span><span class=\"_247o\" spellcheck=\"false\" data-offset-key=\"bhksc-3-0\"><span data-offset-key=\"bhksc-3-0\">Nydia Delhi<\/span><\/span><span data-offset-key=\"bhksc-4-0\">, <\/span><span class=\"_247o\" spellcheck=\"false\" data-offset-key=\"bhksc-5-0\"><span data-offset-key=\"bhksc-5-0\">Jarumy M\u00e9ndez Reyes<\/span><\/span><span data-offset-key=\"bhksc-6-0\"> y <\/span><span class=\"_247o\" spellcheck=\"false\" data-offset-key=\"bhksc-7-0\"><span data-offset-key=\"bhksc-7-0\">Karla Cadena<\/span><\/span><span data-offset-key=\"bhksc-8-0\"> abordan el Objetivo de Desarrollo Sostenible n\u00famero 10: reducci\u00f3n de las desigualdades.<\/span><\/div>\n<\/div>\n<div data-offset-key=\"bhksc-0-0\"><\/div>\n<div data-offset-key=\"bhksc-0-0\"><\/div>\n<div data-offset-key=\"bhksc-0-0\"><iframe loading=\"lazy\" style=\"border: none; overflow: hidden;\" src=\"https:\/\/www.facebook.com\/plugins\/video.php?href=https%3A%2F%2Fwww.facebook.com%2Feloriente.net%2Fvideos%2F2013904042239766%2F&amp;show_text=0&amp;width=476\" width=\"476\" height=\"476\" frameborder=\"0\" scrolling=\"no\" allowfullscreen=\"allowfullscreen\"><\/iframe><\/div>\n<div data-offset-key=\"bhksc-0-0\">\n<h3><script async src=\"\/\/pagead2.googlesyndication.com\/pagead\/js\/adsbygoogle.js\"><\/script> <ins class=\"adsbygoogle\" style=\"display: block; text-align: center;\" data-ad-layout=\"in-article\" data-ad-format=\"fluid\" data-ad-client=\"ca-pub-1136171134853753\" data-ad-slot=\"7980763077\"><\/ins> <script> (adsbygoogle = window.adsbygoogle || []).push({}); <\/script><\/h3>\n<h3>Cambio 2030<\/h3>\n<p>Somos una generaci\u00f3n decidida a impulsar los Objetivos de Desarrollo Sostenible (ODS). El h orizonte es 2030. Cada lunes en El Oriente.<\/p>\n<p>Cambio 2030\u00a0es el primer programa en el sur de M\u00e9xico dedicado exclusivamente a promover los\u00a0Objetivos de Desarrollo Sostenible.<\/p>\n<figure id=\"attachment_55545\" aria-describedby=\"caption-attachment-55545\" style=\"width: 549px\" class=\"wp-caption alignnone\"><a href=\"http:\/\/www.eloriente.net\/home\/wp-content\/uploads\/2019\/01\/Cambio-foto.jpg\"><img loading=\"lazy\" decoding=\"async\" class=\" wp-image-55545\" src=\"http:\/\/www.eloriente.net\/home\/wp-content\/uploads\/2019\/01\/Cambio-foto-1024x576.jpg\" alt=\"\" width=\"549\" height=\"309\" srcset=\"http:\/\/www.eloriente.net\/home\/wp-content\/uploads\/2019\/01\/Cambio-foto-1024x576.jpg 1024w, http:\/\/www.eloriente.net\/home\/wp-content\/uploads\/2019\/01\/Cambio-foto-300x169.jpg 300w, http:\/\/www.eloriente.net\/home\/wp-content\/uploads\/2019\/01\/Cambio-foto-768x432.jpg 768w, http:\/\/www.eloriente.net\/home\/wp-content\/uploads\/2019\/01\/Cambio-foto.jpg 1280w\" sizes=\"(max-width: 549px) 100vw, 549px\" \/><\/a><figcaption id=\"caption-attachment-55545\" class=\"wp-caption-text\">Karla Cadena, Jarumy M\u00e9ndez y Nydia Mata.<\/figcaption><\/figure>\n<div data-offset-key=\"bcihu-0-0\">\n<h4>Jarumy M\u00e9ndez<\/h4>\n<p>es Subsecretaria de Normatividad Ecol\u00f3gica y Gesti\u00f3n Ambiental del Gobierno del Estado de Oaxaca.<\/p>\n<h4>Nydia Delhi Mata<\/h4>\n<p>es Rectora de la Universidad Tecnol\u00f3gica de los Valles Centrales de Oaxaca.<\/p>\n<\/div>\n<h4>Karla Cadena<\/h4>\n<p>es Maestra en Ambiente, cultura y Sociedad por la Universidad de Edimburgo. (Especializada en Geograf\u00eda Humana y Humanidades Ambientales) e interesada en los aspectos cultural y social del cambio clim\u00e1tico.<\/p>\n<p><script async src=\"\/\/pagead2.googlesyndication.com\/pagead\/js\/adsbygoogle.js\"><\/script><br \/>\n<ins class=\"adsbygoogle\" style=\"display: block;\" data-ad-format=\"autorelaxed\" data-ad-client=\"ca-pub-1136171134853753\" data-ad-slot=\"4595267748\"><\/ins><br \/>\n<script>\n     (adsbygoogle = window.adsbygoogle || []).push({});\n<\/script><\/p>\n<\/div>\n\n\t\t\t  <div \n\t\t\t  \tclass = \"fb-comments\" \n\t\t\t  \tdata-href = \"http:\/\/www.eloriente.net\/home\/2019\/01\/07\/cambio-2030-reduccion-de-las-desigualdades\/\"\n\t\t\t  \tdata-numposts = \"10\"\n\t\t\t\tdata-colorscheme = \"dark\"\n\t\t\t\tdata-order-by = \"social\"\n\t\t\t\tdata-mobile=true>\n\t\t\t  <\/div>\n\t\t  <style>\n\t\t\t.fb_iframe_widget_fluid_desktop iframe {\n\t\t\t    width: 100% !important;\n\t\t\t}\n\t\t  <\/style>\n\t\t  ","protected":false},"excerpt":{"rendered":"<p>(www.eloriente.net, M\u00e9xico, 7 de enero de 2019, por Luis Alberto Osorio Ochoa).- 40% del ingreso mundial est\u00e1 concentrado s\u00f3lo en el 10% de la poblaci\u00f3n del mundo. Quiz\u00e1 este sea el indicador m\u00e1s claro de la desigualdad. \u00a0 Esta semana en #Cambio 2030, Nydia Delhi, Jarumy M\u00e9ndez Reyes y Karla Cadena abordan el Objetivo de [&hellip;]<\/p>\n","protected":false},"author":48,"featured_media":55548,"comment_status":"open","ping_status":"open","sticky":false,"template":"","format":"standard","meta":{"_jetpack_memberships_contains_paid_content":false,"footnotes":""},"categories":[6,18,16,10,31],"tags":[9880,9879,9878,1078,9982],"class_list":["post-55541","post","type-post","status-publish","format-standard","has-post-thumbnail","hentry","category-canal-4-especiales","category-educacion-y-cultura","category-salud-y-estilo-de-vida","category-lo-mas-reciente","category-principal","tag-cambio-2030","tag-objetivos-de-desarrollo-sostenible","tag-ods","tag-onu","tag-reduccion-de-desigualdades"],"jetpack_featured_media_url":"http:\/\/www.eloriente.net\/home\/wp-content\/uploads\/2019\/01\/CAMBIO-PORTADA-copia.jpg","jetpack_sharing_enabled":true,"_links":{"self":[{"href":"http:\/\/www.eloriente.net\/home\/wp-json\/wp\/v2\/posts\/55541"}],"collection":[{"href":"http:\/\/www.eloriente.net\/home\/wp-json\/wp\/v2\/posts"}],"about":[{"href":"http:\/\/www.eloriente.net\/home\/wp-json\/wp\/v2\/types\/post"}],"author":[{"embeddable":true,"href":"http:\/\/www.eloriente.net\/home\/wp-json\/wp\/v2\/users\/48"}],"replies":[{"embeddable":true,"href":"http:\/\/www.eloriente.net\/home\/wp-json\/wp\/v2\/comments?post=55541"}],"version-history":[{"count":3,"href":"http:\/\/www.eloriente.net\/home\/wp-json\/wp\/v2\/posts\/55541\/revisions"}],"predecessor-version":[{"id":55549,"href":"http:\/\/www.eloriente.net\/home\/wp-json\/wp\/v2\/posts\/55541\/revisions\/55549"}],"wp:featuredmedia":[{"embeddable":true,"href":"http:\/\/www.eloriente.net\/home\/wp-json\/wp\/v2\/media\/55548"}],"wp:attachment":[{"href":"http:\/\/www.eloriente.net\/home\/wp-json\/wp\/v2\/media?parent=55541"}],"wp:term":[{"taxonomy":"category","embeddable":true,"href":"http:\/\/www.eloriente.net\/home\/wp-json\/wp\/v2\/categories?post=55541"},{"taxonomy":"post_tag","embeddable":true,"href":"http:\/\/www.eloriente.net\/home\/wp-json\/wp\/v2\/tags?post=55541"}],"curies":[{"name":"wp","href":"https:\/\/api.w.org\/{rel}","templated":true}]}}