{"id":55631,"date":"2019-01-16T10:46:55","date_gmt":"2019-01-16T16:46:55","guid":{"rendered":"http:\/\/www.eloriente.net\/home\/?p=55631"},"modified":"2019-01-16T10:58:58","modified_gmt":"2019-01-16T16:58:58","slug":"uabjo-dice-no-a-rumores-rector-eduardo-bautista","status":"publish","type":"post","link":"http:\/\/www.eloriente.net\/home\/2019\/01\/16\/uabjo-dice-no-a-rumores-rector-eduardo-bautista\/","title":{"rendered":"UABJO dice &#8216;no&#8217; a rumores: Rector Eduardo Bautista"},"content":{"rendered":"<p class=\"p1\">(www.eloriente.net, M\u00e9xico, 16 de enero de 2019, por Luis Alberto Osorio Ochoa).- Este mi\u00e9rcoles, el Sindicato de Trabajadores y Empleados del Universidad Aut\u00f3noma Benito Ju\u00e1rez de Oaxaca, llev\u00f3 acabo un paro de labores de 12 horas, dejando a alumnas y alumnos, de todas las facultades y escuelas de todo el estado, de esta universidad sin clases.<\/p>\n<p class=\"p1\">Desde temprana hora, integrantes de dicho sindicato hicieron acto de presencia en las instalaciones de la rector\u00eda de la universidad, colocando mantas y pancartas, y cerrando el acceso al alumnado, y con ello iniciar un paro de labores que definieron para las pr\u00f3ximas 12 horas de este mi\u00e9rcoles<\/p>\n<p class=\"p1\">El rector de la instituci\u00f3n, Eduardo Bautista, inform\u00f3 que las demandas del sindicato son de tipo salarial, \u201cesta negociaci\u00f3n apunta a una revisi\u00f3n de car\u00e1cter salarial, y en ese sentido, la pol\u00edtica salarial la define la federaci\u00f3n. Dependemos del tope que fije el gobierno federal para poder hacer el ofrecimiento al sindicato\u201d, se\u00f1al\u00f3.<\/p>\n<p><a href=\"http:\/\/www.eloriente.net\/home\/wp-content\/uploads\/2016\/06\/uabjo-20-de-junio.jpeg\"><img loading=\"lazy\" decoding=\"async\" class=\"alignnone wp-image-43895\" src=\"http:\/\/www.eloriente.net\/home\/wp-content\/uploads\/2016\/06\/uabjo-20-de-junio-1024x683.jpeg\" alt=\"\" width=\"550\" height=\"367\" srcset=\"http:\/\/www.eloriente.net\/home\/wp-content\/uploads\/2016\/06\/uabjo-20-de-junio-1024x683.jpeg 1024w, http:\/\/www.eloriente.net\/home\/wp-content\/uploads\/2016\/06\/uabjo-20-de-junio-300x200.jpeg 300w, http:\/\/www.eloriente.net\/home\/wp-content\/uploads\/2016\/06\/uabjo-20-de-junio-768x512.jpeg 768w\" sizes=\"(max-width: 550px) 100vw, 550px\" \/><\/a><\/p>\n<p><script src=\"\/\/pagead2googlesyndication.com\/pagead\/js\/adsbygoogle.js\" async=\"\"><\/script><!-- BANNER ELORIENTE INCRUSTADO NOTAS --> <ins class=\"adsbygoogle\" style=\"display: inline-block; width: 300px; height: 250px;\" data-ad-client=\"ca-pub-1136171134853753\" data-ad-slot=\"7974633627\"><\/ins><script>\/\/ <![CDATA[ (adsbygoogle = window.adsbygoogle || []).push({}); \/\/ ]]><\/script><\/p>\n<p class=\"p1\">Explic\u00f3 adem\u00e1s, que las expectativas son muy altas por parte del sindicato emplazante y que la universidad s\u00f3lo podr\u00e1 valorarlas con relaci\u00f3n estricta a las definiciones presupuestales de la federaci\u00f3n, ya que su presupuesto y rubros autorizados, dependen de ello.<\/p>\n<p class=\"p1\">Aclar\u00f3 que la rector\u00eda ya hizo una solicitud formal al gobierno federal como atenci\u00f3n a las demandas del sindicato, pero que la universidad debe apegarse a las resoluciones que la federaci\u00f3n considere.<\/p>\n<p class=\"p1\">Subray\u00f3 que la Universidad tiene un tope presupuestal por parte del Gobierno de M\u00e9xico, relacionado con la pol\u00edtica de austeridad que implement\u00f3 la nueva administraci\u00f3n p\u00fablica, y que ha mantenido a las universidades de todo el pa\u00eds sin aumentos en sus presupuestos.<\/p>\n<p class=\"p1\">\u201cEn este momento nos est\u00e1n considerando en un esquema de contenci\u00f3n respecto al incremento de plazas y tambi\u00e9n respecto al incremento de prestaciones para los trabajadores\u201d, lo anterior puede ser comprobado en la p\u00e1gina de transparencia del gobierno de M\u00e9xico, indic\u00f3.<\/p>\n<p class=\"p1\">\u201cEsta es una negociaci\u00f3n at\u00edpica, porque tenemos ya un convenio firmado que es del conocimiento p\u00fablico y que est\u00e1 sujeto en la p\u00e1gina de transparencia del gobierno federal de la propia universidad en donde los compromisos son claros, y la universidad tiene que cumplir con los rubros que all\u00ed est\u00e1n considerados y no m\u00e1s\u201d, sostuvo el rector.<\/p>\n<p class=\"p1\">Agreg\u00f3 que todos los miembros de la Universidad tienen que ser consecuentes con la pol\u00edtica de austeridad y de disciplina financiera de la Universidad, que est\u00e1 en pr\u00e1ctica desde 2016, a partir del inicio de la actual administraci\u00f3n, y que corresponde a una estrategia de ahorro para poder afrontar los momentos de insolvencia de la universidad.<\/p>\n<p><script async src=\"\/\/pagead2.googlesyndication.com\/pagead\/js\/adsbygoogle.js\"><\/script> <ins class=\"adsbygoogle\" style=\"display: block; text-align: center;\" data-ad-layout=\"in-article\" data-ad-format=\"fluid\" data-ad-client=\"ca-pub-1136171134853753\" data-ad-slot=\"7980763077\"><\/ins> <script> (adsbygoogle = window.adsbygoogle || []).push({}); <\/script><\/p>\n<p class=\"p1\">Eduardo Bautista, se\u00f1al\u00f3 que ya no es tiempo de confiar en los rumores, pues ahora se cuenta con plataformas en l\u00ednea del Gobierno Federal, y de la Auditor\u00eda Superior de la Federaci\u00f3n, que mantienen p\u00fablica toda la documentaci\u00f3n presupuestal, as\u00ed como las auditor\u00edas que recibe la Universidad.<\/p>\n<p class=\"p1\">\u201cLas auditor\u00edas son parte de nuestros procedimientos institucionales y administrativos de rutina. Nunca, como ahora, nuestra universidad ha estado recibiendo auditor\u00edas y nos estamos sujetando a las observaciones de las mismas. Estas tambi\u00e9n son p\u00fablicas y est\u00e1n disponibles en los portales de la Auditor\u00eda superior de la federaci\u00f3n\u201d, se\u00f1al\u00f3 el rector.<\/p>\n<p class=\"p1\">Los manifestantes se\u00f1alaron la posibilidad de realizar bloqueos de la avenida universidad, y el crucero de cinco se\u00f1ores de la ciudad capital. Asimismo, se\u00f1alaron que podr\u00edan realizar una huelga a partir del primero de febrero.<\/p>\n<p class=\"p1\">Cabe se\u00f1alara, que las oficinas administrativas de la universidad siguen laborando, seg\u00fan se\u00f1alaron integrantes del sindicato manifestante.<\/p>\n<blockquote class=\"twitter-tweet\" data-lang=\"es\">\n<p dir=\"ltr\" lang=\"es\">1 Reitera rector <a href=\"https:\/\/twitter.com\/Bautistaeduardo?ref_src=twsrc%5Etfw\">@Bautistaeduardo<\/a> su llamado a la comunidad universitaria y especialmente a las organizaciones sindicales de <a href=\"https:\/\/twitter.com\/UABJO?ref_src=twsrc%5Etfw\">@UABJO<\/a>, a la sensatez para alcanzar acuerdos que permitan continuar el trabajo acad\u00e9mico y de investigaci\u00f3n sin afectar al estudiantado. <a href=\"https:\/\/twitter.com\/SEP_mx?ref_src=twsrc%5Etfw\">@SEP_mx<\/a> <a href=\"https:\/\/twitter.com\/ANUIES?ref_src=twsrc%5Etfw\">@ANUIES<\/a> <a href=\"https:\/\/t.co\/nN786aHhOT\">pic.twitter.com\/nN786aHhOT<\/a><\/p>\n<p>\u2014 Comunicaci\u00f3nUABJO (@comunica_UABJO) <a href=\"https:\/\/twitter.com\/comunica_UABJO\/status\/1085575187532300288?ref_src=twsrc%5Etfw\">16 de enero de 2019<\/a><\/p><\/blockquote>\n<p><script async src=\"https:\/\/platform.twitter.com\/widgets.js\" charset=\"utf-8\"><\/script><\/p>\n<blockquote class=\"twitter-tweet\" data-lang=\"es\">\n<p dir=\"ltr\" lang=\"es\">2 La negociaci\u00f3n con los 6 sindicatos <a href=\"https:\/\/twitter.com\/UABJO?ref_src=twsrc%5Etfw\">@UABJO<\/a> ser\u00e1 basada en el convenio firmado con <a href=\"https:\/\/twitter.com\/GobiernoMX?ref_src=twsrc%5Etfw\">@GobiernoMX<\/a> y <a href=\"https:\/\/twitter.com\/GobOax?ref_src=twsrc%5Etfw\">@GobOax<\/a> que implica \u201cuna pol\u00edtica de contenci\u00f3n: no habr\u00e1 nuevas contrataciones de personal acad\u00e9mico y admtvo, ni autorizaci\u00f3n de m\u00e1s prestaciones laborales\u201d: <a href=\"https:\/\/twitter.com\/Bautistaeduardo?ref_src=twsrc%5Etfw\">@Bautistaeduardo<\/a> <a href=\"https:\/\/t.co\/9fCOwzy0NO\">pic.twitter.com\/9fCOwzy0NO<\/a><\/p>\n<p>\u2014 Comunicaci\u00f3nUABJO (@comunica_UABJO) <a href=\"https:\/\/twitter.com\/comunica_UABJO\/status\/1085578381939392512?ref_src=twsrc%5Etfw\">16 de enero de 2019<\/a><\/p><\/blockquote>\n<p><script async src=\"https:\/\/platform.twitter.com\/widgets.js\" charset=\"utf-8\"><\/script><\/p>\n<p><script async src=\"\/\/pagead2.googlesyndication.com\/pagead\/js\/adsbygoogle.js\"><\/script><br \/>\n<ins class=\"adsbygoogle\" style=\"display: block;\" data-ad-format=\"autorelaxed\" data-ad-client=\"ca-pub-1136171134853753\" data-ad-slot=\"4595267748\"><\/ins><br \/>\n<script>\n     (adsbygoogle = window.adsbygoogle || []).push({});\n<\/script><\/p>\n\n\t\t\t  <div \n\t\t\t  \tclass = \"fb-comments\" \n\t\t\t  \tdata-href = \"http:\/\/www.eloriente.net\/home\/2019\/01\/16\/uabjo-dice-no-a-rumores-rector-eduardo-bautista\/\"\n\t\t\t  \tdata-numposts = \"10\"\n\t\t\t\tdata-colorscheme = \"dark\"\n\t\t\t\tdata-order-by = \"social\"\n\t\t\t\tdata-mobile=true>\n\t\t\t  <\/div>\n\t\t  <style>\n\t\t\t.fb_iframe_widget_fluid_desktop iframe {\n\t\t\t    width: 100% !important;\n\t\t\t}\n\t\t  <\/style>\n\t\t  ","protected":false},"excerpt":{"rendered":"<p>(www.eloriente.net, M\u00e9xico, 16 de enero de 2019, por Luis Alberto Osorio Ochoa).- Este mi\u00e9rcoles, el Sindicato de Trabajadores y Empleados del Universidad Aut\u00f3noma Benito Ju\u00e1rez de Oaxaca, llev\u00f3 acabo un paro de labores de 12 horas, dejando a alumnas y alumnos, de todas las facultades y escuelas de todo el estado, de esta universidad sin [&hellip;]<\/p>\n","protected":false},"author":48,"featured_media":34518,"comment_status":"open","ping_status":"open","sticky":false,"template":"","format":"standard","meta":{"_jetpack_memberships_contains_paid_content":false,"footnotes":""},"categories":[3,18,10,8677,84],"tags":[9107,4594,10015,182],"class_list":["post-55631","post","type-post","status-publish","format-standard","has-post-thumbnail","hentry","category-canal-1-tu-aula","category-educacion-y-cultura","category-lo-mas-reciente","category-uabjo","category-universidades","tag-auditorias","tag-paro-laboral","tag-steuabjo","tag-uabjo"],"jetpack_featured_media_url":"http:\/\/www.eloriente.net\/home\/wp-content\/uploads\/2014\/12\/071.jpg","jetpack_sharing_enabled":true,"_links":{"self":[{"href":"http:\/\/www.eloriente.net\/home\/wp-json\/wp\/v2\/posts\/55631"}],"collection":[{"href":"http:\/\/www.eloriente.net\/home\/wp-json\/wp\/v2\/posts"}],"about":[{"href":"http:\/\/www.eloriente.net\/home\/wp-json\/wp\/v2\/types\/post"}],"author":[{"embeddable":true,"href":"http:\/\/www.eloriente.net\/home\/wp-json\/wp\/v2\/users\/48"}],"replies":[{"embeddable":true,"href":"http:\/\/www.eloriente.net\/home\/wp-json\/wp\/v2\/comments?post=55631"}],"version-history":[{"count":2,"href":"http:\/\/www.eloriente.net\/home\/wp-json\/wp\/v2\/posts\/55631\/revisions"}],"predecessor-version":[{"id":55633,"href":"http:\/\/www.eloriente.net\/home\/wp-json\/wp\/v2\/posts\/55631\/revisions\/55633"}],"wp:featuredmedia":[{"embeddable":true,"href":"http:\/\/www.eloriente.net\/home\/wp-json\/wp\/v2\/media\/34518"}],"wp:attachment":[{"href":"http:\/\/www.eloriente.net\/home\/wp-json\/wp\/v2\/media?parent=55631"}],"wp:term":[{"taxonomy":"category","embeddable":true,"href":"http:\/\/www.eloriente.net\/home\/wp-json\/wp\/v2\/categories?post=55631"},{"taxonomy":"post_tag","embeddable":true,"href":"http:\/\/www.eloriente.net\/home\/wp-json\/wp\/v2\/tags?post=55631"}],"curies":[{"name":"wp","href":"https:\/\/api.w.org\/{rel}","templated":true}]}}