{"id":55702,"date":"2019-01-22T22:28:32","date_gmt":"2019-01-23T04:28:32","guid":{"rendered":"http:\/\/www.eloriente.net\/home\/?p=55702"},"modified":"2019-01-22T22:28:32","modified_gmt":"2019-01-23T04:28:32","slug":"paco-ignacio-taibo-ii-da-a-conocer-algunas-lineas-de-trabajo-para-el-fce","status":"publish","type":"post","link":"http:\/\/www.eloriente.net\/home\/2019\/01\/22\/paco-ignacio-taibo-ii-da-a-conocer-algunas-lineas-de-trabajo-para-el-fce\/","title":{"rendered":"Paco Ignacio Taibo II da a conocer algunas l\u00edneas de trabajo para el FCE"},"content":{"rendered":"<p class=\"Cuerpo\" style=\"text-align: right;\"><em><span lang=\"ES-TRAD\">El funcionario aclar\u00f3 que no habr\u00e1 despidos masivos ni cierre de librer\u00edas, pero dijo que habr\u00e1 revisi\u00f3n de las sedes en el extranjero<\/span><\/em><\/p>\n<p class=\"Cuerpo\"><span lang=\"ES-TRAD\">(www.eloriente.net, M\u00e9xico, 22 de enero de 2019, por <a href=\"http:\/\/noticias.canal22.org.mx\">N22<\/a>\/Irma Gallo). \u2013 En consonancia con estos nuevos vientos, a Paco Ignacio Taibo II no le importa que su cargo oficial sea el de Gerente Editorial y no el de director del Fondo de Cultura Econ\u00f3mica. Dice que pregunt\u00f3 y le dijeron que no hab\u00eda ninguna diferencia, as\u00ed que el medio d\u00eda de hoy se reuni\u00f3 con representantes de los medios de comunicaci\u00f3n para exponerles su plan de trabajo al frente de la paraestatal, que pretende reformarla en muchos aspectos, sobre todo en los nodales.<\/span><\/p>\n<p class=\"Cuerpo\"><span lang=\"ES-TRAD\">\u201cHay carencias, debilidades, problemas, que impiden que la Rep\u00fablica de los lectores crezca, y que crezca en los niveles potenciales e inmensos que hoy tiene. Mis previas experiencias en la Brigada para Leer en Libertad, en la edici\u00f3n de libros, en la factura de cosas como Cuadernos mexicanos, me dejaron clar\u00edsimo que hay ah\u00ed afuera un universo impresionantemente amplio de posibles lectores\u201d.<\/span><\/p>\n<figure id=\"attachment_55703\" aria-describedby=\"caption-attachment-55703\" style=\"width: 550px\" class=\"wp-caption alignnone\"><a href=\"http:\/\/www.eloriente.net\/home\/wp-content\/uploads\/2019\/01\/50286159_2008515749246582_6887065709373816832_n-1.jpg\"><img loading=\"lazy\" decoding=\"async\" class=\" wp-image-55703\" src=\"http:\/\/www.eloriente.net\/home\/wp-content\/uploads\/2019\/01\/50286159_2008515749246582_6887065709373816832_n-1.jpg\" alt=\"\" width=\"550\" height=\"481\" \/><\/a><figcaption id=\"caption-attachment-55703\" class=\"wp-caption-text\">Paco Ignacio Taibo II<\/figcaption><\/figure>\n<p class=\"Cuerpo\"><span lang=\"ES-TRAD\">De acuerdo con Taibo, se est\u00e1 produciendo una transformaci\u00f3n interna en el Fondo con la idea de unificar en el corto plazo, dentro del Fondo de Cultura, Educal y la Direcci\u00f3n General de Publicaciones en una red de 120 o m\u00e1s librer\u00edas unificadas bajo el sello Fondo Educal.<\/span><\/p>\n<p class=\"Cuerpo\"><span lang=\"ES-TRAD\">\u201cVamos a preservar lo mejor de las tradiciones del FCE. Hay ciertas colecciones que ganaron su derecho a ser vanguardia desde hace mucho, mucho tiempo. Me refiero a la colecci\u00f3n que fue naranja en su d\u00eda, de Econom\u00eda, la colecci\u00f3n negra, los Breviarios, la Colecci\u00f3n Popular\u201d.<\/span><\/p>\n<p class=\"Cuerpo\"><span lang=\"ES-TRAD\">En ese sentido, Taibo asegur\u00f3 que se est\u00e1 abri\u00e9ndose ya una potente alianza con las grandes editoriales privadas mexicanas para bajar los precios de los libros. \u201cSi quiero leer a Grossman, tengo que pagar $450 porque viene importado de una editorial espa\u00f1ola a precio de euros. La negociaci\u00f3n es muy sencilla: lo coeditamos, y en pesos mexicanos, a la tercera o cuarta parte del precio original\u201d.<\/span><\/p>\n<p class=\"Cuerpo\"><span lang=\"ES-TRAD\">Se volver\u00e1 a introducir la literatura en la colecci\u00f3n popular y se dejar\u00e1 la edici\u00f3n de libros acad\u00e9micos especializados para coediciones con instituciones como CONACYT y las universidades. Las obras completas se publicar\u00e1n en formato digital. Y habr\u00e1 una nueva colecci\u00f3n, llamada Vientos de Pueblo, inspirada en la legendaria Cuadernos mexicanos, estar\u00e1 dirigida por Luis Arturo Salmer\u00f3n.<\/span><\/p>\n<p class=\"Cuerpo\"><span lang=\"ES-TRAD\">\u201cVa a ser una colecci\u00f3n de folletos de 12, 24, 36, 48 p\u00e1ginas ilustrados, con grapas, y libros de 70 p\u00e1ginas, destinada a p\u00fablicos muy populares (\u2026) Tenemos que empezar a crear redes paralelas de distribuci\u00f3n. Pensar que la librer\u00eda comercial y las redes de librer\u00edas del FCE son suficientes, no es cierto. Tenemos que llegar a las ferias del libro, a la calle, al tianguis de libro\u201d.<\/span><\/p>\n<p class=\"Cuerpo\"><span lang=\"ES-TRAD\">Sobre la duda de la desaparici\u00f3n del Fondo Editorial Tierra Adentro, el gerente asegur\u00f3 que no, para nada. \u201cLa vamos a potenciar. Lo que no puedes hacer en Tierra Adentro es editar a un escritor joven en una edici\u00f3n de mil ejemplares y luego no distribuirlo\u201d.<\/span><\/p>\n<p class=\"Cuerpo\"><span lang=\"ES-TRAD\">El autor de\u00a0<span class=\"Ninguno\"><i>Patria<\/i><\/span>\u00a0tambi\u00e9n afirm\u00f3 que no se destruir\u00e1n los quiz\u00e1 cinco millones de libros que se encuentran en las bodegas del Fondo y de Educal, sino que todos se distribuir\u00e1n. Tambi\u00e9n aclar\u00f3 que no habr\u00e1 despidos masivos ni cierre de librer\u00edas, pero dijo que habr\u00e1 revisi\u00f3n de las sedes del FCE en el extranjero, ya que las de Venezuela y Brasil permanecen cerradas, y otras han registrado p\u00e9rdidas econ\u00f3micas muy importantes. Asimismo, el salario del propio Taibo ser\u00e1 reducido dr\u00e1sticamente.<\/span><\/p>\n<p class=\"Cuerpo\"><span lang=\"ES-TRAD\">Entre otras medidas de austeridad se encuentra la reducci\u00f3n a un solo stand de Educal, FCE y Direcci\u00f3n General de Publicaciones de la Secretar\u00eda de Cultura en la Feria del Libro del Palacio de Miner\u00eda; y el Librob\u00fas llevar\u00e1 libros de la DGP, no solo del Fondo.<\/span><\/p>\n<p class=\"Cuerpo\"><span lang=\"ES-TRAD\">\u201cSoy Plural, soy espartano, soy franciscano. Y lo voy a seguir siendo. Y no renuncio a la calle. Por lo tanto, todos los d\u00edas en mi oficina habr\u00e1 un letrero que diga \u201cPaco est\u00e1 en.\u2026\u201d<\/span><\/p>\n<p class=\"Cuerpo\"><span lang=\"ES-TRAD\">Al final de la conferencia de prensa, Taibo llev\u00f3 a la prensa al piso S\u00e9ptimo, en donde se localizan las oficinas de la direcci\u00f3n de la instituci\u00f3n y donde, hasta hoy, nadie que no estuviera autorizado por el director general, pod\u00eda acceder. El escritor dijo que el Fondo ser\u00e1 parte del Plan Nacional de Lectura que dar\u00e1 a conocer pr\u00f3ximamente el presidente Andr\u00e9s Manuel L\u00f3pez Obrador.<\/span><\/p>\n\n\t\t\t  <div \n\t\t\t  \tclass = \"fb-comments\" \n\t\t\t  \tdata-href = \"http:\/\/www.eloriente.net\/home\/2019\/01\/22\/paco-ignacio-taibo-ii-da-a-conocer-algunas-lineas-de-trabajo-para-el-fce\/\"\n\t\t\t  \tdata-numposts = \"10\"\n\t\t\t\tdata-colorscheme = \"dark\"\n\t\t\t\tdata-order-by = \"social\"\n\t\t\t\tdata-mobile=true>\n\t\t\t  <\/div>\n\t\t  <style>\n\t\t\t.fb_iframe_widget_fluid_desktop iframe {\n\t\t\t    width: 100% !important;\n\t\t\t}\n\t\t  <\/style>\n\t\t  ","protected":false},"excerpt":{"rendered":"<p>El funcionario aclar\u00f3 que no habr\u00e1 despidos masivos ni cierre de librer\u00edas, pero dijo que habr\u00e1 revisi\u00f3n de las sedes en el extranjero (www.eloriente.net, M\u00e9xico, 22 de enero de 2019, por N22\/Irma Gallo). \u2013 En consonancia con estos nuevos vientos, a Paco Ignacio Taibo II no le importa que su cargo oficial sea el de [&hellip;]<\/p>\n","protected":false},"author":48,"featured_media":55703,"comment_status":"open","ping_status":"open","sticky":false,"template":"","format":"standard","meta":{"_jetpack_memberships_contains_paid_content":false,"footnotes":""},"categories":[18,3153,10,21,31],"tags":[1858,6521,4278,9718],"class_list":["post-55702","post","type-post","status-publish","format-standard","has-post-thumbnail","hentry","category-educacion-y-cultura","category-letras-educacion-y-cultura","category-lo-mas-reciente","category-politica-y-gobierno","category-principal","tag-fce","tag-fondo-de-cultura-economica","tag-gobierno-de-mexico","tag-paco-ignacio-taibo-ii"],"jetpack_featured_media_url":"http:\/\/www.eloriente.net\/home\/wp-content\/uploads\/2019\/01\/50286159_2008515749246582_6887065709373816832_n-1-e1548217159114.jpg","jetpack_sharing_enabled":true,"_links":{"self":[{"href":"http:\/\/www.eloriente.net\/home\/wp-json\/wp\/v2\/posts\/55702"}],"collection":[{"href":"http:\/\/www.eloriente.net\/home\/wp-json\/wp\/v2\/posts"}],"about":[{"href":"http:\/\/www.eloriente.net\/home\/wp-json\/wp\/v2\/types\/post"}],"author":[{"embeddable":true,"href":"http:\/\/www.eloriente.net\/home\/wp-json\/wp\/v2\/users\/48"}],"replies":[{"embeddable":true,"href":"http:\/\/www.eloriente.net\/home\/wp-json\/wp\/v2\/comments?post=55702"}],"version-history":[{"count":1,"href":"http:\/\/www.eloriente.net\/home\/wp-json\/wp\/v2\/posts\/55702\/revisions"}],"predecessor-version":[{"id":55704,"href":"http:\/\/www.eloriente.net\/home\/wp-json\/wp\/v2\/posts\/55702\/revisions\/55704"}],"wp:featuredmedia":[{"embeddable":true,"href":"http:\/\/www.eloriente.net\/home\/wp-json\/wp\/v2\/media\/55703"}],"wp:attachment":[{"href":"http:\/\/www.eloriente.net\/home\/wp-json\/wp\/v2\/media?parent=55702"}],"wp:term":[{"taxonomy":"category","embeddable":true,"href":"http:\/\/www.eloriente.net\/home\/wp-json\/wp\/v2\/categories?post=55702"},{"taxonomy":"post_tag","embeddable":true,"href":"http:\/\/www.eloriente.net\/home\/wp-json\/wp\/v2\/tags?post=55702"}],"curies":[{"name":"wp","href":"https:\/\/api.w.org\/{rel}","templated":true}]}}