{"id":55922,"date":"2019-02-11T10:14:21","date_gmt":"2019-02-11T16:14:21","guid":{"rendered":"http:\/\/www.eloriente.net\/home\/?p=55922"},"modified":"2019-02-11T10:14:21","modified_gmt":"2019-02-11T16:14:21","slug":"rector-uabjo-retoma-a-lopez-obrador-a-barrer-corrupcion-como-las-escaleras","status":"publish","type":"post","link":"http:\/\/www.eloriente.net\/home\/2019\/02\/11\/rector-uabjo-retoma-a-lopez-obrador-a-barrer-corrupcion-como-las-escaleras\/","title":{"rendered":"Rector UABJO retoma a L\u00f3pez Obrador:  a barrer corrupci\u00f3n como las escaleras"},"content":{"rendered":"<p>eloriente.net\/UABJO<\/p>\n<p>11 de febrero de 2018<\/p>\n<ul>\n<li><em>En el an\u00e1lisis de reforma a los art\u00edculos 3\u00ba, 31 y 73 de la Constituci\u00f3n federal, propuestos por el presidente L\u00f3pez Obrador, el rector Eduardo Bautista insiste en establecer una pol\u00edtica integral de educaci\u00f3n superior<\/em><\/li>\n<li><em>La crisis en las Universidades es resultado de d\u00e9cadas de una pol\u00edtica fallida de educaci\u00f3n superior que permiti\u00f3 el crecimiento sin regulaci\u00f3n de plantillas ni reconocimiento de las prestaciones laborales, sostiene<\/em><\/li>\n<\/ul>\n<p><strong>PALACIO LEGISLATIVO DE SAN L\u00c1ZARO, Ciudad de M\u00e9xico, febrero 10 de 2019.-<\/strong> Desde la sede del Congreso federal, el rector de la Universidad Aut\u00f3noma \u201cBenito Ju\u00e1rez\u201d de Oaxaca (UABJO), Dr. Eduardo Bautista Mart\u00ednez, llam\u00f3 a retomar la consigna del presidente Andr\u00e9s Manuel L\u00f3pez Obrador de \u201cbarrer de arriba para abajo\u201d y llevar la escoba hacia todos lados y sacudir en las Universidades P\u00fablicas Estatales (UPE\u00b4s) los recovecos del conjunto de relaciones institucionales donde existen vicios persistentes.<\/p>\n<p>En la audiencia p\u00fablica sobre educaci\u00f3n superior, realizada el s\u00e1bado 9 de febrero en el sal\u00f3n \u201cLegisladores de la Rep\u00fablica\u201d, ante las diputadas federales Adela Pi\u00f1a Bernal, presidenta de la Comisi\u00f3n de Educaci\u00f3n, y Miroslava Carrillo Mart\u00ednez, presidenta de la Comisi\u00f3n de Puntos Constitucionales, adem\u00e1s del Dr. Luciano Concheiro B\u00f3rquez, subsecretario de Educaci\u00f3n Superior de la SEP, el rector Bautista dijo que en varias universidades p\u00fablicas \u201cobservamos con optimismo este prop\u00f3sito\u201d.<\/p>\n<p>Incluso, dijo, ya tiene un dispositivo de arranque que es la plataforma de transparencia y rendici\u00f3n de cuentas, entre las que participan en primera instancia el grupo de nueve instituciones, incluida la UABJO, que resienten en mayor medida los problemas de car\u00e1cter estructural y que han tenido dificultades para el cierre de sus ejercicios presupuestales.<\/p>\n<p>Presentes tambi\u00e9n el Dr. Jaime Walls Sponda, secretario general ejecutivo de la Asociaci\u00f3n Nacional de Universidades e Instituciones de Educaci\u00f3n Superior (ANUIES), y Leonardo German Gandarilla, presidente de la Asociaci\u00f3n Nacional de Universidades Polit\u00e9cnicas, entre 30 ponentes que participaron en el an\u00e1lisis de reforma a los art\u00edculos 3\u00ba, 31 y 73 de la Constituci\u00f3n federal propuestos por el presidente L\u00f3pez Obrador, el Rector de nuestra M\u00e1xima Casa de Estudios insisti\u00f3 en la necesidad de establecer una pol\u00edtica integral de educaci\u00f3n superior.<\/p>\n<p><script async src=\"\/\/\"><\/script><br \/>\n<ins class=\"adsbygoogle\" style=\"display: block; text-align: center;\" data-ad-layout=\"in-article\" data-ad-format=\"fluid\" data-ad-client=\"ca-pub-1136171134853753\" data-ad-slot=\"8578966557\"><\/ins><br \/>\n<script>\n     (adsbygoogle = window.adsbygoogle || []).push({});\n<\/script><\/p>\n<p>\u201cBienvenida la transparencia, as\u00ed como la necesaria y urgente coordinaci\u00f3n entre Federaci\u00f3n, estados y universidades en el marco de una armonizaci\u00f3n de leyes que tutelen los derechos de las y los trabajadores, as\u00ed como la disciplina financiera y, sobre todo, la parte sustantiva que es el derecho a la educaci\u00f3n\u201d, puntualiz\u00f3.<\/p>\n<p>Advirti\u00f3 tambi\u00e9n que \u201cen este momento los eslabones m\u00e1s fr\u00e1giles para la inestabilidad son de car\u00e1cter laboral, como el envejecimiento de las plantillas de trabajadores y las exigencias leg\u00edtimas de jubilaciones de quienes dedicaron su vida a las universidades, adem\u00e1s de las presiones econ\u00f3micas de quienes demandan sus justos derechos\u201d.<\/p>\n<p>El Rector de la UABJO reconoci\u00f3 igualmente que la crisis en las UPE\u00b4s \u201ces resultado de d\u00e9cadas de una pol\u00edtica fallida de educaci\u00f3n superior que permiti\u00f3 el crecimiento sin regulaci\u00f3n de plantillas ni reconocimiento de las prestaciones laborales que las universidades han pactado con sus sindicatos, y el costo creciente de los sistemas de pensiones y jubilaciones, al igual que la falta de una ley de educaci\u00f3n superior que armonice el derecho a la educaci\u00f3n, derechos de trabajadores y cumplimiento de la ley de disciplina financiera\u201d.<\/p>\n<p>Se\u00f1al\u00f3 que \u201clas prestaciones no reconocidas son producto de concesiones de control pol\u00edtico y tambi\u00e9n de luchas leg\u00edtimas\u201d, pero el problema incide en la inestabilidad de las universidades y eso afecta el derecho a la educaci\u00f3n porque estallan huelgas, como ocurre ahora con el movimiento que realiza el Sindicato de Trabajadores y Empleados (STEUABJO).<\/p>\n<p>El rector Bautista reconoci\u00f3 que \u201cel problema es complejo, con ingredientes de contraposici\u00f3n normativa que colocan a los rectores como potenciales delincuentes por incurrir en \u2018desviaci\u00f3n de recursos\u2019 o \u2018por violaciones a los contratos colectivos\u2019 que derivan en protestas, cierre de instalaciones por causas laborales y, en consecuencia, \u2018por atentar contra el derecho a la educaci\u00f3n del alumnado\u2019 \u201d.<\/p>\n<p>Alert\u00f3, sin embargo, que en las administraciones universitarias se observa una tendencia a resolver conflictos laborales y pol\u00edticos y hacer que el presupuesto alcance, pero no en hacer valer el derecho a la educaci\u00f3n con calidad y equidad.<\/p>\n<p>Reconoci\u00f3 que la coyuntura de las UPE\u00b4s es dif\u00edcil, pero sostuvo que \u201chay expectativas alentadoras para que se imponga la prudencia y el \u00e1nimo constructivo entre los distintos actores para reivindicar entre todos el papel de las universidades, la sostenibilidad econ\u00f3mica de las mismas y sus grandes aportes al desarrollo de cada entidad federativa y de la naci\u00f3n en su conjunto\u201d.<\/p>\n<p><a href=\"http:\/\/www.eloriente.net\/home\/wp-content\/uploads\/2019\/02\/10-Rector-Congreso4-e1549901468219.jpeg\"><img loading=\"lazy\" decoding=\"async\" class=\"alignnone wp-image-55923\" src=\"http:\/\/www.eloriente.net\/home\/wp-content\/uploads\/2019\/02\/10-Rector-Congreso4-e1549901468219-1024x404.jpeg\" alt=\"\" width=\"450\" height=\"178\" srcset=\"http:\/\/www.eloriente.net\/home\/wp-content\/uploads\/2019\/02\/10-Rector-Congreso4-e1549901468219-1024x404.jpeg 1024w, http:\/\/www.eloriente.net\/home\/wp-content\/uploads\/2019\/02\/10-Rector-Congreso4-e1549901468219-300x118.jpeg 300w, http:\/\/www.eloriente.net\/home\/wp-content\/uploads\/2019\/02\/10-Rector-Congreso4-e1549901468219-768x303.jpeg 768w, http:\/\/www.eloriente.net\/home\/wp-content\/uploads\/2019\/02\/10-Rector-Congreso4-e1549901468219.jpeg 1238w\" sizes=\"(max-width: 450px) 100vw, 450px\" \/><\/a><\/p>\n<h6>Imagen: Rector Bautista en C\u00e1mara de Diputados<\/h6>\n<p><script async src=\"\/\/\"><\/script><br \/>\n<ins class=\"adsbygoogle\" style=\"display: block;\" data-ad-format=\"autorelaxed\" data-ad-client=\"ca-pub-1136171134853753\" data-ad-slot=\"4595267748\"><\/ins><br \/>\n<script>\n     (adsbygoogle = window.adsbygoogle || []).push({});\n<\/script><\/p>\n\n\t\t\t  <div \n\t\t\t  \tclass = \"fb-comments\" \n\t\t\t  \tdata-href = \"http:\/\/www.eloriente.net\/home\/2019\/02\/11\/rector-uabjo-retoma-a-lopez-obrador-a-barrer-corrupcion-como-las-escaleras\/\"\n\t\t\t  \tdata-numposts = \"10\"\n\t\t\t\tdata-colorscheme = \"dark\"\n\t\t\t\tdata-order-by = \"social\"\n\t\t\t\tdata-mobile=true>\n\t\t\t  <\/div>\n\t\t  <style>\n\t\t\t.fb_iframe_widget_fluid_desktop iframe {\n\t\t\t    width: 100% !important;\n\t\t\t}\n\t\t  <\/style>\n\t\t  ","protected":false},"excerpt":{"rendered":"<p>eloriente.net\/UABJO 11 de febrero de 2018 En el an\u00e1lisis de reforma a los art\u00edculos 3\u00ba, 31 y 73 de la Constituci\u00f3n federal, propuestos por el presidente L\u00f3pez Obrador, el rector Eduardo Bautista insiste en establecer una pol\u00edtica integral de educaci\u00f3n superior La crisis en las Universidades es resultado de d\u00e9cadas de una pol\u00edtica fallida de [&hellip;]<\/p>\n","protected":false},"author":1,"featured_media":55923,"comment_status":"open","ping_status":"open","sticky":false,"template":"","format":"standard","meta":{"_jetpack_memberships_contains_paid_content":false,"footnotes":""},"categories":[18,32,63,464,8677,84],"tags":[8941,10144,182,10145],"class_list":["post-55922","post","type-post","status-publish","format-standard","has-post-thumbnail","hentry","category-educacion-y-cultura","category-entradas","category-estados","category-oaxaca-estados","category-uabjo","category-universidades","tag-eduardo-bautista","tag-oaxaca-universidad","tag-uabjo","tag-universidades-publicas"],"jetpack_featured_media_url":"http:\/\/www.eloriente.net\/home\/wp-content\/uploads\/2019\/02\/10-Rector-Congreso4-e1549901468219.jpeg","jetpack_sharing_enabled":true,"_links":{"self":[{"href":"http:\/\/www.eloriente.net\/home\/wp-json\/wp\/v2\/posts\/55922"}],"collection":[{"href":"http:\/\/www.eloriente.net\/home\/wp-json\/wp\/v2\/posts"}],"about":[{"href":"http:\/\/www.eloriente.net\/home\/wp-json\/wp\/v2\/types\/post"}],"author":[{"embeddable":true,"href":"http:\/\/www.eloriente.net\/home\/wp-json\/wp\/v2\/users\/1"}],"replies":[{"embeddable":true,"href":"http:\/\/www.eloriente.net\/home\/wp-json\/wp\/v2\/comments?post=55922"}],"version-history":[{"count":1,"href":"http:\/\/www.eloriente.net\/home\/wp-json\/wp\/v2\/posts\/55922\/revisions"}],"predecessor-version":[{"id":55924,"href":"http:\/\/www.eloriente.net\/home\/wp-json\/wp\/v2\/posts\/55922\/revisions\/55924"}],"wp:featuredmedia":[{"embeddable":true,"href":"http:\/\/www.eloriente.net\/home\/wp-json\/wp\/v2\/media\/55923"}],"wp:attachment":[{"href":"http:\/\/www.eloriente.net\/home\/wp-json\/wp\/v2\/media?parent=55922"}],"wp:term":[{"taxonomy":"category","embeddable":true,"href":"http:\/\/www.eloriente.net\/home\/wp-json\/wp\/v2\/categories?post=55922"},{"taxonomy":"post_tag","embeddable":true,"href":"http:\/\/www.eloriente.net\/home\/wp-json\/wp\/v2\/tags?post=55922"}],"curies":[{"name":"wp","href":"https:\/\/api.w.org\/{rel}","templated":true}]}}