{"id":55946,"date":"2019-02-13T14:37:15","date_gmt":"2019-02-13T20:37:15","guid":{"rendered":"http:\/\/www.eloriente.net\/home\/?p=55946"},"modified":"2019-02-13T14:38:16","modified_gmt":"2019-02-13T20:38:16","slug":"regresa-ambulante-en-forma-de-documentales","status":"publish","type":"post","link":"http:\/\/www.eloriente.net\/home\/2019\/02\/13\/regresa-ambulante-en-forma-de-documentales\/","title":{"rendered":"Regresa Ambulante, en forma de documentales"},"content":{"rendered":"<p style=\"text-align: right;\"><em>El proyecto tambi\u00e9n cuenta con una selecci\u00f3n especial para ni\u00f1os llamada Ambulantito<\/em><\/p>\n<p>(www.eloriente.net, M\u00e9xico, 13 de febrero de 2019, por <a href=\"http:\/\/noticias.canal22.org.mx\">N22<\/a>\/ Redacci\u00f3n). \u2013 La Gira de documentales Ambulante est\u00e1 de regreso y presentar\u00e1 78 filmes en ocho estados. La inauguraci\u00f3n ser\u00e1 en Veracruz del 21 al 28 de febrero.<\/p>\n<p>Entre las piezas que se presentar\u00e1 est\u00e1n\u00a0<em>Am\u00e9rica,<\/em>\u00a0en el que tres hermanos cirqueros cuidan a su abuela;\u00a0<em>Casandro, El ex\u00f3tico<\/em>\u00a0sobre el luchador queer;\u00a0<em>El hombre del bolsillo<\/em>, un hombre min\u00fasculo ayuda a un ciego a caminar por las calles con un improvisado tromb\u00f3n;\u00a0<em>Escalada libre\u00a0<\/em>sobre el alpinista Alex Honnold se prepara para escalar El Capit\u00e1n, sin cuerdas; \u00a0<em>Machos<\/em>\u00a0que habla de la nueva masculinidad; y\u00a0<em>T\u00edo Yim<\/em>\u00a0sobre la vida de Jaime Mart\u00ednez Luna, cantautor, l\u00edder y pensador zapoteco en la regi\u00f3n de la Sierra de Ju\u00e1rez.<\/p>\n<p><script src=\"\/\/pagead2googlesyndication.com\/pagead\/js\/adsbygoogle.js\" async=\"\"><\/script><!-- BANNER ELORIENTE INCRUSTADO NOTAS --> <ins class=\"adsbygoogle\" style=\"display: inline-block; width: 300px; height: 250px;\" data-ad-client=\"ca-pub-1136171134853753\" data-ad-slot=\"7974633627\"><\/ins><script>\/\/ <![CDATA[ (adsbygoogle = window.adsbygoogle || []).push({}); \/\/ ]]><\/script><\/p>\n<p>Las otras sedes se reparten de la siguiente forma: Quer\u00e9taro (28 de febrero-7 de marzo), Puebla (7 al 14 de marzo), Coahuila (14-21 de marzo), Jalisco (28 de marzo-4 de abril), Chihuahua (4-11 de abril), Oaxaca (11-18 de abril) y Ciudad de M\u00e9xico (30 de abril -16 de mayo).<\/p>\n<p>Adem\u00e1s de la gira, el proyecto trae varias propuestas como dar seguimiento a la reconstrucci\u00f3n de comunidades afectadas por los sismos de 2017 con Levantemos M\u00e9xico, una propuesta para conocer el avance en las comunidades por medio de un acompa\u00f1amiento narrativo audiovisual que recopilar\u00e1 sus voces, testimonios y relatos, y se grabar\u00e1 hasta 2020.<\/p>\n<p><script async src=\"\/\/pagead2.googlesyndication.com\/pagead\/js\/adsbygoogle.js\"><\/script> <ins class=\"adsbygoogle\" style=\"display: block; text-align: center;\" data-ad-layout=\"in-article\" data-ad-format=\"fluid\" data-ad-client=\"ca-pub-1136171134853753\" data-ad-slot=\"7980763077\"><\/ins> <script> (adsbygoogle = window.adsbygoogle || []).push({}); <\/script><\/p>\n<p>Otra es #AmbulanteEnElSenado, un espacio mensual de proyecciones y pl\u00e1ticas para reflexionar de manera conjunta legisladores y sociedad civil. Las proyecciones se acompa\u00f1an por una mesa tem\u00e1tica en la que conversan senadores, realizadores y expertos en el tema que se presente.<\/p>\n<p>La imagen de la edici\u00f3n de este a\u00f1o, dise\u00f1ada por Alejandro Magallanes, basada en el OpArt, que privilegia la composici\u00f3n de fen\u00f3menos \u00f3pticos a partir de l\u00edneas, puntos y figuras geom\u00e9tricas repetidas para crear una sensaci\u00f3n de movimiento.<\/p>\n<p><script async src=\"\/\/pagead2.googlesyndication.com\/pagead\/js\/adsbygoogle.js\"><\/script><br \/>\n<ins class=\"adsbygoogle\" style=\"display: block;\" data-ad-format=\"autorelaxed\" data-ad-client=\"ca-pub-1136171134853753\" data-ad-slot=\"4595267748\"><\/ins><br \/>\n<script>\n\u00a0\u00a0\u00a0\u00a0\u00a0(adsbygoogle\u00a0=\u00a0window.adsbygoogle\u00a0||\u00a0[]).push({});\n<\/script><\/p>\n\n\t\t\t  <div \n\t\t\t  \tclass = \"fb-comments\" \n\t\t\t  \tdata-href = \"http:\/\/www.eloriente.net\/home\/2019\/02\/13\/regresa-ambulante-en-forma-de-documentales\/\"\n\t\t\t  \tdata-numposts = \"10\"\n\t\t\t\tdata-colorscheme = \"dark\"\n\t\t\t\tdata-order-by = \"social\"\n\t\t\t\tdata-mobile=true>\n\t\t\t  <\/div>\n\t\t  <style>\n\t\t\t.fb_iframe_widget_fluid_desktop iframe {\n\t\t\t    width: 100% !important;\n\t\t\t}\n\t\t  <\/style>\n\t\t  ","protected":false},"excerpt":{"rendered":"<p>El proyecto tambi\u00e9n cuenta con una selecci\u00f3n especial para ni\u00f1os llamada Ambulantito (www.eloriente.net, M\u00e9xico, 13 de febrero de 2019, por N22\/ Redacci\u00f3n). \u2013 La Gira de documentales Ambulante est\u00e1 de regreso y presentar\u00e1 78 filmes en ocho estados. La inauguraci\u00f3n ser\u00e1 en Veracruz del 21 al 28 de febrero. Entre las piezas que se presentar\u00e1 [&hellip;]<\/p>\n","protected":false},"author":48,"featured_media":55947,"comment_status":"open","ping_status":"open","sticky":false,"template":"","format":"standard","meta":{"_jetpack_memberships_contains_paid_content":false,"footnotes":""},"categories":[8,6,56,26,10],"tags":[1128,4076,9734],"class_list":["post-55946","post","type-post","status-publish","format-standard","has-post-thumbnail","hentry","category-agenda","category-canal-4-especiales","category-cine","category-convocatorias","category-lo-mas-reciente","tag-ambulante","tag-cine","tag-cine-documental"],"jetpack_featured_media_url":"http:\/\/www.eloriente.net\/home\/wp-content\/uploads\/2019\/02\/imagen_generico_ambulante_2019.png","jetpack_sharing_enabled":true,"_links":{"self":[{"href":"http:\/\/www.eloriente.net\/home\/wp-json\/wp\/v2\/posts\/55946"}],"collection":[{"href":"http:\/\/www.eloriente.net\/home\/wp-json\/wp\/v2\/posts"}],"about":[{"href":"http:\/\/www.eloriente.net\/home\/wp-json\/wp\/v2\/types\/post"}],"author":[{"embeddable":true,"href":"http:\/\/www.eloriente.net\/home\/wp-json\/wp\/v2\/users\/48"}],"replies":[{"embeddable":true,"href":"http:\/\/www.eloriente.net\/home\/wp-json\/wp\/v2\/comments?post=55946"}],"version-history":[{"count":1,"href":"http:\/\/www.eloriente.net\/home\/wp-json\/wp\/v2\/posts\/55946\/revisions"}],"predecessor-version":[{"id":55948,"href":"http:\/\/www.eloriente.net\/home\/wp-json\/wp\/v2\/posts\/55946\/revisions\/55948"}],"wp:featuredmedia":[{"embeddable":true,"href":"http:\/\/www.eloriente.net\/home\/wp-json\/wp\/v2\/media\/55947"}],"wp:attachment":[{"href":"http:\/\/www.eloriente.net\/home\/wp-json\/wp\/v2\/media?parent=55946"}],"wp:term":[{"taxonomy":"category","embeddable":true,"href":"http:\/\/www.eloriente.net\/home\/wp-json\/wp\/v2\/categories?post=55946"},{"taxonomy":"post_tag","embeddable":true,"href":"http:\/\/www.eloriente.net\/home\/wp-json\/wp\/v2\/tags?post=55946"}],"curies":[{"name":"wp","href":"https:\/\/api.w.org\/{rel}","templated":true}]}}