{"id":55949,"date":"2019-02-14T11:12:07","date_gmt":"2019-02-14T17:12:07","guid":{"rendered":"http:\/\/www.eloriente.net\/home\/?p=55949"},"modified":"2019-02-14T11:12:07","modified_gmt":"2019-02-14T17:12:07","slug":"medalla-alvaro-carrillo-reconocimiento-a-impulsores-de-la-cultura-de-oaxaca","status":"publish","type":"post","link":"http:\/\/www.eloriente.net\/home\/2019\/02\/14\/medalla-alvaro-carrillo-reconocimiento-a-impulsores-de-la-cultura-de-oaxaca\/","title":{"rendered":"Medalla \u00c1lvaro Carrillo, reconocimiento a impulsores de la cultura de Oaxaca"},"content":{"rendered":"<p class=\"p1\">(www.eloriente.net, M\u00e9xico, 14 de febrero de 2019, por <a href=\"https:\/\/twitter.com\/LuisOsorio8a\" target=\"_blank\" rel=\"noopener\">Luis Alberto Osorio Ochoa<\/a>).- El orgullo oaxaque\u00f1o es diariamente alimentado por una gran comunidad de promotoras y promotores que dedican su vida al fomento, difusi\u00f3n y desarrollo de la cultura de este bello estado. Para reconocer todo su trabajo, el Congreso del Estado decret\u00f3 en 2014 la instituci\u00f3n de la medalla \u00c1lvaro Carrillo.<\/p>\n<p class=\"p1\">Este 2019, la convocatoria ya fue emitida. Podr\u00e1n ser propuestos, por cualquier persona, como candidatos a obtener este reconocimiento las personas y\/o asociaciones que han contribuido al fomento, difusi\u00f3n y desarrollo de la cultura del estado.<\/p>\n<p><script src=\"\/\/pagead2googlesyndication.com\/pagead\/js\/adsbygoogle.js\" async=\"\"><\/script><!-- BANNER ELORIENTE INCRUSTADO NOTAS --> <ins class=\"adsbygoogle\" style=\"display: inline-block; width: 300px; height: 250px;\" data-ad-client=\"ca-pub-1136171134853753\" data-ad-slot=\"7974633627\"><\/ins><script>\/\/ <![CDATA[ (adsbygoogle = window.adsbygoogle || []).push({}); \/\/ ]]><\/script><\/p>\n<p class=\"p1\">La recepci\u00f3n de las propuestas se har\u00e1 a partir de la fecha de publicaci\u00f3n de la convocatoria hasta el \u00faltimo d\u00eda h\u00e1bil del mes de febrero, en las oficinas de la Presidencia de la Comisi\u00f3n Permanente de Cultura del Congreso del Estado, en un horario de 9:00 a 17:00 horas, de lunes a viernes.<\/p>\n<p class=\"p1\">El jurado calificador estar\u00e1 integrado por las y los diputados de la Comisi\u00f3n Permanente de Cultura y su fallo ser\u00e1 avalado por tres invitados de reconocida trayectoria en materia cultural, en calidad de especialistas.<\/p>\n<p class=\"p1\">El jurado calificador y los especialistas designados, deber\u00e1n tomar en consideraci\u00f3n los aportes y acciones desarrolladas de conservaci\u00f3n, difusi\u00f3n, fomento y desarrollo cultural del Estado de Oaxaca.<\/p>\n<p class=\"p1\">Todos los participantes recibir\u00e1n un reconocimiento por su participaci\u00f3n y desatacada labor a favor de la cultura oaxaque\u00f1a y el primer lugar ser\u00e1 acreedor a la Medalla \u00c1lvaro Carrillo.<\/p>\n<p class=\"p1\">La convocatoria \u00edntegra puede ser <a href=\"https:\/\/docs64.congresooaxaca.gob.mx\/gaceta\/20190206a\/41_8a_cultura.pdf\" target=\"_blank\" rel=\"noopener\">consultada aqu\u00ed<\/a>.<\/p>\n<div class=\"issuuembed\" style=\"width: 500px; height: 324px;\" data-configid=\"5422719\/67770002\"><\/div>\n<p><script type=\"text\/javascript\" src=\"\/\/e.issuu.com\/embed.js\" async=\"true\"><\/script><\/p>\n<p>&nbsp;<\/p>\n<blockquote class=\"twitter-tweet\" data-lang=\"es\">\n<p dir=\"ltr\" lang=\"es\">\u00bfQui\u00e9n podr\u00eda obtener la medalla? Se nos vienen varios nombres.<br \/>\nSi a ti tambi\u00e9n, an\u00f3talo en respuesta.<a href=\"https:\/\/t.co\/tZp4oYVLgA\">https:\/\/t.co\/tZp4oYVLgA<\/a> <a href=\"https:\/\/twitter.com\/CongresoOaxLXIV?ref_src=twsrc%5Etfw\">@CongresoOaxLXIV<\/a> <a href=\"https:\/\/twitter.com\/JPVmx?ref_src=twsrc%5Etfw\">@JPVmx<\/a> <a href=\"https:\/\/twitter.com\/sabor_ami?ref_src=twsrc%5Etfw\">@sabor_ami<\/a> <a href=\"https:\/\/twitter.com\/hashtag\/Oaxaca?src=hash&amp;ref_src=twsrc%5Etfw\">#Oaxaca<\/a> <a href=\"https:\/\/t.co\/TYJLNANnEa\">pic.twitter.com\/TYJLNANnEa<\/a><\/p>\n<p>\u2014 El Oriente (@El_Oriente) <a href=\"https:\/\/twitter.com\/El_Oriente\/status\/1095810399398776833?ref_src=twsrc%5Etfw\">13 de febrero de 2019<\/a><\/p><\/blockquote>\n<p><script async src=\"https:\/\/platform.twitter.com\/widgets.js\" charset=\"utf-8\"><\/script><script async src=\"\/\/pagead2.googlesyndication.com\/pagead\/js\/adsbygoogle.js\"><\/script><br \/>\n<ins class=\"adsbygoogle\" style=\"display: block;\" data-ad-format=\"autorelaxed\" data-ad-client=\"ca-pub-1136171134853753\" data-ad-slot=\"4595267748\"><\/ins><br \/>\n<script>\n     (adsbygoogle = window.adsbygoogle || []).push({});\n<\/script><\/p>\n\n\t\t\t  <div \n\t\t\t  \tclass = \"fb-comments\" \n\t\t\t  \tdata-href = \"http:\/\/www.eloriente.net\/home\/2019\/02\/14\/medalla-alvaro-carrillo-reconocimiento-a-impulsores-de-la-cultura-de-oaxaca\/\"\n\t\t\t  \tdata-numposts = \"10\"\n\t\t\t\tdata-colorscheme = \"dark\"\n\t\t\t\tdata-order-by = \"social\"\n\t\t\t\tdata-mobile=true>\n\t\t\t  <\/div>\n\t\t  <style>\n\t\t\t.fb_iframe_widget_fluid_desktop iframe {\n\t\t\t    width: 100% !important;\n\t\t\t}\n\t\t  <\/style>\n\t\t  ","protected":false},"excerpt":{"rendered":"<p>(www.eloriente.net, M\u00e9xico, 14 de febrero de 2019, por Luis Alberto Osorio Ochoa).- El orgullo oaxaque\u00f1o es diariamente alimentado por una gran comunidad de promotoras y promotores que dedican su vida al fomento, difusi\u00f3n y desarrollo de la cultura de este bello estado. Para reconocer todo su trabajo, el Congreso del Estado decret\u00f3 en 2014 la [&hellip;]<\/p>\n","protected":false},"author":48,"featured_media":55950,"comment_status":"open","ping_status":"open","sticky":false,"template":"","format":"standard","meta":{"_jetpack_memberships_contains_paid_content":false,"footnotes":""},"categories":[6,26,18,464,31,12],"tags":[2299,241,5482,73,10161],"class_list":["post-55949","post","type-post","status-publish","format-standard","has-post-thumbnail","hentry","category-canal-4-especiales","category-convocatorias","category-educacion-y-cultura","category-oaxaca-estados","category-principal","category-todo-oaxaca-radio","tag-alvaro-carrillo","tag-cultura","tag-medalla-alvaro-carrillo","tag-oaxaca","tag-promotores-culturales"],"jetpack_featured_media_url":"http:\/\/www.eloriente.net\/home\/wp-content\/uploads\/2019\/02\/Alvaro-carrillo.jpg","jetpack_sharing_enabled":true,"_links":{"self":[{"href":"http:\/\/www.eloriente.net\/home\/wp-json\/wp\/v2\/posts\/55949"}],"collection":[{"href":"http:\/\/www.eloriente.net\/home\/wp-json\/wp\/v2\/posts"}],"about":[{"href":"http:\/\/www.eloriente.net\/home\/wp-json\/wp\/v2\/types\/post"}],"author":[{"embeddable":true,"href":"http:\/\/www.eloriente.net\/home\/wp-json\/wp\/v2\/users\/48"}],"replies":[{"embeddable":true,"href":"http:\/\/www.eloriente.net\/home\/wp-json\/wp\/v2\/comments?post=55949"}],"version-history":[{"count":1,"href":"http:\/\/www.eloriente.net\/home\/wp-json\/wp\/v2\/posts\/55949\/revisions"}],"predecessor-version":[{"id":55951,"href":"http:\/\/www.eloriente.net\/home\/wp-json\/wp\/v2\/posts\/55949\/revisions\/55951"}],"wp:featuredmedia":[{"embeddable":true,"href":"http:\/\/www.eloriente.net\/home\/wp-json\/wp\/v2\/media\/55950"}],"wp:attachment":[{"href":"http:\/\/www.eloriente.net\/home\/wp-json\/wp\/v2\/media?parent=55949"}],"wp:term":[{"taxonomy":"category","embeddable":true,"href":"http:\/\/www.eloriente.net\/home\/wp-json\/wp\/v2\/categories?post=55949"},{"taxonomy":"post_tag","embeddable":true,"href":"http:\/\/www.eloriente.net\/home\/wp-json\/wp\/v2\/tags?post=55949"}],"curies":[{"name":"wp","href":"https:\/\/api.w.org\/{rel}","templated":true}]}}