{"id":56148,"date":"2019-03-05T23:00:46","date_gmt":"2019-03-06T05:00:46","guid":{"rendered":"http:\/\/www.eloriente.net\/home\/?p=56148"},"modified":"2019-03-05T23:00:46","modified_gmt":"2019-03-06T05:00:46","slug":"descubren-un-tesoro-cientifico-maya-en-la-peninsula-de-yucatan","status":"publish","type":"post","link":"http:\/\/www.eloriente.net\/home\/2019\/03\/05\/descubren-un-tesoro-cientifico-maya-en-la-peninsula-de-yucatan\/","title":{"rendered":"Descubren un &#8216;tesoro cient\u00edfico&#8217; maya en la Pen\u00ednsula de Yucat\u00e1n"},"content":{"rendered":"<div class=\"intro\" style=\"text-align: right;\"><em>Arque\u00f3logos mexicanos descubrieron una cueva con cientos de reliquias que podr\u00edan develar los misterios de la fascinante ciudad y centro ceremonial maya de Chich\u00e9n Itz\u00e1, en la Pen\u00ednsula de Yucat\u00e1n.<\/em><\/div>\n<div>\n<p>(www.eloriente.net, M\u00e9xico, 5 de marzo de 2019, por<a href=\"http:\/\/es.rfi.fr\" target=\"_blank\" rel=\"noopener\"> RFI<\/a>).- En el \u00abespacio m\u00edstico\u00bb denominado Balamk\u00fa y considerado como un \u00abtesoro cient\u00edfico\u00bb, se encontraron siete ofrendas constituidas por incensarios de cer\u00e1mica tipo Tl\u00e1loc (con rasgos similares a la imagen del dios de la lluvia en la cosmovisi\u00f3n maya) adem\u00e1s de cientos de otros objetos.<\/p>\n<p>Cuando descubran las fechas de elaboraci\u00f3n de esos artefactos, los arque\u00f3logos conf\u00edan en que podr\u00e1n definir qui\u00e9nes eran y de d\u00f3nde llegaron los itzaes, habitantes de la antigua ciudad Chich\u00e9n Itz\u00e1 donde se ubica Balamk\u00fa, en la regi\u00f3n de Yucat\u00e1n.<\/p>\n<figure id=\"attachment_56151\" aria-describedby=\"caption-attachment-56151\" style=\"width: 550px\" class=\"wp-caption alignnone\"><a href=\"http:\/\/www.eloriente.net\/home\/wp-content\/uploads\/2019\/03\/interior_cueva_balamku_foto_karla_ortega_proyecto_gran_acuifero_maya_ppal.jpg\"><img loading=\"lazy\" decoding=\"async\" class=\" wp-image-56151\" src=\"http:\/\/www.eloriente.net\/home\/wp-content\/uploads\/2019\/03\/interior_cueva_balamku_foto_karla_ortega_proyecto_gran_acuifero_maya_ppal-1024x578.jpg\" alt=\"\" width=\"550\" height=\"310\" srcset=\"http:\/\/www.eloriente.net\/home\/wp-content\/uploads\/2019\/03\/interior_cueva_balamku_foto_karla_ortega_proyecto_gran_acuifero_maya_ppal.jpg 1024w, http:\/\/www.eloriente.net\/home\/wp-content\/uploads\/2019\/03\/interior_cueva_balamku_foto_karla_ortega_proyecto_gran_acuifero_maya_ppal-300x169.jpg 300w, http:\/\/www.eloriente.net\/home\/wp-content\/uploads\/2019\/03\/interior_cueva_balamku_foto_karla_ortega_proyecto_gran_acuifero_maya_ppal-768x434.jpg 768w\" sizes=\"(max-width: 550px) 100vw, 550px\" \/><\/a><figcaption id=\"caption-attachment-56151\" class=\"wp-caption-text\">La caverna hab\u00eda sido descubierta hace m\u00e1s de 50 a\u00f1os por lugare\u00f1os. \u00a9Karla Ortega, Proyecto Gran Acui\u0301fero Maya\/INAH<\/figcaption><\/figure>\n<p><script src=\"\/\/pagead2googlesyndication.com\/pagead\/js\/adsbygoogle.js\" async=\"\"><\/script><!-- BANNER ELORIENTE INCRUSTADO NOTAS --> <ins class=\"adsbygoogle\" style=\"display: inline-block; width: 300px; height: 250px;\" data-ad-client=\"ca-pub-1136171134853753\" data-ad-slot=\"7974633627\"><\/ins><script>\/\/ <![CDATA[ (adsbygoogle = window.adsbygoogle || []).push({}); \/\/ ]]><\/script><\/p>\n<p><strong>Una historia sorprendente<\/strong><\/p>\n<p>La caverna, situada a dos kil\u00f3metros del Templo de Kukulc\u00e1n (conocido como \u00abEl Castillo\u00bb), hab\u00eda sido descubierta hace m\u00e1s de 50 a\u00f1os por unos lugare\u00f1os que dieron aviso al Instituto Nacional de Antropolog\u00eda e Historia (INAH).<\/p>\n<p>Sin embargo, un investigador enviado por el INAH decidi\u00f3 tapiar con piedras la entrada por razones desconocidas y s\u00f3lo hizo un escueto reporte t\u00e9cnico en el que no indicaba su ubicaci\u00f3n.<\/p>\n<p>El arque\u00f3logo Guillermo de Anda, quien trabaja desde hace tres a\u00f1os en el proyecto Gran Acu\u00edfero Maya, vio este archivo sin prestarle demasiada atenci\u00f3n. Pero el a\u00f1o pasado, mientras investigaba uno de los cenotes que rodean la Pir\u00e1mide del Templo de Kukulc\u00e1n, dio con la cueva Balamk\u00fa.<\/p>\n<p><script async src=\"\/\/pagead2.googlesyndication.com\/pagead\/js\/adsbygoogle.js\"><\/script> <ins class=\"adsbygoogle\" style=\"display: block; text-align: center;\" data-ad-layout=\"in-article\" data-ad-format=\"fluid\" data-ad-client=\"ca-pub-1136171134853753\" data-ad-slot=\"7980763077\"><\/ins> <script> (adsbygoogle = window.adsbygoogle || []).push({}); <\/script><\/p>\n<p><strong>\u00abEntra\u00f1as de los dioses\u00bb<\/strong><\/p>\n<p>\u00abLo que encontramos ah\u00ed fue incre\u00edble, todo en un contexto no alterado en donde un incensario tipo Tl\u00e1loc forma parte de una estalagmita\u00bb, detall\u00f3 el investigador. Los arque\u00f3logos, que han recorrido hasta ahora unos 460 metros \u00aba gatas o a rastras en trayectos largos\u00bb, seguir\u00e1n explorando la cueva, que est\u00e1 a unos 24 metros de profundidad, y analizando in situ los objetos arqueol\u00f3gicos.<\/p>\n<figure id=\"attachment_56149\" aria-describedby=\"caption-attachment-56149\" style=\"width: 550px\" class=\"wp-caption alignnone\"><a href=\"http:\/\/www.eloriente.net\/home\/wp-content\/uploads\/2019\/03\/interior_cueva_balamku_foto_karla_ortega_proyecto_gran_acuifero_maya.jpg\"><img loading=\"lazy\" decoding=\"async\" class=\" wp-image-56149\" src=\"http:\/\/www.eloriente.net\/home\/wp-content\/uploads\/2019\/03\/interior_cueva_balamku_foto_karla_ortega_proyecto_gran_acuifero_maya.jpg\" alt=\"\" width=\"550\" height=\"310\" srcset=\"http:\/\/www.eloriente.net\/home\/wp-content\/uploads\/2019\/03\/interior_cueva_balamku_foto_karla_ortega_proyecto_gran_acuifero_maya.jpg 600w, http:\/\/www.eloriente.net\/home\/wp-content\/uploads\/2019\/03\/interior_cueva_balamku_foto_karla_ortega_proyecto_gran_acuifero_maya-300x169.jpg 300w\" sizes=\"(max-width: 550px) 100vw, 550px\" \/><\/a><figcaption id=\"caption-attachment-56149\" class=\"wp-caption-text\">\u00a9Karla Ortega, Proyecto Gran Acui\u0301fero Maya\/INAH<\/figcaption><\/figure>\n<p>El equipo de investigadores cree que los objetos encontrados en las ofrendas fueron llevados al sitio donde seguramente cre\u00edan que estaban \u00ablas entra\u00f1as de los dioses\u00bb, para suplicarles, probablemente, \u00abque hubiera agua\u00bb.<\/p>\n<p>Se piensa que los incensarios de mayor tama\u00f1o podr\u00edan corresponder al Cl\u00e1sico Tard\u00edo (a\u00f1os 700-800 de nuestra era) y Cl\u00e1sico Terminal (800-1000 de nuestra era). \u00abNo se descarta la posible presencia de materiales m\u00e1s antiguos, incluidos restos \u00f3seos humanos, debajo de los lodos y sedimentos\u00bb, coment\u00f3 De Anda.<\/p>\n<p><strong>La guardiana de la caverna<\/strong><\/p>\n<p>El arque\u00f3logo cont\u00f3 por otra parte que los mayas que habitan hoy en d\u00eda en la Pen\u00ednsula de Yucat\u00e1n le advirtieron que una venenosa v\u00edbora de coral era la guardiana de la caverna. En efecto, un reptil de esa especie les bloque\u00f3 el acceso durante cuatro d\u00edas.<\/p>\n<figure id=\"attachment_56150\" aria-describedby=\"caption-attachment-56150\" style=\"width: 552px\" class=\"wp-caption alignnone\"><a href=\"http:\/\/www.eloriente.net\/home\/wp-content\/uploads\/2019\/03\/don_marcelino_prepara_la_ofrenda_para_que_los_guardianes_de_la_cueva_balamku_permitan_la_entrada_a_lo_investigadores_foto_karla_ortega_proyecto_gran_acuifero_maya.jpg\"><img loading=\"lazy\" decoding=\"async\" class=\" wp-image-56150\" src=\"http:\/\/www.eloriente.net\/home\/wp-content\/uploads\/2019\/03\/don_marcelino_prepara_la_ofrenda_para_que_los_guardianes_de_la_cueva_balamku_permitan_la_entrada_a_lo_investigadores_foto_karla_ortega_proyecto_gran_acuifero_maya.jpg\" alt=\"\" width=\"552\" height=\"311\" srcset=\"http:\/\/www.eloriente.net\/home\/wp-content\/uploads\/2019\/03\/don_marcelino_prepara_la_ofrenda_para_que_los_guardianes_de_la_cueva_balamku_permitan_la_entrada_a_lo_investigadores_foto_karla_ortega_proyecto_gran_acuifero_maya.jpg 600w, http:\/\/www.eloriente.net\/home\/wp-content\/uploads\/2019\/03\/don_marcelino_prepara_la_ofrenda_para_que_los_guardianes_de_la_cueva_balamku_permitan_la_entrada_a_lo_investigadores_foto_karla_ortega_proyecto_gran_acuifero_maya-300x169.jpg 300w\" sizes=\"(max-width: 552px) 100vw, 552px\" \/><\/a><figcaption id=\"caption-attachment-56150\" class=\"wp-caption-text\">\u00a9Karla Ortega, Proyecto Gran Acui\u0301fero Maya\/INAH<\/figcaption><\/figure>\n<p>Por petici\u00f3n de los lugare\u00f1os, el equipo de investigadores realiz\u00f3 una ceremonia espiritual \u00abde desagravio\u00bb que dur\u00f3 seis horas para evitar cat\u00e1strofes por ingresar en la cueva. El primer arque\u00f3logo que sell\u00f3 la cueva hab\u00eda al parecer hecho el mismo ritual durante dos d\u00edas.<\/p>\n<p>En lengua maya, Balamk\u00fa significa \u00abdios jaguar\u00bb, en alusi\u00f3n al atributo divino que los antiguos mayas asociaron a este animal m\u00edtico que ten\u00eda la capacidad de entrar o salir del inframundo.<\/p>\n<p><iframe loading=\"lazy\" src=\"https:\/\/www.youtube.com\/embed\/W9OUPudZw-I\" width=\"560\" height=\"315\" frameborder=\"0\" allowfullscreen=\"allowfullscreen\" data-mce-fragment=\"1\"><\/iframe><\/p>\n<p><script async src=\"\/\/pagead2.googlesyndication.com\/pagead\/js\/adsbygoogle.js\"><\/script><br \/>\n<ins class=\"adsbygoogle\" style=\"display: block;\" data-ad-format=\"autorelaxed\" data-ad-client=\"ca-pub-1136171134853753\" data-ad-slot=\"4595267748\"><\/ins><br \/>\n<script>\n\u00a0\u00a0\u00a0\u00a0\u00a0(adsbygoogle\u00a0=\u00a0window.adsbygoogle\u00a0||\u00a0[]).push({});\n<\/script><\/p>\n<\/div>\n\n\t\t\t  <div \n\t\t\t  \tclass = \"fb-comments\" \n\t\t\t  \tdata-href = \"http:\/\/www.eloriente.net\/home\/2019\/03\/05\/descubren-un-tesoro-cientifico-maya-en-la-peninsula-de-yucatan\/\"\n\t\t\t  \tdata-numposts = \"10\"\n\t\t\t\tdata-colorscheme = \"dark\"\n\t\t\t\tdata-order-by = \"social\"\n\t\t\t\tdata-mobile=true>\n\t\t\t  <\/div>\n\t\t  <style>\n\t\t\t.fb_iframe_widget_fluid_desktop iframe {\n\t\t\t    width: 100% !important;\n\t\t\t}\n\t\t  <\/style>\n\t\t  ","protected":false},"excerpt":{"rendered":"<p>Arque\u00f3logos mexicanos descubrieron una cueva con cientos de reliquias que podr\u00edan develar los misterios de la fascinante ciudad y centro ceremonial maya de Chich\u00e9n Itz\u00e1, en la Pen\u00ednsula de Yucat\u00e1n. (www.eloriente.net, M\u00e9xico, 5 de marzo de 2019, por RFI).- En el \u00abespacio m\u00edstico\u00bb denominado Balamk\u00fa y considerado como un \u00abtesoro cient\u00edfico\u00bb, se encontraron siete ofrendas [&hellip;]<\/p>\n","protected":false},"author":48,"featured_media":56149,"comment_status":"open","ping_status":"open","sticky":false,"template":"","format":"standard","meta":{"_jetpack_memberships_contains_paid_content":false,"footnotes":""},"categories":[6,32,13,10,61,31],"tags":[4482,181,250,10231,5830],"class_list":["post-56148","post","type-post","status-publish","format-standard","has-post-thumbnail","hentry","category-canal-4-especiales","category-entradas","category-especiales","category-lo-mas-reciente","category-merida","category-principal","tag-chichen-itza","tag-inah","tag-maya","tag-vestigios-arqueologicos","tag-yucatan"],"jetpack_featured_media_url":"http:\/\/www.eloriente.net\/home\/wp-content\/uploads\/2019\/03\/interior_cueva_balamku_foto_karla_ortega_proyecto_gran_acuifero_maya.jpg","jetpack_sharing_enabled":true,"_links":{"self":[{"href":"http:\/\/www.eloriente.net\/home\/wp-json\/wp\/v2\/posts\/56148"}],"collection":[{"href":"http:\/\/www.eloriente.net\/home\/wp-json\/wp\/v2\/posts"}],"about":[{"href":"http:\/\/www.eloriente.net\/home\/wp-json\/wp\/v2\/types\/post"}],"author":[{"embeddable":true,"href":"http:\/\/www.eloriente.net\/home\/wp-json\/wp\/v2\/users\/48"}],"replies":[{"embeddable":true,"href":"http:\/\/www.eloriente.net\/home\/wp-json\/wp\/v2\/comments?post=56148"}],"version-history":[{"count":1,"href":"http:\/\/www.eloriente.net\/home\/wp-json\/wp\/v2\/posts\/56148\/revisions"}],"predecessor-version":[{"id":56152,"href":"http:\/\/www.eloriente.net\/home\/wp-json\/wp\/v2\/posts\/56148\/revisions\/56152"}],"wp:featuredmedia":[{"embeddable":true,"href":"http:\/\/www.eloriente.net\/home\/wp-json\/wp\/v2\/media\/56149"}],"wp:attachment":[{"href":"http:\/\/www.eloriente.net\/home\/wp-json\/wp\/v2\/media?parent=56148"}],"wp:term":[{"taxonomy":"category","embeddable":true,"href":"http:\/\/www.eloriente.net\/home\/wp-json\/wp\/v2\/categories?post=56148"},{"taxonomy":"post_tag","embeddable":true,"href":"http:\/\/www.eloriente.net\/home\/wp-json\/wp\/v2\/tags?post=56148"}],"curies":[{"name":"wp","href":"https:\/\/api.w.org\/{rel}","templated":true}]}}