{"id":56182,"date":"2019-03-10T09:57:49","date_gmt":"2019-03-10T15:57:49","guid":{"rendered":"http:\/\/www.eloriente.net\/home\/?p=56182"},"modified":"2019-03-10T23:06:47","modified_gmt":"2019-03-11T05:06:47","slug":"el-turismo-es-la-fuerza-que-nos-une","status":"publish","type":"post","link":"http:\/\/www.eloriente.net\/home\/2019\/03\/10\/el-turismo-es-la-fuerza-que-nos-une\/","title":{"rendered":"VIDEOCOLUMNA: El Turismo\u2026 \u00bfEs la fuerza que nos une?, por Juan Antonio G\u00f3mez"},"content":{"rendered":"<p>(www.eloriente.net, M\u00e9xico, 10 de marzo de 2019, por Luis Alberto Osorio Ochoa).- Un v\u00eddeo difundido por la Secretar\u00eda de Turismo de M\u00e9xico en la presentaci\u00f3n de la Estrategia Nacional de Turismo provoc\u00f3 un sin n\u00famero de reacciones de actores de la industira nacional, incluso generando una amplia especulaci\u00f3n alrededor del Secretario Miguel Torruco, como el primer despido de AMLO.<\/p>\n<p><a class=\"_58cn\" href=\"https:\/\/www.facebook.com\/hashtag\/videocolumna?source=feed_text&amp;epa=HASHTAG&amp;__xts__%5B0%5D=68.ARDDHqs3Lw5RYoZycEM7KeGEx8qN8vMDekWPkIFs9QGKmugMk6eCl6cfGdVFApRYHeKPRTH4XonbH3C3OBAaJ6-kYsny-pgKY-3il1uA4ahsW1u3Mb3BzZqa-tTyS9rwPseV1e4nVKypqJ_O9DSe5869CmlhttPlbEQNstmfOrCj50CQKEFgFnXixD7V73EcFKlLo_DIcE1VQadlqcMDepglOuS2kfQQTxcDoDLZjXjdPhzPbdnye2lmOe5vC98pfIjPDQnBTVKJZZenuurGHDdq-ETVCs545eLw7ZMqK-xelbPbboA-lmM6lzSCqjvKU3UTTIDn9GQFx0TBu3kjrrszuPfrgUUnKBkA9g&amp;__tn__=%2ANK-R\" data-ft=\"{&quot;type&quot;:104,&quot;tn&quot;:&quot;*N&quot;}\"><span class=\"_5afx\"><span class=\"_58cl _5afz\" aria-label=\"hashtag\">#<\/span><span class=\"_58cm\">Videocolumna<\/span><\/span><\/a>\u00a0por\u00a0<a class=\"profileLink\" href=\"https:\/\/www.facebook.com\/JuanAntonioGomezCardenas?__tn__=K-R&amp;eid=ARBeyeT7JKZMpnQpWTz3dLjM5-cy68JbXBQZXmEwyODB-vklwKzBBEjO2OimIaXueQGq1_EfFsmE4s2I&amp;fref=mentions&amp;__xts__%5B0%5D=68.ARDDHqs3Lw5RYoZycEM7KeGEx8qN8vMDekWPkIFs9QGKmugMk6eCl6cfGdVFApRYHeKPRTH4XonbH3C3OBAaJ6-kYsny-pgKY-3il1uA4ahsW1u3Mb3BzZqa-tTyS9rwPseV1e4nVKypqJ_O9DSe5869CmlhttPlbEQNstmfOrCj50CQKEFgFnXixD7V73EcFKlLo_DIcE1VQadlqcMDepglOuS2kfQQTxcDoDLZjXjdPhzPbdnye2lmOe5vC98pfIjPDQnBTVKJZZenuurGHDdq-ETVCs545eLw7ZMqK-xelbPbboA-lmM6lzSCqjvKU3UTTIDn9GQFx0TBu3kjrrszuPfrgUUnKBkA9g\" data-hovercard=\"\/ajax\/hovercard\/user.php?id=1178523739&amp;extragetparams=%7B%22__tn__%22%3A%22%2CdK-R-R%22%2C%22eid%22%3A%22ARBeyeT7JKZMpnQpWTz3dLjM5-cy68JbXBQZXmEwyODB-vklwKzBBEjO2OimIaXueQGq1_EfFsmE4s2I%22%2C%22fref%22%3A%22mentions%22%7D\" data-hovercard-prefer-more-content-show=\"1\">Juan Antonio G\u00f3mez C\u00e1rdenas<\/a>.<\/p>\n<p><iframe loading=\"lazy\" style=\"border: none; overflow: hidden;\" src=\"https:\/\/www.facebook.com\/plugins\/video.php?href=https%3A%2F%2Fwww.facebook.com%2Feloriente.net%2Fvideos%2F326382074672822%2F&amp;show_text=0&amp;width=560\" width=\"560\" height=\"315\" frameborder=\"0\" scrolling=\"no\" allowfullscreen=\"allowfullscreen\"><\/iframe><\/p>\n<p><script src=\"\/\/pagead2googlesyndication.com\/pagead\/js\/adsbygoogle.js\" async=\"\"><\/script><!-- BANNER ELORIENTE INCRUSTADO NOTAS --> <ins class=\"adsbygoogle\" style=\"display: inline-block; width: 300px; height: 250px;\" data-ad-client=\"ca-pub-1136171134853753\" data-ad-slot=\"7974633627\"><\/ins><script>\/\/ <![CDATA[ (adsbygoogle = window.adsbygoogle || []).push({}); \/\/ ]]><\/script><\/p>\n<h3>Juan Antonio G\u00f3mez C\u00e1rdenas<\/h3>\n<p>Es Licenciado en Turismo por la Universidad de Guadalajara. Cuenta tambi\u00e9n con una Maestr\u00eda en Educaci\u00f3n por el Instituto Tecnol\u00f3gico de Estudios Superiores de Monterrey.<\/p>\n<p>Fue Jefe del Departamento de Capacitaci\u00f3n y Desarrollo Tur\u00edstico de la Secretaria de Turismo del H. Ayuntamiento de Oaxaca de Ju\u00e1rez. Actualmente es Presidente de la Asociaci\u00f3n Mexicana de Profesionistas y T\u00e9cnicos en Turismo A.C. Oaxaca.<\/p>\n<figure id=\"attachment_56183\" aria-describedby=\"caption-attachment-56183\" style=\"width: 549px\" class=\"wp-caption alignnone\"><a href=\"http:\/\/www.eloriente.net\/home\/wp-content\/uploads\/2019\/03\/Juan-A.jpg\"><img loading=\"lazy\" decoding=\"async\" class=\" wp-image-56183\" src=\"http:\/\/www.eloriente.net\/home\/wp-content\/uploads\/2019\/03\/Juan-A-1024x576.jpg\" alt=\"\" width=\"549\" height=\"309\" \/><\/a><figcaption id=\"caption-attachment-56183\" class=\"wp-caption-text\">Juan Antonio G\u00f3mez, videocolumnista en El Oriente<\/figcaption><\/figure>\n<p><script async src=\"\/\/pagead2.googlesyndication.com\/pagead\/js\/adsbygoogle.js\"><\/script><br \/>\n<ins class=\"adsbygoogle\" style=\"display: block;\" data-ad-format=\"autorelaxed\" data-ad-client=\"ca-pub-1136171134853753\" data-ad-slot=\"4595267748\"><\/ins><br \/>\n<script>\n\u00a0\u00a0\u00a0\u00a0\u00a0(adsbygoogle\u00a0=\u00a0window.adsbygoogle\u00a0||\u00a0[]).push({});\n<\/script><\/p>\n\n\t\t\t  <div \n\t\t\t  \tclass = \"fb-comments\" \n\t\t\t  \tdata-href = \"http:\/\/www.eloriente.net\/home\/2019\/03\/10\/el-turismo-es-la-fuerza-que-nos-une\/\"\n\t\t\t  \tdata-numposts = \"10\"\n\t\t\t\tdata-colorscheme = \"dark\"\n\t\t\t\tdata-order-by = \"social\"\n\t\t\t\tdata-mobile=true>\n\t\t\t  <\/div>\n\t\t  <style>\n\t\t\t.fb_iframe_widget_fluid_desktop iframe {\n\t\t\t    width: 100% !important;\n\t\t\t}\n\t\t  <\/style>\n\t\t  ","protected":false},"excerpt":{"rendered":"<p>(www.eloriente.net, M\u00e9xico, 10 de marzo de 2019, por Luis Alberto Osorio Ochoa).- Un v\u00eddeo difundido por la Secretar\u00eda de Turismo de M\u00e9xico en la presentaci\u00f3n de la Estrategia Nacional de Turismo provoc\u00f3 un sin n\u00famero de reacciones de actores de la industira nacional, incluso generando una amplia especulaci\u00f3n alrededor del Secretario Miguel Torruco, como el [&hellip;]<\/p>\n","protected":false},"author":48,"featured_media":56183,"comment_status":"open","ping_status":"open","sticky":false,"template":"","format":"standard","meta":{"_jetpack_memberships_contains_paid_content":false,"footnotes":""},"categories":[6,32,13,7858,10,31,98],"tags":[141,10247,2646,109,6224],"class_list":["post-56182","post","type-post","status-publish","format-standard","has-post-thumbnail","hentry","category-canal-4-especiales","category-entradas","category-especiales","category-juan-antonio-gomez","category-lo-mas-reciente","category-principal","category-videoblogs","tag-mexico","tag-miguel-torruco","tag-sectur","tag-turismo","tag-videocolumna"],"jetpack_featured_media_url":"http:\/\/www.eloriente.net\/home\/wp-content\/uploads\/2019\/03\/Juan-A-e1552233360239.jpg","jetpack_sharing_enabled":true,"_links":{"self":[{"href":"http:\/\/www.eloriente.net\/home\/wp-json\/wp\/v2\/posts\/56182"}],"collection":[{"href":"http:\/\/www.eloriente.net\/home\/wp-json\/wp\/v2\/posts"}],"about":[{"href":"http:\/\/www.eloriente.net\/home\/wp-json\/wp\/v2\/types\/post"}],"author":[{"embeddable":true,"href":"http:\/\/www.eloriente.net\/home\/wp-json\/wp\/v2\/users\/48"}],"replies":[{"embeddable":true,"href":"http:\/\/www.eloriente.net\/home\/wp-json\/wp\/v2\/comments?post=56182"}],"version-history":[{"count":2,"href":"http:\/\/www.eloriente.net\/home\/wp-json\/wp\/v2\/posts\/56182\/revisions"}],"predecessor-version":[{"id":56185,"href":"http:\/\/www.eloriente.net\/home\/wp-json\/wp\/v2\/posts\/56182\/revisions\/56185"}],"wp:featuredmedia":[{"embeddable":true,"href":"http:\/\/www.eloriente.net\/home\/wp-json\/wp\/v2\/media\/56183"}],"wp:attachment":[{"href":"http:\/\/www.eloriente.net\/home\/wp-json\/wp\/v2\/media?parent=56182"}],"wp:term":[{"taxonomy":"category","embeddable":true,"href":"http:\/\/www.eloriente.net\/home\/wp-json\/wp\/v2\/categories?post=56182"},{"taxonomy":"post_tag","embeddable":true,"href":"http:\/\/www.eloriente.net\/home\/wp-json\/wp\/v2\/tags?post=56182"}],"curies":[{"name":"wp","href":"https:\/\/api.w.org\/{rel}","templated":true}]}}