{"id":56275,"date":"2019-03-23T11:13:03","date_gmt":"2019-03-23T17:13:03","guid":{"rendered":"http:\/\/www.eloriente.net\/home\/?p=56275"},"modified":"2019-03-26T11:21:08","modified_gmt":"2019-03-26T17:21:08","slug":"llega-a-netflix-historia-de-un-crimen-colosio","status":"publish","type":"post","link":"http:\/\/www.eloriente.net\/home\/2019\/03\/23\/llega-a-netflix-historia-de-un-crimen-colosio\/","title":{"rendered":"Llega a Netflix \u00abHistoria de un crimen: Colosio\u00bb"},"content":{"rendered":"<p style=\"text-align: right;\"><em>Un d\u00eda antes del 25 aniversario del magnicidio lleg\u00f3 a la plataforma de streaming<\/em><\/p>\n<p>(www.eloriente.net, M\u00e9xico, 23 de marzo de 2019 por <a href=\"http:\/\/noticias.canal22.org.mx\" target=\"_blank\" rel=\"noopener\">N22<\/a>\/ Julio L\u00f3pez). \u2013 El primero de enero de 1994 entr\u00f3 en vigor el Tratado de Libre Comercio para Am\u00e9rica del Norte. Ese mismo d\u00eda en Chiapas se alzaba el Ejercito Zapatista de Liberaci\u00f3n Nacional.<\/p>\n<p>El 6 de marzo, en el aniversario del Partido Revolucionario Institucional, <a href=\"https:\/\/amzn.to\/2UOMUqB\">Luis Donaldo Colosio<\/a>, entonces candidato presidencial, declam\u00f3 un emotivo discurso en el Monumento a la Revoluci\u00f3n, que caus\u00f3 descontento en las filas priistas, <a href=\"https:\/\/amzn.to\/2UOMUqB\">Carlos Salinas de Gortari<\/a> no estaba contento. 17 d\u00edas despu\u00e9s en Lomas Taurinas, Tijuana, el carism\u00e1tico pol\u00edtico sonorense fue abatido de dos tiros: uno en la cabeza y otro en el abdomen. \u00a025 a\u00f1os despu\u00e9s, Netflix lanza la serie\u00a0<strong><em>Historia de un crimen: Colosio<\/em><\/strong>\u00a0que reaviva las preguntas \u00bfqui\u00e9n lo mato? y \u00bfpor qu\u00e9?<\/p>\n<p>\u00abClaro que hay elemento de ficci\u00f3n, pero me encanta porque re\u00fane muchos elementos. El primero es que es un hecho que revolucion\u00f3 la historia de nuestro pa\u00eds, el a\u00f1o 1994 es crucial para entender el 2019 en M\u00e9xico.<\/p>\n<p>Es un thriller policiaco con much\u00edsima acci\u00f3n que es divertido, emocionante, angustiante y tambi\u00e9n tiene esta parte dram\u00e1tica que es en la que a m\u00ed me toca participar que es la historia de Diana Laura, una mujer que se queda viuda con dos hijos, enferma, en fin; creo que re\u00fanen tres mundos muy poderosos y es atractivo para los chavitos que no saben qui\u00e9n es Luis Donaldo Colosio pero que deber\u00edan, va a ser incre\u00edble que lo conozcan. Para los que sabemos qui\u00e9n es\u2026 nos va a remover un mont\u00f3n de cosas.\u00bb, de acuerdo con Ilse salas, actriz que interpreta a la viuda de Colosio.<\/p>\n<p><script src=\"\/\/pagead2googlesyndication.com\/pagead\/js\/adsbygoogle.js\" async=\"\"><\/script><!-- BANNER ELORIENTE INCRUSTADO NOTAS --> <ins class=\"adsbygoogle\" style=\"display: inline-block; width: 300px; height: 250px;\" data-ad-client=\"ca-pub-1136171134853753\" data-ad-slot=\"7974633627\"><\/ins><script>\/\/ <![CDATA[ (adsbygoogle = window.adsbygoogle || []).push({}); \/\/ ]]><\/script><\/p>\n<p>El caso parece cerrado, Mario Aburto, un joven michoacano radicado en Tijuana actu\u00f3 solo o al menos as\u00ed lo quieren hacer ver, de acuerdo con la versi\u00f3n oficial. Sin embargo, hay actores que fueron fundamentales en lo que ocurri\u00f3 despu\u00e9s como Carlos Salinas de Gortari, Ra\u00fal\u00a0Salinas de Gortari, Ernesto Zedillo, Manuel Camacho Sol\u00eds y Manlio Fabio Beltrones.<\/p>\n<p>\u00abLo importante es revisar c\u00f3mo a nivel institucional se acostumbraba a hacer pol\u00edtica, principalmente por este partido hegem\u00f3nico que estuvo durante mucho tiempo, eso es importante para entender la transici\u00f3n pol\u00edtica que vive M\u00e9xico\u00bb. Dijo Jorge Antonio Guerreo, actor que da vida a Mario Aburto.<\/p>\n<p>La serie de ocho horas de duraci\u00f3n, dirigida por Hiromi Kamata y <a href=\"http:\/\/www.eloriente.net\/home\/2018\/12\/27\/un-vistazo-a-lo-mejor-del-cine-de-este-2018\/\" target=\"_blank\" rel=\"noopener\">Natalia Berista\u00edn<\/a>, gira en torno a la visi\u00f3n de Diana Laura, quien se al\u00eda con Federico Ben\u00edtez, el director de Seguridad P\u00fablica Municipal de Tijuana, para realizar una investigaci\u00f3n paralela a la oficial.<\/p>\n<p>Para Alberto Guerra, quien interpreta a Ben\u00edtez en la serie, \u00abes emoci\u00f3nate como actor tener el reto de darle vida a un personaje que no s\u00f3lo fue honesto o recto o que intent\u00f3 cuidar a la ciudad a la que amaba tanto. Tambi\u00e9n pude empatizar con la gente a trav\u00e9s de un personaje que tiene un cargo que los mexicanos rara vez entendemos con ellos, nos sentimos alejados a las instituciones\u00bb.<\/p>\n<p><strong><em>Historia de un crimen: Colosio<\/em><\/strong>\u00a0brilla por la calidad de las actuaciones y el entramado de la historia.<\/p>\n<p><iframe loading=\"lazy\" src=\"https:\/\/www.youtube.com\/embed\/92OBmp112vE\" width=\"560\" height=\"315\" frameborder=\"0\" allowfullscreen=\"allowfullscreen\"><\/iframe><\/p>\n<p><script async src=\"\/\/pagead2.googlesyndication.com\/pagead\/js\/adsbygoogle.js\"><\/script><br \/>\n<ins class=\"adsbygoogle\" style=\"display: block;\" data-ad-format=\"autorelaxed\" data-ad-client=\"ca-pub-1136171134853753\" data-ad-slot=\"4595267748\"><\/ins><br \/>\n<script>\n     (adsbygoogle = window.adsbygoogle || []).push({});\n<\/script><\/p>\n\n\t\t\t  <div \n\t\t\t  \tclass = \"fb-comments\" \n\t\t\t  \tdata-href = \"http:\/\/www.eloriente.net\/home\/2019\/03\/23\/llega-a-netflix-historia-de-un-crimen-colosio\/\"\n\t\t\t  \tdata-numposts = \"10\"\n\t\t\t\tdata-colorscheme = \"dark\"\n\t\t\t\tdata-order-by = \"social\"\n\t\t\t\tdata-mobile=true>\n\t\t\t  <\/div>\n\t\t  <style>\n\t\t\t.fb_iframe_widget_fluid_desktop iframe {\n\t\t\t    width: 100% !important;\n\t\t\t}\n\t\t  <\/style>\n\t\t  ","protected":false},"excerpt":{"rendered":"<p>Un d\u00eda antes del 25 aniversario del magnicidio lleg\u00f3 a la plataforma de streaming (www.eloriente.net, M\u00e9xico, 23 de marzo de 2019 por N22\/ Julio L\u00f3pez). \u2013 El primero de enero de 1994 entr\u00f3 en vigor el Tratado de Libre Comercio para Am\u00e9rica del Norte. Ese mismo d\u00eda en Chiapas se alzaba el Ejercito Zapatista de [&hellip;]<\/p>\n","protected":false},"author":48,"featured_media":56276,"comment_status":"open","ping_status":"open","sticky":false,"template":"","format":"standard","meta":{"_jetpack_memberships_contains_paid_content":false,"footnotes":""},"categories":[67,982,56,32,13,10,31],"tags":[10284,10285,9951,1137,872],"class_list":["post-56275","post","type-post","status-publish","format-standard","has-post-thumbnail","hentry","category-como-se-filmo","category-juevesdecineyseries","category-cine","category-entradas","category-especiales","category-lo-mas-reciente","category-principal","tag-historia-de-un-crimen-colosio","tag-luis-donaldo-colosio","tag-natalia-beristain","tag-netflix","tag-series"],"jetpack_featured_media_url":"http:\/\/www.eloriente.net\/home\/wp-content\/uploads\/2019\/03\/d0llx18vaaa3fnx.jpg","jetpack_sharing_enabled":true,"_links":{"self":[{"href":"http:\/\/www.eloriente.net\/home\/wp-json\/wp\/v2\/posts\/56275"}],"collection":[{"href":"http:\/\/www.eloriente.net\/home\/wp-json\/wp\/v2\/posts"}],"about":[{"href":"http:\/\/www.eloriente.net\/home\/wp-json\/wp\/v2\/types\/post"}],"author":[{"embeddable":true,"href":"http:\/\/www.eloriente.net\/home\/wp-json\/wp\/v2\/users\/48"}],"replies":[{"embeddable":true,"href":"http:\/\/www.eloriente.net\/home\/wp-json\/wp\/v2\/comments?post=56275"}],"version-history":[{"count":2,"href":"http:\/\/www.eloriente.net\/home\/wp-json\/wp\/v2\/posts\/56275\/revisions"}],"predecessor-version":[{"id":56285,"href":"http:\/\/www.eloriente.net\/home\/wp-json\/wp\/v2\/posts\/56275\/revisions\/56285"}],"wp:featuredmedia":[{"embeddable":true,"href":"http:\/\/www.eloriente.net\/home\/wp-json\/wp\/v2\/media\/56276"}],"wp:attachment":[{"href":"http:\/\/www.eloriente.net\/home\/wp-json\/wp\/v2\/media?parent=56275"}],"wp:term":[{"taxonomy":"category","embeddable":true,"href":"http:\/\/www.eloriente.net\/home\/wp-json\/wp\/v2\/categories?post=56275"},{"taxonomy":"post_tag","embeddable":true,"href":"http:\/\/www.eloriente.net\/home\/wp-json\/wp\/v2\/tags?post=56275"}],"curies":[{"name":"wp","href":"https:\/\/api.w.org\/{rel}","templated":true}]}}