{"id":56699,"date":"2019-05-14T08:10:32","date_gmt":"2019-05-14T14:10:32","guid":{"rendered":"http:\/\/www.eloriente.net\/home\/?p=56699"},"modified":"2019-05-14T08:10:32","modified_gmt":"2019-05-14T14:10:32","slug":"reconstruccion-fortalecen-infraestructura-de-las-escuelas-juchitecas","status":"publish","type":"post","link":"http:\/\/www.eloriente.net\/home\/2019\/05\/14\/reconstruccion-fortalecen-infraestructura-de-las-escuelas-juchitecas\/","title":{"rendered":"Reconstrucci\u00f3n: Fortalecen infraestructura de las escuelas juchitecas"},"content":{"rendered":"<p style=\"text-align: right;\"><em>89 alumnos se ver\u00e1n beneficiados con las nuevas instalaciones.<\/em><\/p>\n<p style=\"font-weight: 400;\">(www.eloriente.net, M\u00e9xico, 14 de mayo de 2019, por\u00a0<span lang=\"EN-US\">AMDEE<\/span>).- La empresa EDF Renewables y el Fondo Oaxaca &#8211; AMDEE, integrado por las empresas e\u00f3licas Enel Green Power, EDF Renewables M\u00e9xico, Iberdrola M\u00e9xico, Parque E\u00f3lico Bi\u00ed Hioxo filial de Naturgy, Siemens Gamesa, Vestas y Zuma Energ\u00eda realizaron la entrega oficial de una nueva aula equipada, un bardeado perimetral y un m\u00f3dulo de sanitarios a la escuela Ignacio Allende localizada en la comunidad de la Ventosa.<\/p>\n<p style=\"font-weight: 400;\">En el marco del evento de la entrega oficial de la obra, el Ing. Juan Carlos Lav\u00edn, representante del FONDO OAXACA \u2013 AMDEE se\u00f1al\u00f3 que: \u201c389 alumnos y 26 maestros y personal de servicios se ver\u00e1n beneficiados con esta obra. Las 7 empresas e\u00f3licas que integran el FONDO OAXACA-AMDEE, reiteran su compromiso de continuar trabajando por el bienestar de la comunidad y las familias istme\u00f1as. Nos sentimos muy orgullosos de que Enel Green Power, EDF Renewables M\u00e9xico, Iberdrola M\u00e9xico, Parque E\u00f3lico Bi\u00ed Hioxo filial de Naturgy, Siemens Gamesa, Vestas y Zuma Energ\u00eda hayan conformado este Fondo, el cual tiene como objetivo principal generar bienestar en la regi\u00f3n\u201d.<\/p>\n<p><script src=\"\/\/pagead2googlesyndication.com\/pagead\/js\/adsbygoogle.js\" async=\"\"><\/script><!-- BANNER ELORIENTE INCRUSTADO NOTAS --> <ins class=\"adsbygoogle\" style=\"display: inline-block; width: 300px; height: 250px;\" data-ad-client=\"ca-pub-1136171134853753\" data-ad-slot=\"7974633627\"><\/ins><script>\/\/ <![CDATA[ (adsbygoogle = window.adsbygoogle || []).push({}); \/\/ ]]><\/script><\/p>\n<p style=\"font-weight: 400;\">Esta nueva obra se suma a una lista de acciones implementadas por el Fondo a ra\u00edz de la contingencia del 7 de septiembre de 2017 y que logr\u00f3 reunir los esfuerzos de estas siete empresas e\u00f3licas que trabajan a favor de la comunidad.<\/p>\n<p style=\"font-weight: 400;\">Gracias a este esfuerzo colectivo, tambi\u00e9n se logr\u00f3 capacitar y equipar al Heroico Cuerpo de Bomberos de Juchit\u00e1n, que recibi\u00f3 un nuevo cami\u00f3n cisterna, 18 equipos de protecci\u00f3n personal y un curso de capacitaci\u00f3n en b\u00fasqueda y rescate en estructuras colapsadas impartido en Toluca.\u00a0Asimismo, se entregaron tres aulas m\u00f3viles al Colegio de Bachilleres en la localidad de El Espinal, lo cual permiti\u00f3 que 1346 alumnos regresaran a clases y no perdieran su a\u00f1o escolar. El apoyo del Fondo tambi\u00e9n se ha visto reflejado en la reconstrucci\u00f3n de infraestructura escolar en el que se est\u00e1n beneficiando 5 escuelas de la zona, y en la capacitaci\u00f3n de personal m\u00e9dico y psicol\u00f3gico para apoyar a la poblaci\u00f3n del Istmo cuando as\u00ed se requiera.<\/p>\n<p style=\"font-weight: 400;\">\u201cLa barda perimetral nos permite fortalecer la seguridad de nuestros alumnos y de los bienes inmuebles de la escuela. Sumado a esto, la nueva aula y el m\u00f3dulo de sanitarios mejoran las condiciones de aprendizaje para los ni\u00f1os y j\u00f3venes que estudian en la Ignacio Allende. Como Director de este Centro Educativo y a nombre de la comunidad estudiantil, padres de familias y la plantilla del personal docente agradecemos al Fondo \u2013 Oaxaca AMDEE y a la empresa EDF Renewables por los apoyos recibidos en bien de la educaci\u00f3n y de la ni\u00f1ez de esta comunidad.\u201d dijo el director de la escuela Ignacio Allende, Noel Castillo Valdivieso.<\/p>\n<p style=\"font-weight: 400;\">De esta manera el Fondo Oaxaca- AMDEE se suma a las acciones y programas de vinculaci\u00f3n y apoyo a la comunidad presentes desde la llegada de las empresas e\u00f3licas a la regi\u00f3n para impulsar el bienestar de la comunidad istme\u00f1a. \u201cHasta la fecha m\u00e1s de 22 mil 400 familias istme\u00f1as han sido beneficiadas y existe el firme compromiso de que este n\u00famero crezca de manera significativa en los pr\u00f3ximos a\u00f1os\u201d, destac\u00f3 Juan Carlos Lav\u00edn.<\/p>\n<p style=\"font-weight: 400;\">&#8211;La Asociaci\u00f3n Mexicana de Energ\u00eda E\u00f3lica es una asociaci\u00f3n civil sin fines de lucro dedicada a impulsar el desarrollo del Sector E\u00f3lico en M\u00e9xico. AMDEE representa a los principales actores de la industria e\u00f3lica y colabora con las autoridades para promover la regulaci\u00f3n y pol\u00edticas necesarias para impulsar el desarrollo sustentable y sostenido de la energ\u00eda e\u00f3lica en M\u00e9xico.\u00a0<a href=\"http:\/\/www.amdee.org\/\">http:\/\/www.amdee.org<\/a><\/p>\n<p><a href=\"http:\/\/www.eloriente.net\/home\/wp-content\/uploads\/2019\/05\/AULA.jpg\"><img loading=\"lazy\" decoding=\"async\" class=\"alignnone wp-image-56700\" src=\"http:\/\/www.eloriente.net\/home\/wp-content\/uploads\/2019\/05\/AULA-1024x576.jpg\" alt=\"\" width=\"549\" height=\"309\" srcset=\"http:\/\/www.eloriente.net\/home\/wp-content\/uploads\/2019\/05\/AULA-1024x576.jpg 1024w, http:\/\/www.eloriente.net\/home\/wp-content\/uploads\/2019\/05\/AULA-300x169.jpg 300w, http:\/\/www.eloriente.net\/home\/wp-content\/uploads\/2019\/05\/AULA-768x432.jpg 768w\" sizes=\"(max-width: 549px) 100vw, 549px\" \/><\/a><\/p>\n<p><script async src=\"\/\/pagead2.googlesyndication.com\/pagead\/js\/adsbygoogle.js\"><\/script><br \/>\n<ins class=\"adsbygoogle\" style=\"display: block;\" data-ad-format=\"autorelaxed\" data-ad-client=\"ca-pub-1136171134853753\" data-ad-slot=\"4595267748\"><\/ins><br \/>\n<script>\n     (adsbygoogle = window.adsbygoogle || []).push({});\n<\/script><\/p>\n\n\t\t\t  <div \n\t\t\t  \tclass = \"fb-comments\" \n\t\t\t  \tdata-href = \"http:\/\/www.eloriente.net\/home\/2019\/05\/14\/reconstruccion-fortalecen-infraestructura-de-las-escuelas-juchitecas\/\"\n\t\t\t  \tdata-numposts = \"10\"\n\t\t\t\tdata-colorscheme = \"dark\"\n\t\t\t\tdata-order-by = \"social\"\n\t\t\t\tdata-mobile=true>\n\t\t\t  <\/div>\n\t\t  <style>\n\t\t\t.fb_iframe_widget_fluid_desktop iframe {\n\t\t\t    width: 100% !important;\n\t\t\t}\n\t\t  <\/style>\n\t\t  ","protected":false},"excerpt":{"rendered":"<p>89 alumnos se ver\u00e1n beneficiados con las nuevas instalaciones. (www.eloriente.net, M\u00e9xico, 14 de mayo de 2019, por\u00a0AMDEE).- La empresa EDF Renewables y el Fondo Oaxaca &#8211; AMDEE, integrado por las empresas e\u00f3licas Enel Green Power, EDF Renewables M\u00e9xico, Iberdrola M\u00e9xico, Parque E\u00f3lico Bi\u00ed Hioxo filial de Naturgy, Siemens Gamesa, Vestas y Zuma Energ\u00eda realizaron la [&hellip;]<\/p>\n","protected":false},"author":48,"featured_media":56700,"comment_status":"open","ping_status":"open","sticky":false,"template":"","format":"standard","meta":{"_jetpack_memberships_contains_paid_content":false,"footnotes":""},"categories":[1588,32,4213,10,31],"tags":[821,8423,316,1233],"class_list":["post-56699","post","type-post","status-publish","format-standard","has-post-thumbnail","hentry","category-comunicados-y-boletines","category-entradas","category-juchitan","category-lo-mas-reciente","category-principal","tag-juchitan","tag-plan-reconstruccion","tag-reconstruccion","tag-sismos"],"jetpack_featured_media_url":"http:\/\/www.eloriente.net\/home\/wp-content\/uploads\/2019\/05\/AULA.jpg","jetpack_sharing_enabled":true,"_links":{"self":[{"href":"http:\/\/www.eloriente.net\/home\/wp-json\/wp\/v2\/posts\/56699"}],"collection":[{"href":"http:\/\/www.eloriente.net\/home\/wp-json\/wp\/v2\/posts"}],"about":[{"href":"http:\/\/www.eloriente.net\/home\/wp-json\/wp\/v2\/types\/post"}],"author":[{"embeddable":true,"href":"http:\/\/www.eloriente.net\/home\/wp-json\/wp\/v2\/users\/48"}],"replies":[{"embeddable":true,"href":"http:\/\/www.eloriente.net\/home\/wp-json\/wp\/v2\/comments?post=56699"}],"version-history":[{"count":1,"href":"http:\/\/www.eloriente.net\/home\/wp-json\/wp\/v2\/posts\/56699\/revisions"}],"predecessor-version":[{"id":56701,"href":"http:\/\/www.eloriente.net\/home\/wp-json\/wp\/v2\/posts\/56699\/revisions\/56701"}],"wp:featuredmedia":[{"embeddable":true,"href":"http:\/\/www.eloriente.net\/home\/wp-json\/wp\/v2\/media\/56700"}],"wp:attachment":[{"href":"http:\/\/www.eloriente.net\/home\/wp-json\/wp\/v2\/media?parent=56699"}],"wp:term":[{"taxonomy":"category","embeddable":true,"href":"http:\/\/www.eloriente.net\/home\/wp-json\/wp\/v2\/categories?post=56699"},{"taxonomy":"post_tag","embeddable":true,"href":"http:\/\/www.eloriente.net\/home\/wp-json\/wp\/v2\/tags?post=56699"}],"curies":[{"name":"wp","href":"https:\/\/api.w.org\/{rel}","templated":true}]}}