{"id":56798,"date":"2019-05-27T10:55:23","date_gmt":"2019-05-27T16:55:23","guid":{"rendered":"http:\/\/www.eloriente.net\/home\/?p=56798"},"modified":"2019-05-27T10:55:23","modified_gmt":"2019-05-27T16:55:23","slug":"oaxaquenas-ganan-2o-lugar-nacional-en-litigacion-oral","status":"publish","type":"post","link":"http:\/\/www.eloriente.net\/home\/2019\/05\/27\/oaxaquenas-ganan-2o-lugar-nacional-en-litigacion-oral\/","title":{"rendered":"Oaxaque\u00f1as ganan 2\u00ba lugar nacional en litigaci\u00f3n oral"},"content":{"rendered":"<p class=\"p1\" style=\"text-align: right;\"><em>Cuatro estudiantes de la UABJO, obtuvieron el 2do lugar en la sexta \u201cCompetencia nacional de litigaci\u00f3n oral\u201d<\/em><\/p>\n<p class=\"p1\">(www.eloriente.net, M\u00e9xico, 27 de mayo de 2019, por Luis Alberto Osorio Ochoa).- Rocy Salazar Ayala, Paola Denisse Rojas Ch\u00e1vez, Estefan\u00eda Altamirano Silva y Donaj\u00ed Janitzy Ram\u00edrez Garc\u00eda, estudiantes de Derecho de la Universidad Aut\u00f3noma Benito Ju\u00e1rez de Oaxaca (UABJO), pusieron en alto el nombre de Oaxaca al obtener el 2do lugar nacional de la sexta \u201cCompetencia nacional de litigaci\u00f3n oral\u201d<\/p>\n<p class=\"p1\">El encuentro fue organizada por la Iniciativa para el Estado de Derecho de la Barra Americana de Abogados sede M\u00e9xico (ABA ROLI M\u00e9xico), del 24 al 27 de abril pasado, en el Instituto Nacional de Ciencias Penales. All\u00ed las oaxaque\u00f1as se impusieron a j\u00f3venes de las universidades de Morelos y Jalisco, con lo que obtuvieron el segundo lugar a nivel nacional en esta competencia.<\/p>\n<p><a href=\"http:\/\/www.eloriente.net\/home\/wp-content\/uploads\/2019\/05\/26-Litigacio\u0301n-oral3.JPG.jpg\"><img loading=\"lazy\" decoding=\"async\" class=\"alignnone wp-image-56799\" src=\"http:\/\/www.eloriente.net\/home\/wp-content\/uploads\/2019\/05\/26-Litigacio\u0301n-oral3.JPG-1024x683.jpg\" alt=\"\" width=\"550\" height=\"367\" srcset=\"http:\/\/www.eloriente.net\/home\/wp-content\/uploads\/2019\/05\/26-Litigacio\u0301n-oral3.JPG-1024x683.jpg 1024w, http:\/\/www.eloriente.net\/home\/wp-content\/uploads\/2019\/05\/26-Litigacio\u0301n-oral3.JPG-300x200.jpg 300w, http:\/\/www.eloriente.net\/home\/wp-content\/uploads\/2019\/05\/26-Litigacio\u0301n-oral3.JPG-768x512.jpg 768w\" sizes=\"(max-width: 550px) 100vw, 550px\" \/><\/a><\/p>\n<p><script src=\"\/\/pagead2googlesyndication.com\/pagead\/js\/adsbygoogle.js\" async=\"\"><\/script><!-- BANNER ELORIENTE INCRUSTADO NOTAS --> <ins class=\"adsbygoogle\" style=\"display: inline-block; width: 300px; height: 250px;\" data-ad-client=\"ca-pub-1136171134853753\" data-ad-slot=\"7974633627\"><\/ins><script>\/\/ <![CDATA[ (adsbygoogle = window.adsbygoogle || []).push({}); \/\/ ]]><\/script><\/p>\n<p class=\"p1\">\u201cCon su participaci\u00f3n dejan en alto el nombre de ustedes, de su familia, de su Facultad y de la Universidad, lo que significa que estamos formando mejores ciudadanos y que la UABJO es m\u00e1s que conflictos\u201d, recalc\u00f3 el Rector de la M\u00e1xima Casa de Estudios, Dr. Eduardo Bautista Mart\u00ednez.<\/p>\n<p class=\"p3\">Los asesores y profesores de las estudiantes participantes: Alfonso Valencia Ch\u00e1vez, Betzab\u00e9 Ram\u00edrez V\u00e1squez y la tutora de las ganadoras, Viridiana Reyes Ric\u00e1rdez, explicaron que primero se lanz\u00f3 la convocatoria a nivel de Unidad Acad\u00e9mica para estudiantes de quinto a d\u00e9cimo semestre, por lo que las y los seleccionados pasan al nivel de capacitaci\u00f3n general y una fase final de depuraci\u00f3n a quienes se les otorga una carpeta de investigaci\u00f3n y finalmente se forman los equipos.<\/p>\n<p class=\"p3\">Los otros dos equipos que avanzaron a la fase nacional est\u00e1n conformados por: Juan Jim\u00e9nez Mart\u00ednez, Jonath\u00e1n Garc\u00eda Espinoza, David V\u00e1squez Antonio, El\u00edas Mart\u00ednez Arellanes, Arturo Acevedo Hern\u00e1ndez, Jorge Fidel Z\u00e1rate \u00c1guilar, Maribel R\u00edos L\u00f3pez y Jos\u00e9 Z\u00fa\u00f1iga L\u00f3pez.<\/p>\n<p class=\"p1\">El rector Bautista reconoci\u00f3 tambi\u00e9n el trabajo del director de la FDyCS, Lic. Miguel \u00c1ngel V\u00e1zquez Ram\u00edrez, y reiter\u00f3 su apoyo y confianza en la juventud de la M\u00e1xima Casa de Estudios, que \u201cson el futuro de la Universidad y de Oaxaca\u201d.<\/p>\n<p><script async src=\"\/\/pagead2.googlesyndication.com\/pagead\/js\/adsbygoogle.js\"><\/script><br \/>\n<ins class=\"adsbygoogle\" style=\"display: block;\" data-ad-format=\"autorelaxed\" data-ad-client=\"ca-pub-1136171134853753\" data-ad-slot=\"4595267748\"><\/ins><br \/>\n<script>\n     (adsbygoogle = window.adsbygoogle || []).push({});\n<\/script><\/p>\n\n\t\t\t  <div \n\t\t\t  \tclass = \"fb-comments\" \n\t\t\t  \tdata-href = \"http:\/\/www.eloriente.net\/home\/2019\/05\/27\/oaxaquenas-ganan-2o-lugar-nacional-en-litigacion-oral\/\"\n\t\t\t  \tdata-numposts = \"10\"\n\t\t\t\tdata-colorscheme = \"dark\"\n\t\t\t\tdata-order-by = \"social\"\n\t\t\t\tdata-mobile=true>\n\t\t\t  <\/div>\n\t\t  <style>\n\t\t\t.fb_iframe_widget_fluid_desktop iframe {\n\t\t\t    width: 100% !important;\n\t\t\t}\n\t\t  <\/style>\n\t\t  ","protected":false},"excerpt":{"rendered":"<p>Cuatro estudiantes de la UABJO, obtuvieron el 2do lugar en la sexta \u201cCompetencia nacional de litigaci\u00f3n oral\u201d (www.eloriente.net, M\u00e9xico, 27 de mayo de 2019, por Luis Alberto Osorio Ochoa).- Rocy Salazar Ayala, Paola Denisse Rojas Ch\u00e1vez, Estefan\u00eda Altamirano Silva y Donaj\u00ed Janitzy Ram\u00edrez Garc\u00eda, estudiantes de Derecho de la Universidad Aut\u00f3noma Benito Ju\u00e1rez de Oaxaca [&hellip;]<\/p>\n","protected":false},"author":48,"featured_media":56799,"comment_status":"open","ping_status":"open","sticky":false,"template":"","format":"standard","meta":{"_jetpack_memberships_contains_paid_content":false,"footnotes":""},"categories":[3,1588,18,32,13,464,31,8677,84],"tags":[10461,3148],"class_list":["post-56798","post","type-post","status-publish","format-standard","has-post-thumbnail","hentry","category-canal-1-tu-aula","category-comunicados-y-boletines","category-educacion-y-cultura","category-entradas","category-especiales","category-oaxaca-estados","category-principal","category-uabjo","category-universidades","tag-marea-universitaria","tag-talento"],"jetpack_featured_media_url":"http:\/\/www.eloriente.net\/home\/wp-content\/uploads\/2019\/05\/26-Litigacio\u0301n-oral3.JPG.jpg","jetpack_sharing_enabled":true,"_links":{"self":[{"href":"http:\/\/www.eloriente.net\/home\/wp-json\/wp\/v2\/posts\/56798"}],"collection":[{"href":"http:\/\/www.eloriente.net\/home\/wp-json\/wp\/v2\/posts"}],"about":[{"href":"http:\/\/www.eloriente.net\/home\/wp-json\/wp\/v2\/types\/post"}],"author":[{"embeddable":true,"href":"http:\/\/www.eloriente.net\/home\/wp-json\/wp\/v2\/users\/48"}],"replies":[{"embeddable":true,"href":"http:\/\/www.eloriente.net\/home\/wp-json\/wp\/v2\/comments?post=56798"}],"version-history":[{"count":1,"href":"http:\/\/www.eloriente.net\/home\/wp-json\/wp\/v2\/posts\/56798\/revisions"}],"predecessor-version":[{"id":56800,"href":"http:\/\/www.eloriente.net\/home\/wp-json\/wp\/v2\/posts\/56798\/revisions\/56800"}],"wp:featuredmedia":[{"embeddable":true,"href":"http:\/\/www.eloriente.net\/home\/wp-json\/wp\/v2\/media\/56799"}],"wp:attachment":[{"href":"http:\/\/www.eloriente.net\/home\/wp-json\/wp\/v2\/media?parent=56798"}],"wp:term":[{"taxonomy":"category","embeddable":true,"href":"http:\/\/www.eloriente.net\/home\/wp-json\/wp\/v2\/categories?post=56798"},{"taxonomy":"post_tag","embeddable":true,"href":"http:\/\/www.eloriente.net\/home\/wp-json\/wp\/v2\/tags?post=56798"}],"curies":[{"name":"wp","href":"https:\/\/api.w.org\/{rel}","templated":true}]}}