{"id":56879,"date":"2019-06-04T13:33:37","date_gmt":"2019-06-04T19:33:37","guid":{"rendered":"http:\/\/www.eloriente.net\/home\/?p=56879"},"modified":"2019-06-17T08:42:58","modified_gmt":"2019-06-17T14:42:58","slug":"becas-para-estudiar-en-el-extranjero-2019","status":"publish","type":"post","link":"http:\/\/www.eloriente.net\/home\/2019\/06\/04\/becas-para-estudiar-en-el-extranjero-2019\/","title":{"rendered":"Becas para estudiar en el extranjero 2019"},"content":{"rendered":"<p style=\"text-align: right;\"><em>Estudia Maestr\u00eda o Doctorado en Arquitectura,\u00a0Artes,\u00a0Estudios culturales,\u00a0Gesti\u00f3n cultural,\u00a0Medios audiovisuales o\u00a0Restauraci\u00f3n del patrimonio cultural<\/em><\/p>\n<p>(www.eloriente.net, M\u00e9xico, 4 de junio de 2019, por <a href=\"https:\/\/twitter.com\/LuisOsorio8a\" target=\"_blank\" rel=\"noopener\">Luis Alberto Osorio Ochoa<\/a>).- A ti que estas reinventando los l\u00edmites, te compartimos la <a href=\"https:\/\/foncaenlinea.cultura.gob.mx\/archivosbases\/bases_bee_2019_5257.pdf\" target=\"_blank\" rel=\"noopener\">Convocatoria del Programa de becas para estudios de Doctorado y Maestr\u00eda en el extranjero FONCA-CONACYT 2019<\/a>, que tiene como objetivo\u00a0impulsar y fortalecer la educaci\u00f3n y la investigaci\u00f3n art\u00edstica y cultural de calidad, as\u00ed como formar investigadores y especialistas de alto nivel y excelencia en las diversas disciplinas art\u00edsticas.<\/p>\n<p>La beca podr\u00e1 incluir apoyo para la manutenci\u00f3n mensual del becario; apoyo para seguro m\u00e9dico y, en su caso, para dependientes econ\u00f3micos directos que acompa\u00f1en al becario al pa\u00eds en el que realizar\u00e1 sus estudios; y hasta $200,000.00 de apoyo anual complementario para colegiatura e inscripci\u00f3n.<\/p>\n<p>El periodo de duraci\u00f3n de cada beca ser\u00e1 hasta de 24 meses para los estudios de Maestr\u00eda y hasta de 60 meses para los estudios de Doctorado en disciplinas de\u00a0Arquitectura,\u00a0Artes visuales,\u00a0Danza,\u00a0Dise\u00f1o,\u00a0Estudios culturales,\u00a0Gesti\u00f3n cultural,\u00a0Letras,\u00a0Medios audiovisuales,\u00a0M\u00fasica,\u00a0Restauraci\u00f3n del patrimonio cultural o\u00a0Teatro.<\/p>\n<p><a href=\"http:\/\/www.eloriente.net\/home\/wp-content\/uploads\/2019\/06\/dance-1940245_1920.jpg\"><img loading=\"lazy\" decoding=\"async\" class=\"alignnone wp-image-56881\" src=\"http:\/\/www.eloriente.net\/home\/wp-content\/uploads\/2019\/06\/dance-1940245_1920-1024x702.jpg\" alt=\"\" width=\"548\" height=\"376\" \/><\/a><\/p>\n<p><script src=\"\/\/pagead2googlesyndication.com\/pagead\/js\/adsbygoogle.js\" async=\"\"><\/script><!-- BANNER ELORIENTE INCRUSTADO NOTAS --> <ins class=\"adsbygoogle\" style=\"display: inline-block; width: 300px; height: 250px;\" data-ad-client=\"ca-pub-1136171134853753\" data-ad-slot=\"7974633627\"><\/ins><script>\/\/ <![CDATA[ (adsbygoogle = window.adsbygoogle || []).push({}); \/\/ ]]><\/script><\/p>\n<p>El aspirante de esta convocatoria deber\u00e1 cumplir los siguientes requisitos:<\/p>\n<ul>\n<li>Acreditar la nacionalidad mexicana.<\/li>\n<li>Acreditar el grado de licenciatura o de maestr\u00eda, seg\u00fan corresponda.<\/li>\n<li>Acreditar un promedio m\u00ednimo de 8.0 en la escala de 1 a 10 utilizada en M\u00e9xico, o su equivalente, en el grado acad\u00e9mico inmediato anterior.<\/li>\n<li>Acreditar la aceptaci\u00f3n en el programa de posgrado de la instituci\u00f3n acad\u00e9mica en el extranjero que se pretende cursar o que se est\u00e1 cursando.<\/li>\n<li>Acreditar el dominio de la lengua en la que se imparten los estudios de posgrado.<\/li>\n<li>Tener un certificado vigente de dominio de ingl\u00e9s.<\/li>\n<li>Aceptar las Bases Generales de Participaci\u00f3n de la convocatoria.<\/li>\n<li>Cumplir el proceso de registro en los t\u00e9rminos y fechas establecidos en la presente convocatoria.<\/li>\n<\/ul>\n<p>Para participar en la convocatoria de este Programa, el aspirante deber\u00e1 registrarse en <a href=\"https:\/\/foncaenlinea.cultura.gob.mx\" target=\"_blank\" rel=\"noopener\">Foncaenlinea<\/a>\u00a0o actualizar sus datos personales, en caso de contar con un registro previo;\u00a0Llenar todos los apartados del formato de solicitud del Programa de Becas para Estudios en el Extranjero Fonca-Conacyt.<\/p>\n<p>Asimsimo, deber\u00e1 subir a Foncaenlinea los documentos y anexos requeridos, conforme al periodo de registro establecido. Las fechas para cargar los archivos son distintas para cada disciplina, por lo que es responsabilidad del aspirante revisar el apartado Periodo de registro de la convocatoria.<\/p>\n<p><script async src=\"\/\/pagead2.googlesyndication.com\/pagead\/js\/adsbygoogle.js\"><\/script> <ins class=\"adsbygoogle\" style=\"display: block; text-align: center;\" data-ad-layout=\"in-article\" data-ad-format=\"fluid\" data-ad-client=\"ca-pub-1136171134853753\" data-ad-slot=\"7980763077\"><\/ins> <script> (adsbygoogle = window.adsbygoogle || []).push({}); <\/script><\/p>\n<p>Despu\u00e9s de finalizar el registro en l\u00ednea, el aspirante no podr\u00e1 cambiar los archivos cargados ni agregar nuevos -independientemente de que la convocatoria contin\u00fae abierta- y se generar\u00e1 un aviso de registro con la clave de participaci\u00f3n correspondiente.<\/p>\n<p>Finalmente, el aspirante deber\u00e1 consultar el aviso de registro en la convocatoria, disponible en la cuenta del usuario en Foncaenlinea, en la pesta\u00f1a \u201cConvocatorias\u201d, en el apartado \u201cMis solicitudes\/Avisos Fonca\u201d, mismo que\u00a0indicar\u00e1 el estatus de la postulaci\u00f3n.<\/p>\n<p>El registro de postulaciones en l\u00ednea iniciar\u00e1 el 3 de junio de 2019 y concluir\u00e1 a las 15:00 h (horario de la Ciudad de M\u00e9xico), el 5 de julio de 2019 para las disciplinas de Danza, Estudios culturales, Gesti\u00f3n cultural, Letras, Restauraci\u00f3n del patrimonio cultural y Teatro; y el 12 de julio del mismo a\u00f1o para\u00a0Artes visuales, Arquitectura, Dise\u00f1o, Medios audiovisuales y M\u00fasica.<\/p>\n<p>Fechas Importantes<\/p>\n<p><a href=\"http:\/\/www.eloriente.net\/home\/wp-content\/uploads\/2019\/06\/Fechass.jpg\"><img loading=\"lazy\" decoding=\"async\" class=\"alignnone wp-image-56880\" src=\"http:\/\/www.eloriente.net\/home\/wp-content\/uploads\/2019\/06\/Fechass-1024x967.jpg\" alt=\"\" width=\"550\" height=\"519\" srcset=\"http:\/\/www.eloriente.net\/home\/wp-content\/uploads\/2019\/06\/Fechass-1024x967.jpg 1024w, http:\/\/www.eloriente.net\/home\/wp-content\/uploads\/2019\/06\/Fechass-300x283.jpg 300w, http:\/\/www.eloriente.net\/home\/wp-content\/uploads\/2019\/06\/Fechass-768x725.jpg 768w, http:\/\/www.eloriente.net\/home\/wp-content\/uploads\/2019\/06\/Fechass.jpg 1080w\" sizes=\"(max-width: 550px) 100vw, 550px\" \/><\/a><\/p>\n<p>Para m\u00e1s informaci\u00f3n consulta la <a href=\"https:\/\/foncaenlinea.cultura.gob.mx\/archivosbases\/bases_bee_2019_5257.pdf\" target=\"_blank\" rel=\"noopener\">Convocatoria<\/a> integra.<\/p>\n<p><script async src=\"\/\/pagead2.googlesyndication.com\/pagead\/js\/adsbygoogle.js\"><\/script><br \/>\n<ins class=\"adsbygoogle\" style=\"display: block;\" data-ad-format=\"autorelaxed\" data-ad-client=\"ca-pub-1136171134853753\" data-ad-slot=\"4595267748\"><\/ins><br \/>\n<script>\n     (adsbygoogle = window.adsbygoogle || []).push({});\n<\/script><\/p>\n\n\t\t\t  <div \n\t\t\t  \tclass = \"fb-comments\" \n\t\t\t  \tdata-href = \"http:\/\/www.eloriente.net\/home\/2019\/06\/04\/becas-para-estudiar-en-el-extranjero-2019\/\"\n\t\t\t  \tdata-numposts = \"10\"\n\t\t\t\tdata-colorscheme = \"dark\"\n\t\t\t\tdata-order-by = \"social\"\n\t\t\t\tdata-mobile=true>\n\t\t\t  <\/div>\n\t\t  <style>\n\t\t\t.fb_iframe_widget_fluid_desktop iframe {\n\t\t\t    width: 100% !important;\n\t\t\t}\n\t\t  <\/style>\n\t\t  ","protected":false},"excerpt":{"rendered":"<p>Estudia Maestr\u00eda o Doctorado en Arquitectura,\u00a0Artes,\u00a0Estudios culturales,\u00a0Gesti\u00f3n cultural,\u00a0Medios audiovisuales o\u00a0Restauraci\u00f3n del patrimonio cultural (www.eloriente.net, M\u00e9xico, 4 de junio de 2019, por Luis Alberto Osorio Ochoa).- A ti que estas reinventando los l\u00edmites, te compartimos la Convocatoria del Programa de becas para estudios de Doctorado y Maestr\u00eda en el extranjero FONCA-CONACYT 2019, que tiene como objetivo\u00a0impulsar [&hellip;]<\/p>\n","protected":false},"author":48,"featured_media":56881,"comment_status":"open","ping_status":"open","sticky":false,"template":"","format":"standard","meta":{"_jetpack_memberships_contains_paid_content":false,"footnotes":""},"categories":[3,18,32,13,10,31],"tags":[1732,9858,777],"class_list":["post-56879","post","type-post","status-publish","format-standard","has-post-thumbnail","hentry","category-canal-1-tu-aula","category-educacion-y-cultura","category-entradas","category-especiales","category-lo-mas-reciente","category-principal","tag-becas","tag-curriculum-internacional","tag-oportunidades"],"jetpack_featured_media_url":"http:\/\/www.eloriente.net\/home\/wp-content\/uploads\/2019\/06\/dance-1940245_1920-e1559676742788.jpg","jetpack_sharing_enabled":true,"_links":{"self":[{"href":"http:\/\/www.eloriente.net\/home\/wp-json\/wp\/v2\/posts\/56879"}],"collection":[{"href":"http:\/\/www.eloriente.net\/home\/wp-json\/wp\/v2\/posts"}],"about":[{"href":"http:\/\/www.eloriente.net\/home\/wp-json\/wp\/v2\/types\/post"}],"author":[{"embeddable":true,"href":"http:\/\/www.eloriente.net\/home\/wp-json\/wp\/v2\/users\/48"}],"replies":[{"embeddable":true,"href":"http:\/\/www.eloriente.net\/home\/wp-json\/wp\/v2\/comments?post=56879"}],"version-history":[{"count":1,"href":"http:\/\/www.eloriente.net\/home\/wp-json\/wp\/v2\/posts\/56879\/revisions"}],"predecessor-version":[{"id":56882,"href":"http:\/\/www.eloriente.net\/home\/wp-json\/wp\/v2\/posts\/56879\/revisions\/56882"}],"wp:featuredmedia":[{"embeddable":true,"href":"http:\/\/www.eloriente.net\/home\/wp-json\/wp\/v2\/media\/56881"}],"wp:attachment":[{"href":"http:\/\/www.eloriente.net\/home\/wp-json\/wp\/v2\/media?parent=56879"}],"wp:term":[{"taxonomy":"category","embeddable":true,"href":"http:\/\/www.eloriente.net\/home\/wp-json\/wp\/v2\/categories?post=56879"},{"taxonomy":"post_tag","embeddable":true,"href":"http:\/\/www.eloriente.net\/home\/wp-json\/wp\/v2\/tags?post=56879"}],"curies":[{"name":"wp","href":"https:\/\/api.w.org\/{rel}","templated":true}]}}