{"id":57118,"date":"2019-06-28T10:16:09","date_gmt":"2019-06-28T16:16:09","guid":{"rendered":"http:\/\/www.eloriente.net\/home\/?p=57118"},"modified":"2019-07-18T13:01:50","modified_gmt":"2019-07-18T19:01:50","slug":"red-universitaria-de-gestion-cultural-en-mexico","status":"publish","type":"post","link":"http:\/\/www.eloriente.net\/home\/2019\/06\/28\/red-universitaria-de-gestion-cultural-en-mexico\/","title":{"rendered":"Red Universitaria de Gesti\u00f3n Cultural en M\u00e9xico"},"content":{"rendered":"<p>(Canal 44, Guadalajara, Jalisco, a 27 de junio de 2019, por: Ignacio P\u00e9rez Vega).-\u00a0Se conform\u00f3 la Red Universitaria de Gesti\u00f3n Cultural M\u00e9xico, integrada por 10 universidades p\u00fablicas y particulares, con el prop\u00f3sito de consolidar la profesi\u00f3n de los gestores culturales, la investigaci\u00f3n en el tema y el intercambio de profesores y estudiantes.<\/p>\n<p>Las universidades que conforman la Red son el ITESO, el Instituto Tecnol\u00f3gico de Sonora, la Universidad Aut\u00f3noma Benito Ju\u00e1rez de Oaxaca, la Universidad Aut\u00f3noma de la Ciudad de M\u00e9xico, la Universidad Aut\u00f3noma Metropolitana, la Universidad de Guadalajara, la Universidad de Guanajuato, la Universidad de la Ci\u00e9nega de Michoac\u00e1n, la Universidad Ju\u00e1rez Aut\u00f3noma de Tabasco y la Universidad Veracruzana.<\/p>\n<p>Ahtziri Molina Rold\u00e1n, presidenta de la Red Universitaria de Investigaci\u00f3n Cultural M\u00e9xico, dijo que<strong>\u00a0la Red ya estaba en operaci\u00f3n<\/strong>, sin embargo, hasta ahora se le dio soporte legal, sobre todo porque se quiere avanzar para que las universidades cumplan con uno de sus objetivos esenciales, que es la difusi\u00f3n de la cultura hacia la sociedad.<\/p>\n<p><em>\u201cNosotros hemos conformado el d\u00eda de hoy la Red Universitaria de Gesti\u00f3n Cultural M\u00e9xico, donde diversas instituciones p\u00fablicas y privadas, se unen para fortalecer el trabajo colaborativo en conjunto, con miras a<strong>\u00a0fortalecer la gesti\u00f3n cultural como un \u00e1rea de conocimiento<\/strong>\u00a0al interior de las instituciones de educaci\u00f3n superior<\/em>\u201c, se\u00f1al\u00f3.<\/p>\n<p><script async src=\"\/\/\"><\/script><br \/>\n<ins class=\"adsbygoogle\" style=\"display: block; text-align: center;\" data-ad-layout=\"in-article\" data-ad-format=\"fluid\" data-ad-client=\"ca-pub-1136171134853753\" data-ad-slot=\"8578966557\"><\/ins><br \/>\n<script>\n     (adsbygoogle = window.adsbygoogle || []).push({});\n<\/script><br \/>\nPor su parte, el rector general de la UdeG, Ricardo Villanueva Lomel\u00ed, ponder\u00f3 la importancia de la casa de estudios jalisciense, como protagonista en la vida cultural del occidente del pa\u00eds.<\/p>\n<p><em>\u201cEn materia de gesti\u00f3n cultural,<strong>\u00a0la UdeG ha sido un activo para Jalisco y para todo el pa\u00eds, con procesos cr\u00edticos y de entendimiento<\/strong>\u00a0de hacia d\u00f3nde va la cultura, qu\u00e9 no es y qu\u00e9 s\u00ed es, pero s\u00ed entendemos la importancia de las universidades en la gesti\u00f3n cultural\u201d,<\/em>se\u00f1al\u00f3.<\/p>\n<p>En entrevista, Mar\u00eda Esther Avelar, rectora del Sistema de Universidad Virtual (SUV), se\u00f1al\u00f3 que la Red permitir\u00e1 que los estudiantes de gesti\u00f3n cultural, puedan<strong>\u00a0ir a otros estados, a realizar estancias acad\u00e9micas.<\/strong><\/p>\n<p><em>\u201cNos va a permitir la movilidad de docentes y estudiantes, ya sea en l\u00ednea o en forma presencial, seg\u00fan las caracter\u00edsticas de cada programa\u201d,<\/em>\u00a0se\u00f1al\u00f3.<\/p>\n<div class=\"abh_box abh_box_down abh_box_fancy\"><\/div>\n<blockquote class=\"twitter-tweet\" data-lang=\"es\">\n<p dir=\"ltr\" lang=\"es\"><a href=\"https:\/\/twitter.com\/hashtag\/Universidades?src=hash&amp;ref_src=twsrc%5Etfw\">#Universidades<\/a> necesitan apoyarse unas a las otras. No importa si son privadas o p\u00fablicas. All\u00ed est\u00e1 la verdadera transformaci\u00f3n del pa\u00eds.<br \/>\nAhora, se conform\u00f3 oficialmente la Red Universitaria en <a href=\"https:\/\/twitter.com\/hashtag\/Gesti%C3%B3nCultural?src=hash&amp;ref_src=twsrc%5Etfw\">#Gesti\u00f3nCultural<\/a>:<a href=\"https:\/\/t.co\/kghir9vK6g\">https:\/\/t.co\/kghir9vK6g<\/a><a href=\"https:\/\/twitter.com\/UABJO?ref_src=twsrc%5Etfw\">@UABJO<\/a> <a href=\"https:\/\/twitter.com\/hashtag\/MareaUniversitaria?src=hash&amp;ref_src=twsrc%5Etfw\">#MareaUniversitaria<\/a> \ud83c\udfa5 <a href=\"https:\/\/twitter.com\/CANAL44TV?ref_src=twsrc%5Etfw\">@CANAL44TV<\/a> <a href=\"https:\/\/t.co\/btCwJ3HUOl\">pic.twitter.com\/btCwJ3HUOl<\/a><\/p>\n<p>\u2014 El Oriente (@El_Oriente) <a href=\"https:\/\/twitter.com\/El_Oriente\/status\/1144641897673175040?ref_src=twsrc%5Etfw\">28 de junio de 2019<\/a><\/p><\/blockquote>\n<p><script async src=\"https:\/\/platform.twitter.com\/widgets.js\" charset=\"utf-8\"><\/script><\/p>\n\n\t\t\t  <div \n\t\t\t  \tclass = \"fb-comments\" \n\t\t\t  \tdata-href = \"http:\/\/www.eloriente.net\/home\/2019\/06\/28\/red-universitaria-de-gestion-cultural-en-mexico\/\"\n\t\t\t  \tdata-numposts = \"10\"\n\t\t\t\tdata-colorscheme = \"dark\"\n\t\t\t\tdata-order-by = \"social\"\n\t\t\t\tdata-mobile=true>\n\t\t\t  <\/div>\n\t\t  <style>\n\t\t\t.fb_iframe_widget_fluid_desktop iframe {\n\t\t\t    width: 100% !important;\n\t\t\t}\n\t\t  <\/style>\n\t\t  ","protected":false},"excerpt":{"rendered":"<p>(Canal 44, Guadalajara, Jalisco, a 27 de junio de 2019, por: Ignacio P\u00e9rez Vega).-\u00a0Se conform\u00f3 la Red Universitaria de Gesti\u00f3n Cultural M\u00e9xico, integrada por 10 universidades p\u00fablicas y particulares, con el prop\u00f3sito de consolidar la profesi\u00f3n de los gestores culturales, la investigaci\u00f3n en el tema y el intercambio de profesores y estudiantes. Las universidades que [&hellip;]<\/p>\n","protected":false},"author":57,"featured_media":57119,"comment_status":"open","ping_status":"open","sticky":false,"template":"","format":"standard","meta":{"_jetpack_memberships_contains_paid_content":false,"footnotes":""},"categories":[49,18,32,63,10,464,8677,84],"tags":[1526,10522,10523,182],"class_list":["post-57118","post","type-post","status-publish","format-standard","has-post-thumbnail","hentry","category-destacadas","category-educacion-y-cultura","category-entradas","category-estados","category-lo-mas-reciente","category-oaxaca-estados","category-uabjo","category-universidades","tag-gestion-cultural","tag-gestion-cultural-mexico","tag-red-de-gestion-cultural","tag-uabjo"],"jetpack_featured_media_url":"http:\/\/www.eloriente.net\/home\/wp-content\/uploads\/2019\/06\/Red-Universitaria-de-Gestio\u0301n-Cultural-Ignacio-Lopez-696x412.jpg","jetpack_sharing_enabled":true,"_links":{"self":[{"href":"http:\/\/www.eloriente.net\/home\/wp-json\/wp\/v2\/posts\/57118"}],"collection":[{"href":"http:\/\/www.eloriente.net\/home\/wp-json\/wp\/v2\/posts"}],"about":[{"href":"http:\/\/www.eloriente.net\/home\/wp-json\/wp\/v2\/types\/post"}],"author":[{"embeddable":true,"href":"http:\/\/www.eloriente.net\/home\/wp-json\/wp\/v2\/users\/57"}],"replies":[{"embeddable":true,"href":"http:\/\/www.eloriente.net\/home\/wp-json\/wp\/v2\/comments?post=57118"}],"version-history":[{"count":2,"href":"http:\/\/www.eloriente.net\/home\/wp-json\/wp\/v2\/posts\/57118\/revisions"}],"predecessor-version":[{"id":57121,"href":"http:\/\/www.eloriente.net\/home\/wp-json\/wp\/v2\/posts\/57118\/revisions\/57121"}],"wp:featuredmedia":[{"embeddable":true,"href":"http:\/\/www.eloriente.net\/home\/wp-json\/wp\/v2\/media\/57119"}],"wp:attachment":[{"href":"http:\/\/www.eloriente.net\/home\/wp-json\/wp\/v2\/media?parent=57118"}],"wp:term":[{"taxonomy":"category","embeddable":true,"href":"http:\/\/www.eloriente.net\/home\/wp-json\/wp\/v2\/categories?post=57118"},{"taxonomy":"post_tag","embeddable":true,"href":"http:\/\/www.eloriente.net\/home\/wp-json\/wp\/v2\/tags?post=57118"}],"curies":[{"name":"wp","href":"https:\/\/api.w.org\/{rel}","templated":true}]}}