{"id":57148,"date":"2019-07-05T09:55:58","date_gmt":"2019-07-05T15:55:58","guid":{"rendered":"http:\/\/www.eloriente.net\/home\/?p=57148"},"modified":"2019-07-05T23:20:17","modified_gmt":"2019-07-06T05:20:17","slug":"sentido-de-vida-por-fernando-alonso","status":"publish","type":"post","link":"http:\/\/www.eloriente.net\/home\/2019\/07\/05\/sentido-de-vida-por-fernando-alonso\/","title":{"rendered":"\u00bfSentido de vida?, por Fernando Alonso"},"content":{"rendered":"<p>Por:\u00a0Psic. Fernando Arturo Alonso<\/p>\n<p>Los seres humanos somos los \u00fanicos seres de la naturaleza que tenemos conciencia de nuestra propia existencia, sabemos que somos finitos y que inevitablemente habr\u00e1 un desenlace, por lo tanto necesitamos acercarnos a un prop\u00f3sito para que nuestra vida tenga sentido. Este tema siempre ha sido uno de los puntos de mayor pol\u00e9mica dentro del mundo de la filosof\u00eda y la psicolog\u00eda, pues hablar del sentido de la existencia es realmente ambiguo, dado que existen variables como la cultura, la edad, el desarrollo econ\u00f3mico, las historias que flotan alrededor del concepto \u201csentido de vida\u201d y no permiten una homologaci\u00f3n o generalizaci\u00f3n.<\/p>\n<p>Si revisamos este tema desde una perspectiva m\u00e1s amplia, podemos observar como dependiendo del lado del mundo donde nos encontremos vamos a tener una visi\u00f3n distinta e incluso opuesta respecto a lo que es \u201csentido de vida\u201d, pues en oriente \u2013como explica Erick Fromm en su libro budismo y psicoan\u00e1lisis- no se busca la perspectiva de sentido de vida, pues la cultura induce al individuo a un \u201cyo colectivo\u201d, es decir, el sujeto va m\u00e1s all\u00e1 de su individualidad para servir a los fines y prop\u00f3sitos de su medio, comunidad o incluso la naturaleza, por lo cual tiene armon\u00eda y las actividades m\u00e1s sencillas tienen un significado impl\u00edcito que no necesita reafirmarse o reconocerse, dichos significados se imprimen en todas las actividades humanas \u2013por eso cuando vemos a los japoneses podemos observar como la disciplina, el respeto y las reverencias son algo impl\u00edcito y natural para ellos.<\/p>\n<p><script async src=\"\/\/pagead2.googlesyndication.com\/pagead\/js\/adsbygoogle.js\"><\/script> <ins class=\"adsbygoogle\" style=\"display: block; text-align: center;\" data-ad-layout=\"in-article\" data-ad-format=\"fluid\" data-ad-client=\"ca-pub-1136171134853753\" data-ad-slot=\"7980763077\"><\/ins> <script> (adsbygoogle = window.adsbygoogle || []).push({}); <\/script>El gran desaf\u00edo se encuentra en occidente, pues de este lado del mundo tendemos a ser egoc\u00e9ntricos, y por lo tanto a sentirnos aislados o no conectados ni con los dem\u00e1s ni con la naturaleza, basta con voltear y observar nuestra cotidianidad para verificar este dato, igual sirve ver las noticias en portales informativos para reafirmar que tendemos a buscar de manera autom\u00e1tica nuestro beneficio en infinidad de situaciones (hay que aclarar que esto no es malo, pero <strong><em>un exceso de egocentrismo<\/em><\/strong> si representa un problema pues desatendemos a otros y al ambiente) lo que lleva en muchas ocasiones a conflictos de tipo emocional, pues el ser humano no puede existir en aislamiento, necesariamente requiere de la interacci\u00f3n con otros para alcanzar su plenitud y bienestar.<\/p>\n<p>Desarrollemos un poco m\u00e1s la dupla de egocentrismo y sentido de vida, partamos del hecho de un sujeto \u2013solo- que es consciente de la brevedad de su existencia, esta noticia le entristece pues sabe que no vivir\u00e1 por siempre y desea buscar refugio en algo que trascienda a s\u00ed mismo: el sentido de vida. El detalle es que esta ilusi\u00f3n de aislamiento le ciega a lo que realmente le rodea, si por un momento se detuviera y se quitara la venda \u2013que en la met\u00e1fora es el egocentrismo- podr\u00eda ver que su \u201csentido\u201d est\u00e1 vinculado a la forma en que trata, ayuda y sirve a otros, como refiere Pepe M\u00fagica, ex presidente del Uruguay, los monumentos como las estatuas con el paso del tiempo se desgastan y olvidan, pero los hechos y el servicio a los dem\u00e1s perdura en la memoria de la gente.<\/p>\n<p>Una vez entendiendo la cuesti\u00f3n cultural del egocentrismo que nos pertenece, la cuesti\u00f3n central es <strong><em>\u00bfC\u00f3mo podemos hallar sentido a nuestra existencia?<\/em><\/strong> En realidad, no hay una respuesta espec\u00edfica o definida para poder contestar esta pregunta, pero si hay pistas que pueden aproximarnos a una respuesta personal, en esta l\u00ednea la historia personal, experiencia y teor\u00eda de V\u00edctor Frankl puede ser un referente valioso, pues como explica en su obra <strong><em>\u201cel hombre en busca de sentido\u201d<\/em><\/strong> en la peor de las circunstancias hay algo inherente a los seres humanos que no puede sernos arrebatado: la libertad de decidir.<\/p>\n<p>Otra clave es tener en cuenta lo que se mencion\u00f3 anteriormente respecto a la necesidad humana de convivir con otros, pues es incluso terap\u00e9utico cuando una persona busca brindar servicio o apoyar a los dem\u00e1s, pues a nivel cerebral se activa diferentes estructuras que permiten un acercamiento real con el otro y un sentido de conexi\u00f3n.<\/p>\n<p>Desde mi perspectiva considero fundamental desarrollar <strong><em>el pensamiento cr\u00edtico<\/em><\/strong> que nos permita ver m\u00e1s alla de lo establecido y las rutinas que repetimos d\u00eda a d\u00eda, pues la clave est\u00e1 en la forma y los contenidos que percibimos pues determinan nuestro sentido de vida.<\/p>\n\n\t\t\t  <div \n\t\t\t  \tclass = \"fb-comments\" \n\t\t\t  \tdata-href = \"http:\/\/www.eloriente.net\/home\/2019\/07\/05\/sentido-de-vida-por-fernando-alonso\/\"\n\t\t\t  \tdata-numposts = \"10\"\n\t\t\t\tdata-colorscheme = \"dark\"\n\t\t\t\tdata-order-by = \"social\"\n\t\t\t\tdata-mobile=true>\n\t\t\t  <\/div>\n\t\t  <style>\n\t\t\t.fb_iframe_widget_fluid_desktop iframe {\n\t\t\t    width: 100% !important;\n\t\t\t}\n\t\t  <\/style>\n\t\t  ","protected":false},"excerpt":{"rendered":"<p>Por:\u00a0Psic. Fernando Arturo Alonso Los seres humanos somos los \u00fanicos seres de la naturaleza que tenemos conciencia de nuestra propia existencia, sabemos que somos finitos y que inevitablemente habr\u00e1 un desenlace, por lo tanto necesitamos acercarnos a un prop\u00f3sito para que nuestra vida tenga sentido. Este tema siempre ha sido uno de los puntos de [&hellip;]<\/p>\n","protected":false},"author":51,"featured_media":57149,"comment_status":"open","ping_status":"open","sticky":false,"template":"","format":"standard","meta":{"_jetpack_memberships_contains_paid_content":false,"footnotes":""},"categories":[11,10503,10504,30],"tags":[10531,10530,10427,1569,10529],"class_list":["post-57148","post","type-post","status-publish","format-standard","has-post-thumbnail","hentry","category-colaboradores","category-fernando-alonso","category-las-ultimas-12","category-salud","tag-colectividad","tag-egocentrismo","tag-fernando-alonso","tag-psicologia","tag-sentido-de-vida"],"jetpack_featured_media_url":"http:\/\/www.eloriente.net\/home\/wp-content\/uploads\/2019\/07\/alone-2666433_1920-filtro.jpg","jetpack_sharing_enabled":true,"_links":{"self":[{"href":"http:\/\/www.eloriente.net\/home\/wp-json\/wp\/v2\/posts\/57148"}],"collection":[{"href":"http:\/\/www.eloriente.net\/home\/wp-json\/wp\/v2\/posts"}],"about":[{"href":"http:\/\/www.eloriente.net\/home\/wp-json\/wp\/v2\/types\/post"}],"author":[{"embeddable":true,"href":"http:\/\/www.eloriente.net\/home\/wp-json\/wp\/v2\/users\/51"}],"replies":[{"embeddable":true,"href":"http:\/\/www.eloriente.net\/home\/wp-json\/wp\/v2\/comments?post=57148"}],"version-history":[{"count":1,"href":"http:\/\/www.eloriente.net\/home\/wp-json\/wp\/v2\/posts\/57148\/revisions"}],"predecessor-version":[{"id":57150,"href":"http:\/\/www.eloriente.net\/home\/wp-json\/wp\/v2\/posts\/57148\/revisions\/57150"}],"wp:featuredmedia":[{"embeddable":true,"href":"http:\/\/www.eloriente.net\/home\/wp-json\/wp\/v2\/media\/57149"}],"wp:attachment":[{"href":"http:\/\/www.eloriente.net\/home\/wp-json\/wp\/v2\/media?parent=57148"}],"wp:term":[{"taxonomy":"category","embeddable":true,"href":"http:\/\/www.eloriente.net\/home\/wp-json\/wp\/v2\/categories?post=57148"},{"taxonomy":"post_tag","embeddable":true,"href":"http:\/\/www.eloriente.net\/home\/wp-json\/wp\/v2\/tags?post=57148"}],"curies":[{"name":"wp","href":"https:\/\/api.w.org\/{rel}","templated":true}]}}