{"id":57205,"date":"2019-07-13T13:40:58","date_gmt":"2019-07-13T19:40:58","guid":{"rendered":"http:\/\/www.eloriente.net\/home\/?p=57205"},"modified":"2019-07-13T13:47:25","modified_gmt":"2019-07-13T19:47:25","slug":"13-de-julio-dia-mundial-del-rock","status":"publish","type":"post","link":"http:\/\/www.eloriente.net\/home\/2019\/07\/13\/13-de-julio-dia-mundial-del-rock\/","title":{"rendered":"13 de julio, D\u00eda Mundial del Rock"},"content":{"rendered":"<p>Por: N22<\/p>\n<p>Este d\u00eda se conmemora a nivel mundial el g\u00e9nero musical m\u00e1s revolucionario, provocador y contracultural de la historia: el Rock and Roll. \u00bfC\u00f3mo y por qu\u00e9? Un d\u00eda como hoy, 13 de julio, pero de hace 32 a\u00f1os, grandes int\u00e9rpretes de la m\u00fasica se unieron con un solo fin y con una sola causa: ayudar a Etiop\u00eda ante la gran emergencia que viv\u00eda la poblaci\u00f3n ante la falta de agua potable y alimentos.<\/p>\n<p><strong>Sequ\u00eda y rebeli\u00f3n<\/strong><\/p>\n<p>Despu\u00e9s de una gran sequ\u00eda entre 1983 y 1985, Etiop\u00eda vivi\u00f3 una de sus hambrunas m\u00e1s devastadoras. En aquellos a\u00f1os, la sequ\u00eda hab\u00eda diezmado las cosechas y aproximadamente un mill\u00f3n de personas murieron por la falta de alimentos. Fue entonces que el mundo se puso alerta.<\/p>\n<p><script async src=\"\/\/pagead2.googlesyndication.com\/pagead\/js\/adsbygoogle.js\"><\/script> <ins class=\"adsbygoogle\" style=\"display: block; text-align: center;\" data-ad-layout=\"in-article\" data-ad-format=\"fluid\" data-ad-client=\"ca-pub-1136171134853753\" data-ad-slot=\"7980763077\"><\/ins> <script> (adsbygoogle = window.adsbygoogle || []).push({}); <\/script>Etiop\u00eda no solo combat\u00eda la hambruna, sino que tambi\u00e9n enfrentaba rebeliones en las provincias norte\u00f1as de Eritrea y Tigray. La mayor parte de las zonas rurales estaban fuera del control gubernamental. Las crisis alimentarias en Etiop\u00eda son c\u00edclicas, sin embargo, la ausencia de lluvias no fue el \u00fanico factor que contribuy\u00f3 a la hambruna en el pa\u00eds africano, factores pol\u00edticos\u00a0como la corrupci\u00f3n y el desv\u00edo de recursos p\u00fablicos,\u00a0tambi\u00e9n influyeron de manera decisiva.<\/p>\n<p><strong>Iniciativa rockanrolera<\/strong><\/p>\n<p>La cadena BBC mostr\u00f3 al mundo lo que ocurr\u00eda, esto impuls\u00f3 al m\u00fasico y al actor Bob Geldof a viajar para conocer \u00a0sobre el terreno lo que estaba pasando en \u00c1frica y posteriormente a crear la fundaci\u00f3n Band Aid Trust, encargada de manejar y distribuir toda la ayuda que se lograra recaudar gracias a dos conciertos que llevaron por nombre Live Aid (Ayuda en vivo).<\/p>\n<p>Para lograr la atenci\u00f3n del mundo Geldof y su amigo Midge Ure, cofundador del organismo y cantante de Ultravox, lograron comunicarse con la mayor\u00eda de las grandes figuras del \u00e1mbito musical de la \u00e9poca, quienes participaron de manera voluntaria.<\/p>\n<p>Fueron dos conciertos realizados el 13 de julio de 1985 de forma simult\u00e1nea en el Estadio Wembley de Londres, Inglaterra, y en el John F. Kennedy Stadium de Filadelfia, Estados Unidos. \u201cDo they know It\u00b4s Christmas?\u201d\u00a0y \u201cWe are the world\u201d fueron los grandes himnos de Live Aid, la gran participaci\u00f3n de artistas logr\u00f3 que el evento resultara un gran \u00e9xito, recaudando m\u00e1s de \u00a0100 millones de d\u00f3lares. Asimismo, fue transmitido en 72 pa\u00edses para una audiencia de m\u00e1s de mil 500 millones de espectadores en directo, por televisi\u00f3n. Durante el desarrollo del encuentro se transmitieron im\u00e1genes de la severa hambruna que atravesaba el pa\u00eds africano por la cadena de televisi\u00f3n BBC.<\/p>\n<p>Live Aid fue considerado uno de los festivales de ayuda humanitaria m\u00e1s exitosos de todos los tiempos. Cont\u00f3 con la participaci\u00f3n de varias leyendas del rock como: The Who, Led Zeppelin, Queen, Sting, Duran Duran, Judas Priest, Black Sabbath, Status Quo, U2, Paul McCartney, Phil Collins, Eric Clapton, The Rolling Stones, Tina Turner, David Bowie y Madonna.<\/p>\n<p>Debido a la importancia del evento, al congregar sobre todo a grandes bandas de rock por una causa noble, el 13 de julio fue nombrado como el D\u00eda Mundial del Rock.<\/p>\n<p><iframe loading=\"lazy\" src=\"https:\/\/www.youtube.com\/embed\/TkFHYODzRTs\" width=\"560\" height=\"315\" frameborder=\"0\" allowfullscreen=\"allowfullscreen\"><\/iframe><\/p>\n\n\t\t\t  <div \n\t\t\t  \tclass = \"fb-comments\" \n\t\t\t  \tdata-href = \"http:\/\/www.eloriente.net\/home\/2019\/07\/13\/13-de-julio-dia-mundial-del-rock\/\"\n\t\t\t  \tdata-numposts = \"10\"\n\t\t\t\tdata-colorscheme = \"dark\"\n\t\t\t\tdata-order-by = \"social\"\n\t\t\t\tdata-mobile=true>\n\t\t\t  <\/div>\n\t\t  <style>\n\t\t\t.fb_iframe_widget_fluid_desktop iframe {\n\t\t\t    width: 100% !important;\n\t\t\t}\n\t\t  <\/style>\n\t\t  ","protected":false},"excerpt":{"rendered":"<p>Por: N22 Este d\u00eda se conmemora a nivel mundial el g\u00e9nero musical m\u00e1s revolucionario, provocador y contracultural de la historia: el Rock and Roll. \u00bfC\u00f3mo y por qu\u00e9? Un d\u00eda como hoy, 13 de julio, pero de hace 32 a\u00f1os, grandes int\u00e9rpretes de la m\u00fasica se unieron con un solo fin y con una sola [&hellip;]<\/p>\n","protected":false},"author":57,"featured_media":57206,"comment_status":"open","ping_status":"open","sticky":false,"template":"","format":"standard","meta":{"_jetpack_memberships_contains_paid_content":false,"footnotes":""},"categories":[10504],"tags":[10557,180,149,3410],"class_list":["post-57205","post","type-post","status-publish","format-standard","has-post-thumbnail","hentry","category-las-ultimas-12","tag-dia-mundial-del-rock","tag-historia","tag-musica","tag-rock"],"jetpack_featured_media_url":"http:\/\/www.eloriente.net\/home\/wp-content\/uploads\/2019\/07\/dia-del-rock.jpg","jetpack_sharing_enabled":true,"_links":{"self":[{"href":"http:\/\/www.eloriente.net\/home\/wp-json\/wp\/v2\/posts\/57205"}],"collection":[{"href":"http:\/\/www.eloriente.net\/home\/wp-json\/wp\/v2\/posts"}],"about":[{"href":"http:\/\/www.eloriente.net\/home\/wp-json\/wp\/v2\/types\/post"}],"author":[{"embeddable":true,"href":"http:\/\/www.eloriente.net\/home\/wp-json\/wp\/v2\/users\/57"}],"replies":[{"embeddable":true,"href":"http:\/\/www.eloriente.net\/home\/wp-json\/wp\/v2\/comments?post=57205"}],"version-history":[{"count":1,"href":"http:\/\/www.eloriente.net\/home\/wp-json\/wp\/v2\/posts\/57205\/revisions"}],"predecessor-version":[{"id":57207,"href":"http:\/\/www.eloriente.net\/home\/wp-json\/wp\/v2\/posts\/57205\/revisions\/57207"}],"wp:featuredmedia":[{"embeddable":true,"href":"http:\/\/www.eloriente.net\/home\/wp-json\/wp\/v2\/media\/57206"}],"wp:attachment":[{"href":"http:\/\/www.eloriente.net\/home\/wp-json\/wp\/v2\/media?parent=57205"}],"wp:term":[{"taxonomy":"category","embeddable":true,"href":"http:\/\/www.eloriente.net\/home\/wp-json\/wp\/v2\/categories?post=57205"},{"taxonomy":"post_tag","embeddable":true,"href":"http:\/\/www.eloriente.net\/home\/wp-json\/wp\/v2\/tags?post=57205"}],"curies":[{"name":"wp","href":"https:\/\/api.w.org\/{rel}","templated":true}]}}