{"id":57208,"date":"2019-07-15T13:48:32","date_gmt":"2019-07-15T19:48:32","guid":{"rendered":"http:\/\/www.eloriente.net\/home\/?p=57208"},"modified":"2019-07-15T13:50:25","modified_gmt":"2019-07-15T19:50:25","slug":"presentan-manual-de-seguridad-en-instituciones-de-educacion-superior","status":"publish","type":"post","link":"http:\/\/www.eloriente.net\/home\/2019\/07\/15\/presentan-manual-de-seguridad-en-instituciones-de-educacion-superior\/","title":{"rendered":"Presentan Manual de Seguridad en Instituciones de Educaci\u00f3n Superior"},"content":{"rendered":"<p>En el marco de la presentaci\u00f3n del \u00abManual de Estudio de Capacidades sobre Seguridad Universitaria y Emergencia en las Instituciones de Educaci\u00f3n Superior\u00bb, presentado en la Universidad Aut\u00f3noma Benito Ju\u00e1rez de Oaxaca (UABJO), la Mtra. Ang\u00e9lica Garnica Sosa, consultora y especialista en Seguridad y Prevenci\u00f3n Social de la Violencia y la Delincuencia, desarroll\u00f3 algunos puntos relevantes del documento.<\/p>\n<p>La Mtra. Garnica plante\u00f3 cinco retos principales en el quehacer en materia de seguridad p\u00fablica para los tres \u00f3rdenes de gobierno y para la ciudadan\u00eda que pueden generar cambios a corto plazo.<\/p>\n<p>Los retos son: atender las causas estructurales que generan violencias y delitos, desarrollar capacidades institucionales, evolucionar en la construcci\u00f3n de una ciudadan\u00eda m\u00e1s informada, participativa, responsable y corresponsable, impartici\u00f3n de justicia y gobernabilidad.<\/p>\n<p>Refiri\u00f3 que \u201cNo basta con decir que tenemos un terrible problema de delincuencia, tenemos que saber d\u00f3nde, cu\u00e1ndo, por qu\u00e9; ya sabemos que es un tema generalizado\u201d.<\/p>\n<p>Ante este panorama, las primeras recomendaciones del Manual son: realizar un diagn\u00f3stico interno de la instituci\u00f3n, capacitaci\u00f3n del personal de seguridad y comunidad universitaria y la tercera recomendaci\u00f3n es catalogar los incidentes desde aquellos que se pueden considerar faltas administrativas que, pasando por un C\u00f3digo rojo que ponga en riesgo la integridad f\u00edsica de estudiantes, o el C\u00f3digo Negro que es un riesgo inminente a la vida de un integrante de la comunidad.<\/p>\n<p>El documento fue\u00a0Aprobado por el Consejo Nacional de la Asociaci\u00f3n Nacional de Universidades e Instituciones de Educaci\u00f3n Superior (ANUIES) a cargo de la Mtra. Ang\u00e9lica Garnica, e incorpora la revisi\u00f3n y comentarios de las secretar\u00edas federales de Seguridad P\u00fablica y de Gobernaci\u00f3n, as\u00ed como aportaciones de las IES asociadas a la ANUIES.<\/p>\n<p>En su intervenci\u00f3n el rector de la Universidad Aut\u00f3noma \u00abBenito Ju\u00e1rez\u00bb de Oaxaca (UABJO,) Dr. Eduardo Bautista, afirm\u00f3 que \u201cTodas y todos debemos participar en la formaci\u00f3n de una ciudadan\u00eda proactiva en la soluci\u00f3n, anticipaci\u00f3n o prevenci\u00f3n de problemas relacionados con la seguridad al interior de la universidad, ampliando el proceso desde una perspectiva hol\u00edstica\u00bb.<\/p>\n<p>Frente a una nutrida presencia de personal administrativo, el rector afirm\u00f3 que la autonom\u00eda universitaria de ninguna manera atenta contra el Estado de Derecho y, por lo tanto, la seguridad debe constituir el com\u00fan denominador de todas las instituciones.<\/p>\n<p>En ese contexto, el Dr. Bautista se\u00f1al\u00f3 que la comunidad universitaria, est\u00e1 convocada a implementar modelos de prevenci\u00f3n a partir de la restauraci\u00f3n del tejido social. \u201cNos conmina, no s\u00f3lo a la formaci\u00f3n de profesionistas, sino a la conformaci\u00f3n de un esquema de seguridad m\u00e1s amplio que involucre a todos los sectores de seguridad en beneficio de causas comunes\u201d, puntualiz\u00f3.<\/p>\n\n\t\t\t  <div \n\t\t\t  \tclass = \"fb-comments\" \n\t\t\t  \tdata-href = \"http:\/\/www.eloriente.net\/home\/2019\/07\/15\/presentan-manual-de-seguridad-en-instituciones-de-educacion-superior\/\"\n\t\t\t  \tdata-numposts = \"10\"\n\t\t\t\tdata-colorscheme = \"dark\"\n\t\t\t\tdata-order-by = \"social\"\n\t\t\t\tdata-mobile=true>\n\t\t\t  <\/div>\n\t\t  <style>\n\t\t\t.fb_iframe_widget_fluid_desktop iframe {\n\t\t\t    width: 100% !important;\n\t\t\t}\n\t\t  <\/style>\n\t\t  ","protected":false},"excerpt":{"rendered":"<p>En el marco de la presentaci\u00f3n del \u00abManual de Estudio de Capacidades sobre Seguridad Universitaria y Emergencia en las Instituciones de Educaci\u00f3n Superior\u00bb, presentado en la Universidad Aut\u00f3noma Benito Ju\u00e1rez de Oaxaca (UABJO), la Mtra. Ang\u00e9lica Garnica Sosa, consultora y especialista en Seguridad y Prevenci\u00f3n Social de la Violencia y la Delincuencia, desarroll\u00f3 algunos puntos [&hellip;]<\/p>\n","protected":false},"author":57,"featured_media":57209,"comment_status":"open","ping_status":"open","sticky":false,"template":"","format":"standard","meta":{"_jetpack_memberships_contains_paid_content":false,"footnotes":""},"categories":[1588,18,10504,8677,84],"tags":[10558,10559,206,182],"class_list":["post-57208","post","type-post","status-publish","format-standard","has-post-thumbnail","hentry","category-comunicados-y-boletines","category-educacion-y-cultura","category-las-ultimas-12","category-uabjo","category-universidades","tag-angelica-garnica-sosa","tag-manual-de-estudio-de-capacidades-sobre-seguridad-universitaria-y-emergencia-en-las-instituciones-de-educacion-superior","tag-seguridad","tag-uabjo"],"jetpack_featured_media_url":"http:\/\/www.eloriente.net\/home\/wp-content\/uploads\/2019\/07\/110719-CONFE-Y-MANUAL-SEGURIDAD-UNIVESIDADES-GARNICA-CECAD-4-filtro.jpg","jetpack_sharing_enabled":true,"_links":{"self":[{"href":"http:\/\/www.eloriente.net\/home\/wp-json\/wp\/v2\/posts\/57208"}],"collection":[{"href":"http:\/\/www.eloriente.net\/home\/wp-json\/wp\/v2\/posts"}],"about":[{"href":"http:\/\/www.eloriente.net\/home\/wp-json\/wp\/v2\/types\/post"}],"author":[{"embeddable":true,"href":"http:\/\/www.eloriente.net\/home\/wp-json\/wp\/v2\/users\/57"}],"replies":[{"embeddable":true,"href":"http:\/\/www.eloriente.net\/home\/wp-json\/wp\/v2\/comments?post=57208"}],"version-history":[{"count":1,"href":"http:\/\/www.eloriente.net\/home\/wp-json\/wp\/v2\/posts\/57208\/revisions"}],"predecessor-version":[{"id":57210,"href":"http:\/\/www.eloriente.net\/home\/wp-json\/wp\/v2\/posts\/57208\/revisions\/57210"}],"wp:featuredmedia":[{"embeddable":true,"href":"http:\/\/www.eloriente.net\/home\/wp-json\/wp\/v2\/media\/57209"}],"wp:attachment":[{"href":"http:\/\/www.eloriente.net\/home\/wp-json\/wp\/v2\/media?parent=57208"}],"wp:term":[{"taxonomy":"category","embeddable":true,"href":"http:\/\/www.eloriente.net\/home\/wp-json\/wp\/v2\/categories?post=57208"},{"taxonomy":"post_tag","embeddable":true,"href":"http:\/\/www.eloriente.net\/home\/wp-json\/wp\/v2\/tags?post=57208"}],"curies":[{"name":"wp","href":"https:\/\/api.w.org\/{rel}","templated":true}]}}