{"id":57242,"date":"2019-07-18T12:41:18","date_gmt":"2019-07-18T18:41:18","guid":{"rendered":"http:\/\/www.eloriente.net\/home\/?p=57242"},"modified":"2019-07-18T13:00:01","modified_gmt":"2019-07-18T19:00:01","slug":"contra-trabajo-infantil-peru-crea-certificacion","status":"publish","type":"post","link":"http:\/\/www.eloriente.net\/home\/2019\/07\/18\/contra-trabajo-infantil-peru-crea-certificacion\/","title":{"rendered":"Contra trabajo infantil, Per\u00fa crea certificaci\u00f3n"},"content":{"rendered":"<div class=\"intro\">\n<p>Por <a href=\"http:\/\/es.rfi.fr\" target=\"_blank\" rel=\"noopener\">RFI<\/a><\/p>\n<p>El pa\u00eds andino ostenta la mayor tasa de trabajo infantil de Sudam\u00e9rica: en Per\u00fa un 21% de los ni\u00f1os y adolescentes entre 5 y 17 a\u00f1os trabajan. Como respuesta a este flagelo, gobierno y ONGs est\u00e1n creando un sello para certificar a las empresas familiares \u00ablibres de trabajo infantil\u00bb.<\/p>\n<\/div>\n<p>Caf\u00e9, esp\u00e1rragos, ar\u00e1ndanos&#8230; Per\u00fa quiere que, a partir de 2020, cada vez m\u00e1s productos que el pa\u00eds exporta est\u00e9n certificados de que no han sido producidos con el trabajo de ni\u00f1os y adolescentes. Para ello, el gobierno ha creado un sello especial, con la ayuda de la ONG Desarrollo y Autogesti\u00f3n.<\/p>\n<p>\u00abDado que el trabajo infantil en Per\u00fa es rural y es en el marco de la propia familia, el Estado nacional dif\u00edcilmente llega a estas zonas\u00bb, explica Mar\u00eda Gloria Barreiro, directora en Per\u00fa de dicho organismo. Las organizaciones de peque\u00f1os productores son el foco de esta certificaci\u00f3n p\u00fablica que busca reconocerlos \u00abno por cumplir la ley sino por esfuerzos extraordinarios para prevenir y erradicar el trabajo infantil\u00bb, subraya Barreiro. \u00abNo se trata de que los ni\u00f1os no ayuden en su casa, se trata de trazar esa l\u00ednea que divide la ayuda en casa, y las actividades formativas y de aprendizaje, de lo que constituye un peligro\u00bb, detalla.<\/p>\n<p><script async src=\"\/\/pagead2.googlesyndication.com\/pagead\/js\/adsbygoogle.js\"><\/script> <ins class=\"adsbygoogle\" style=\"display: block; text-align: center;\" data-ad-layout=\"in-article\" data-ad-format=\"fluid\" data-ad-client=\"ca-pub-1136171134853753\" data-ad-slot=\"7980763077\"><\/ins> <script> (adsbygoogle = window.adsbygoogle || []).push({}); <\/script>El peruano Pa\u00fal Quezada, representante de una cooperativa de cafetaleros en la zona de Villarrica, espera que con esta certificaci\u00f3n los productores mejoren sus condiciones de vida. \u00abActualmente los precios del caf\u00e9 son muy bajos y nosotros no somos muy competitivos en el mercado exterior. Nosotros repetimos a los productores &#8216;no hagan trabajar a sus hijos, m\u00e1ndenlos a estudiar&#8217; pero con los precios bajos, no les alcanza para que sus hijos vayan a la escuela. Si logramos tener el sello, los clientes en alg\u00fan momento van a reconocer nuestra labor e incrementar los precios de compra\u00bb, afirma Quezada.<\/p>\n<p>El objetivo a largo plazo es que los productos con el sello \u00ablibre de trabajo infantil\u00bb puedan obtener un precio diferenciado en los mercados, como los productos org\u00e1nicos.<\/p>\n<p>&nbsp;<\/p>\n<h3>El papel clave de los clientes<\/h3>\n<p>En M\u00e9xico, un sello similar existe desde 2010. Hoy 178 empresas del sector agr\u00edcola est\u00e1n certificadas. \u00abAqu\u00ed, el mercado de exportaci\u00f3n est\u00e1 demandando que los productos, independientemente de su calidad, tengan acciones para verificar el bienestar de la poblaci\u00f3n, por ejemplo el que no haya trabajo infantil\u00bb, explica Jorge Montenegro, subdirector en la Secretar\u00eda Mexicana del Trabajo. \u00abEsto es el primer incentivo para los empresarios mexicanos.\u00bb<\/p>\n<p>Para la directora de la ONG peruana, el papel del consumidor ser\u00e1 clave. \u00abCuando te est\u00e1s tomando caf\u00e9 en Par\u00eds, no sabes si fue producido por ni\u00f1os que dejaron de ir a la escuela o que pusieron en riesgo su salud, por eso tambi\u00e9n el sello es un llamado a los consumidores responsables\u00bb, destaca. La ONG reconoce que este sello debe ir acompa\u00f1ado por programas sociales para mejorar la situaci\u00f3n econ\u00f3mica de los peque\u00f1os productores y garantizar el acceso a la escuela de sus hijos.<\/p>\n\n\t\t\t  <div \n\t\t\t  \tclass = \"fb-comments\" \n\t\t\t  \tdata-href = \"http:\/\/www.eloriente.net\/home\/2019\/07\/18\/contra-trabajo-infantil-peru-crea-certificacion\/\"\n\t\t\t  \tdata-numposts = \"10\"\n\t\t\t\tdata-colorscheme = \"dark\"\n\t\t\t\tdata-order-by = \"social\"\n\t\t\t\tdata-mobile=true>\n\t\t\t  <\/div>\n\t\t  <style>\n\t\t\t.fb_iframe_widget_fluid_desktop iframe {\n\t\t\t    width: 100% !important;\n\t\t\t}\n\t\t  <\/style>\n\t\t  ","protected":false},"excerpt":{"rendered":"<p>Por RFI El pa\u00eds andino ostenta la mayor tasa de trabajo infantil de Sudam\u00e9rica: en Per\u00fa un 21% de los ni\u00f1os y adolescentes entre 5 y 17 a\u00f1os trabajan. Como respuesta a este flagelo, gobierno y ONGs est\u00e1n creando un sello para certificar a las empresas familiares \u00ablibres de trabajo infantil\u00bb. Caf\u00e9, esp\u00e1rragos, ar\u00e1ndanos&#8230; Per\u00fa [&hellip;]<\/p>\n","protected":false},"author":57,"featured_media":57245,"comment_status":"open","ping_status":"open","sticky":false,"template":"","format":"standard","meta":{"_jetpack_memberships_contains_paid_content":false,"footnotes":""},"categories":[10504],"tags":[10561,8929,2788],"class_list":["post-57242","post","type-post","status-publish","format-standard","has-post-thumbnail","hentry","category-las-ultimas-12","tag-creciente-empresarial","tag-peru","tag-trabajo-infantil"],"jetpack_featured_media_url":"http:\/\/www.eloriente.net\/home\/wp-content\/uploads\/2019\/07\/child-labour-2436946_1920-filt.jpg","jetpack_sharing_enabled":true,"_links":{"self":[{"href":"http:\/\/www.eloriente.net\/home\/wp-json\/wp\/v2\/posts\/57242"}],"collection":[{"href":"http:\/\/www.eloriente.net\/home\/wp-json\/wp\/v2\/posts"}],"about":[{"href":"http:\/\/www.eloriente.net\/home\/wp-json\/wp\/v2\/types\/post"}],"author":[{"embeddable":true,"href":"http:\/\/www.eloriente.net\/home\/wp-json\/wp\/v2\/users\/57"}],"replies":[{"embeddable":true,"href":"http:\/\/www.eloriente.net\/home\/wp-json\/wp\/v2\/comments?post=57242"}],"version-history":[{"count":1,"href":"http:\/\/www.eloriente.net\/home\/wp-json\/wp\/v2\/posts\/57242\/revisions"}],"predecessor-version":[{"id":57244,"href":"http:\/\/www.eloriente.net\/home\/wp-json\/wp\/v2\/posts\/57242\/revisions\/57244"}],"wp:featuredmedia":[{"embeddable":true,"href":"http:\/\/www.eloriente.net\/home\/wp-json\/wp\/v2\/media\/57245"}],"wp:attachment":[{"href":"http:\/\/www.eloriente.net\/home\/wp-json\/wp\/v2\/media?parent=57242"}],"wp:term":[{"taxonomy":"category","embeddable":true,"href":"http:\/\/www.eloriente.net\/home\/wp-json\/wp\/v2\/categories?post=57242"},{"taxonomy":"post_tag","embeddable":true,"href":"http:\/\/www.eloriente.net\/home\/wp-json\/wp\/v2\/tags?post=57242"}],"curies":[{"name":"wp","href":"https:\/\/api.w.org\/{rel}","templated":true}]}}