{"id":57274,"date":"2019-07-24T08:28:18","date_gmt":"2019-07-24T14:28:18","guid":{"rendered":"http:\/\/www.eloriente.net\/home\/?p=57274"},"modified":"2019-07-24T21:25:17","modified_gmt":"2019-07-25T03:25:17","slug":"aumento-salario-a-policias-de-santa-lucia-del-camino","status":"publish","type":"post","link":"http:\/\/www.eloriente.net\/home\/2019\/07\/24\/aumento-salario-a-policias-de-santa-lucia-del-camino\/","title":{"rendered":"Santa Luc\u00eda del Camino: salarios de polic\u00edas aumentan"},"content":{"rendered":"<p>Para dignificar la labor que desempe\u00f1an las y los polic\u00edas de Santa Luc\u00eda del Camino, el gobierno municipal anunci\u00f3 un incremento salarial del 5% en el tabulador general salarial y 20% entre grados, esto como parte de las metas establecidas en la co-participaci\u00f3n del Programa de Fortalecimiento para la Seguridad (FORTASEG).<\/p>\n<p>El Presidente Municipal, Dante Monta\u00f1o Montero, se\u00f1al\u00f3 que este aumento ser\u00e1 aplicado a partir de este 15 de julio y, como se comprometi\u00f3 al inicio de la administraci\u00f3n, ser\u00e1 retroactivo a enero, siendo esta una de las acciones que ha emprendido el Gobierno Municipal para mejorar las condiciones de trabajo en las que se encontraban los polic\u00edas.<\/p>\n<p>En este marco, el mun\u00edcipe inform\u00f3 que el Gobierno de Santa Luc\u00eda del Camino est\u00e1 trabajando para garantizar la paz y seguridad a los santalucenses, con ese objetivo, llevaron a cabo las gestiones necesarias para que, por primera vez, Santa Luc\u00eda del Camino contara con el programa de Fortalecimiento para la Seguridad (FORTASEG), el cual permitir\u00e1 la profesionalizaci\u00f3n, certificaci\u00f3n y equipamiento de los elementos policiales de las instituciones de seguridad p\u00fablica.<\/p>\n<p>Asimismo, el 17 de julio pasado, el presidente municipal de Santa Luc\u00eda del Camino, Dante Monta\u00f1o Montero, hizo la entrega de uniformes, equipo y patrullas a la corporaci\u00f3n policiaca de esta demarcaci\u00f3n, lo que signific\u00f3 una inversi\u00f3n superior a los 4.5 millones de pesos.<\/p>\n<p>Como parte de la primera ministraci\u00f3n de FORTASEG, se hizo la compra de 2 patrullas, 8 motopatrullas y se equip\u00f3 con uniformes nuevos a los 126 elementos que conforman el equipo de Seguridad del municipio, puntualiz\u00f3.<\/p>\n<figure id=\"attachment_57276\" aria-describedby=\"caption-attachment-57276\" style=\"width: 548px\" class=\"wp-caption aligncenter\"><a href=\"http:\/\/www.eloriente.net\/home\/wp-content\/uploads\/2019\/07\/PHOTO-2019-07-24-09-09-10-filtro.jpg\"><img loading=\"lazy\" decoding=\"async\" class=\" wp-image-57276\" src=\"http:\/\/www.eloriente.net\/home\/wp-content\/uploads\/2019\/07\/PHOTO-2019-07-24-09-09-10-filtro.jpg\" alt=\"\" width=\"548\" height=\"365\" srcset=\"http:\/\/www.eloriente.net\/home\/wp-content\/uploads\/2019\/07\/PHOTO-2019-07-24-09-09-10-filtro.jpg 1280w, http:\/\/www.eloriente.net\/home\/wp-content\/uploads\/2019\/07\/PHOTO-2019-07-24-09-09-10-filtro-300x200.jpg 300w, http:\/\/www.eloriente.net\/home\/wp-content\/uploads\/2019\/07\/PHOTO-2019-07-24-09-09-10-filtro-768x512.jpg 768w, http:\/\/www.eloriente.net\/home\/wp-content\/uploads\/2019\/07\/PHOTO-2019-07-24-09-09-10-filtro-1024x682.jpg 1024w, http:\/\/www.eloriente.net\/home\/wp-content\/uploads\/2019\/07\/PHOTO-2019-07-24-09-09-10-filtro-696x464.jpg 696w, http:\/\/www.eloriente.net\/home\/wp-content\/uploads\/2019\/07\/PHOTO-2019-07-24-09-09-10-filtro-1068x712.jpg 1068w, http:\/\/www.eloriente.net\/home\/wp-content\/uploads\/2019\/07\/PHOTO-2019-07-24-09-09-10-filtro-630x420.jpg 630w\" sizes=\"(max-width: 548px) 100vw, 548px\" \/><\/a><figcaption id=\"caption-attachment-57276\" class=\"wp-caption-text\">Dante Monta\u00f1o, Presidente Municipal de Santa Luc\u00eda del Camino<\/figcaption><\/figure>\n<p>A casi ocho meses de iniciada la administraci\u00f3n, el edil expres\u00f3 que est\u00e1n dando respuesta a la demanda de los ciudadanos en materia de Seguridad, equipando al cuerpo policiaco, lo que ha permitido, desde abril con la primera compra de 8 motopatrullas, atender con mayor rapidez las llamadas de emergencia.<\/p>\n<p>\u201cHoy tenemos suficientes motocicletas para poder coberturar todos los sectores del municipio. Con la primera compra realizada hace tres meses, hoy tenemos 16 motopatrullas y 2 patrullas nuevas al servicio de los santalucenses\u201d, detall\u00f3 el mun\u00edcipe.<\/p>\n<p>Santa Luc\u00eda del Camino es uno de los seis municipios del estado de Oaxaca beneficiados con este recurso, siendo el \u00fanico en ingresar durante 2019 al programa, como resultado de las gestiones realizadas ante el Gobierno Estatal y Federal por parte del Ayuntamiento.<\/p>\n<p>\u201cQuiero reconocer el apoyo del secretario ejecutivo del Sistema Estatal de Seguridad P\u00fablica en Oaxaca, Jos\u00e9 Manuel Vera Salinas, porque trabajando en conjunto se logr\u00f3 que Santa Luc\u00eda contara, por primera vez, con el Programa de FORTASEG, porque pudimos contar con un presupuesto de 11 millones 957 mil 72 pesos, manejado totalmente transparente, que aporta la Federaci\u00f3n para poder comprar el equipamiento y los veh\u00edculos\u201d<\/p>\n<p>Reunido con los elementos, el edil reconoci\u00f3 el trabajo que realizan a diario para brindar seguridad a los santalucenses, a la vez, que los exhorto a ser una Polic\u00eda Municipal comprometida con su trabajo, para recuperar la paz y tranquilidad de las calles.<\/p>\n<figure id=\"attachment_57277\" aria-describedby=\"caption-attachment-57277\" style=\"width: 549px\" class=\"wp-caption aligncenter\"><a href=\"http:\/\/www.eloriente.net\/home\/wp-content\/uploads\/2019\/07\/PHOTO-2019-07-24-09-09-10s-filtro.jpg\"><img loading=\"lazy\" decoding=\"async\" class=\" wp-image-57277\" src=\"http:\/\/www.eloriente.net\/home\/wp-content\/uploads\/2019\/07\/PHOTO-2019-07-24-09-09-10s-filtro.jpg\" alt=\"\" width=\"549\" height=\"366\" srcset=\"http:\/\/www.eloriente.net\/home\/wp-content\/uploads\/2019\/07\/PHOTO-2019-07-24-09-09-10s-filtro.jpg 1280w, http:\/\/www.eloriente.net\/home\/wp-content\/uploads\/2019\/07\/PHOTO-2019-07-24-09-09-10s-filtro-300x200.jpg 300w, http:\/\/www.eloriente.net\/home\/wp-content\/uploads\/2019\/07\/PHOTO-2019-07-24-09-09-10s-filtro-768x512.jpg 768w, http:\/\/www.eloriente.net\/home\/wp-content\/uploads\/2019\/07\/PHOTO-2019-07-24-09-09-10s-filtro-1024x682.jpg 1024w, http:\/\/www.eloriente.net\/home\/wp-content\/uploads\/2019\/07\/PHOTO-2019-07-24-09-09-10s-filtro-696x464.jpg 696w, http:\/\/www.eloriente.net\/home\/wp-content\/uploads\/2019\/07\/PHOTO-2019-07-24-09-09-10s-filtro-1068x712.jpg 1068w, http:\/\/www.eloriente.net\/home\/wp-content\/uploads\/2019\/07\/PHOTO-2019-07-24-09-09-10s-filtro-630x420.jpg 630w\" sizes=\"(max-width: 549px) 100vw, 549px\" \/><\/a><figcaption id=\"caption-attachment-57277\" class=\"wp-caption-text\">Edil y cuerpo policial de Santa Luc\u00eda del Camino<\/figcaption><\/figure>\n\n\t\t\t  <div \n\t\t\t  \tclass = \"fb-comments\" \n\t\t\t  \tdata-href = \"http:\/\/www.eloriente.net\/home\/2019\/07\/24\/aumento-salario-a-policias-de-santa-lucia-del-camino\/\"\n\t\t\t  \tdata-numposts = \"10\"\n\t\t\t\tdata-colorscheme = \"dark\"\n\t\t\t\tdata-order-by = \"social\"\n\t\t\t\tdata-mobile=true>\n\t\t\t  <\/div>\n\t\t  <style>\n\t\t\t.fb_iframe_widget_fluid_desktop iframe {\n\t\t\t    width: 100% !important;\n\t\t\t}\n\t\t  <\/style>\n\t\t  ","protected":false},"excerpt":{"rendered":"<p>Para dignificar la labor que desempe\u00f1an las y los polic\u00edas de Santa Luc\u00eda del Camino, el gobierno municipal anunci\u00f3 un incremento salarial del 5% en el tabulador general salarial y 20% entre grados, esto como parte de las metas establecidas en la co-participaci\u00f3n del Programa de Fortalecimiento para la Seguridad (FORTASEG). El Presidente Municipal, Dante [&hellip;]<\/p>\n","protected":false},"author":57,"featured_media":57275,"comment_status":"open","ping_status":"open","sticky":false,"template":"","format":"standard","meta":{"_jetpack_memberships_contains_paid_content":false,"footnotes":""},"categories":[1588,10504,21],"tags":[10325,2098,7244,206,3374],"class_list":["post-57274","post","type-post","status-publish","format-standard","has-post-thumbnail","hentry","category-comunicados-y-boletines","category-las-ultimas-12","category-politica-y-gobierno","tag-oaxaca-centro","tag-policias","tag-santa-lucia-del-camino","tag-seguridad","tag-valles-centrales"],"jetpack_featured_media_url":"http:\/\/www.eloriente.net\/home\/wp-content\/uploads\/2019\/07\/WhatsApp-Image-2019-07-16-at-12.06.20-PM-2-filtro.jpg","jetpack_sharing_enabled":true,"_links":{"self":[{"href":"http:\/\/www.eloriente.net\/home\/wp-json\/wp\/v2\/posts\/57274"}],"collection":[{"href":"http:\/\/www.eloriente.net\/home\/wp-json\/wp\/v2\/posts"}],"about":[{"href":"http:\/\/www.eloriente.net\/home\/wp-json\/wp\/v2\/types\/post"}],"author":[{"embeddable":true,"href":"http:\/\/www.eloriente.net\/home\/wp-json\/wp\/v2\/users\/57"}],"replies":[{"embeddable":true,"href":"http:\/\/www.eloriente.net\/home\/wp-json\/wp\/v2\/comments?post=57274"}],"version-history":[{"count":3,"href":"http:\/\/www.eloriente.net\/home\/wp-json\/wp\/v2\/posts\/57274\/revisions"}],"predecessor-version":[{"id":57282,"href":"http:\/\/www.eloriente.net\/home\/wp-json\/wp\/v2\/posts\/57274\/revisions\/57282"}],"wp:featuredmedia":[{"embeddable":true,"href":"http:\/\/www.eloriente.net\/home\/wp-json\/wp\/v2\/media\/57275"}],"wp:attachment":[{"href":"http:\/\/www.eloriente.net\/home\/wp-json\/wp\/v2\/media?parent=57274"}],"wp:term":[{"taxonomy":"category","embeddable":true,"href":"http:\/\/www.eloriente.net\/home\/wp-json\/wp\/v2\/categories?post=57274"},{"taxonomy":"post_tag","embeddable":true,"href":"http:\/\/www.eloriente.net\/home\/wp-json\/wp\/v2\/tags?post=57274"}],"curies":[{"name":"wp","href":"https:\/\/api.w.org\/{rel}","templated":true}]}}