{"id":57790,"date":"2019-09-04T11:26:05","date_gmt":"2019-09-04T17:26:05","guid":{"rendered":"http:\/\/www.eloriente.net\/home\/?p=57790"},"modified":"2019-09-04T11:26:05","modified_gmt":"2019-09-04T17:26:05","slug":"populismo-en-america-latina-la-serie-sancionada-por-tribunal","status":"publish","type":"post","link":"http:\/\/www.eloriente.net\/home\/2019\/09\/04\/populismo-en-america-latina-la-serie-sancionada-por-tribunal\/","title":{"rendered":"Populismo en Am\u00e9rica Latina, la serie, sancionada por Tribunal"},"content":{"rendered":"<p>eloriente.net\/TEPJF<\/p>\n<p>La\u00a0<strong>Sala Especializada<\/strong>\u00a0del\u00a0<strong>Tribunal Electoral del Poder Judicial de la Federaci\u00f3n<\/strong>\u00a0(TEPJF) sancion\u00f3 a los creadores\u00a0y a quienes tuvieron relaci\u00f3n, de forma directa y\/o indirecta, con la realizaci\u00f3n de la serie \u201cPopulismo en Am\u00e9rica Latina\u201d.<\/p>\n<p>Lo anterior, al cumplir con lo ordenado por la Sala Superior en el recurso de revisi\u00f3n SUP-REP-108\/2019, instancia que\u00a0determin\u00f3 que la difusi\u00f3n de propaganda alusiva a la serie en camiones, televisi\u00f3n abierta y restringida, tuvo la intenci\u00f3n de influir en las elecciones y afect\u00f3 el modelo de comunicaci\u00f3n pol\u00edtica, durante el pasado proceso electoral federal 2017-2018.<\/p>\n<p>Con ello, se gener\u00f3 una campa\u00f1a integral negativa respecto al entonces candidato a la Presidencia por la Coalici\u00f3n Juntos Haremos Historia, Andr\u00e9s Manuel L\u00f3pez Obrador, determin\u00f3 la Sala Superior el 14 de agosto pasado.<\/p>\n<p>Por ello, de acuerdo a su responsabilidad y grado de participaci\u00f3n, esta Sala Especializada impuso, con base en su capacidad econ\u00f3mica, las siguientes sanciones:<\/p>\n<ul>\n<li>A Javier Garc\u00eda Mata y a Pi\u00f1a Digital una multa de $1,047,800 pesos.<\/li>\n<li>A Alejandro Jes\u00fas Quintero I\u00f1iguez, a Grupo TV Promo S.A. de C.V. y a TV Promo S.A. de C.V. una multa de $644,800 pesos.<\/li>\n<li>A Virna G\u00f3mez Pi\u00f1a una multa de $161,200 pesos.<\/li>\n<li>A M\u00f3nica Regina Bola\u00f1os Cacho Albarr\u00e1n una multa de $16,120 pesos.<\/li>\n<\/ul>\n<p><script async src=\"https:\/\/pagead2.googlesyndication.com\/pagead\/js\/adsbygoogle.js\"><\/script><br \/>\n<ins class=\"adsbygoogle\" style=\"display: block; text-align: center;\" data-ad-layout=\"in-article\" data-ad-format=\"fluid\" data-ad-client=\"ca-pub-1136171134853753\" data-ad-slot=\"5545504441\"><\/ins><br \/>\n<script>\n     (adsbygoogle = window.adsbygoogle || []).push({});\n<\/script><\/p>\n<p><iframe loading=\"lazy\" src=\"https:\/\/www.youtube.com\/embed\/7gZ8hs8uIBc\" width=\"560\" height=\"315\" frameborder=\"0\" allowfullscreen=\"allowfullscreen\"><\/iframe><\/p>\n\n\t\t\t  <div \n\t\t\t  \tclass = \"fb-comments\" \n\t\t\t  \tdata-href = \"http:\/\/www.eloriente.net\/home\/2019\/09\/04\/populismo-en-america-latina-la-serie-sancionada-por-tribunal\/\"\n\t\t\t  \tdata-numposts = \"10\"\n\t\t\t\tdata-colorscheme = \"dark\"\n\t\t\t\tdata-order-by = \"social\"\n\t\t\t\tdata-mobile=true>\n\t\t\t  <\/div>\n\t\t  <style>\n\t\t\t.fb_iframe_widget_fluid_desktop iframe {\n\t\t\t    width: 100% !important;\n\t\t\t}\n\t\t  <\/style>\n\t\t  ","protected":false},"excerpt":{"rendered":"<p>eloriente.net\/TEPJF La\u00a0Sala Especializada\u00a0del\u00a0Tribunal Electoral del Poder Judicial de la Federaci\u00f3n\u00a0(TEPJF) sancion\u00f3 a los creadores\u00a0y a quienes tuvieron relaci\u00f3n, de forma directa y\/o indirecta, con la realizaci\u00f3n de la serie \u201cPopulismo en Am\u00e9rica Latina\u201d. Lo anterior, al cumplir con lo ordenado por la Sala Superior en el recurso de revisi\u00f3n SUP-REP-108\/2019, instancia que\u00a0determin\u00f3 que la difusi\u00f3n [&hellip;]<\/p>\n","protected":false},"author":1,"featured_media":57791,"comment_status":"open","ping_status":"open","sticky":false,"template":"","format":"standard","meta":{"_jetpack_memberships_contains_paid_content":false,"footnotes":""},"categories":[2434,22,49,71,32,63,10504,10,24,21],"tags":[3391,10670,10669,1353],"class_list":["post-57790","post","type-post","status-publish","format-standard","has-post-thumbnail","hentry","category-lunesdepolitica","category-derechos-humanos","category-destacadas","category-elecciones","category-entradas","category-estados","category-las-ultimas-12","category-lo-mas-reciente","category-mexico-y-el-mundo","category-politica-y-gobierno","tag-lopez-obrador","tag-populismo-en-america-latina","tag-series-de-tv-tepjf","tag-tribunal-electoral"],"jetpack_featured_media_url":"http:\/\/www.eloriente.net\/home\/wp-content\/uploads\/2019\/09\/Populismo-en-Ame\u0301rica-Latina-aspecto.jpg","jetpack_sharing_enabled":true,"_links":{"self":[{"href":"http:\/\/www.eloriente.net\/home\/wp-json\/wp\/v2\/posts\/57790"}],"collection":[{"href":"http:\/\/www.eloriente.net\/home\/wp-json\/wp\/v2\/posts"}],"about":[{"href":"http:\/\/www.eloriente.net\/home\/wp-json\/wp\/v2\/types\/post"}],"author":[{"embeddable":true,"href":"http:\/\/www.eloriente.net\/home\/wp-json\/wp\/v2\/users\/1"}],"replies":[{"embeddable":true,"href":"http:\/\/www.eloriente.net\/home\/wp-json\/wp\/v2\/comments?post=57790"}],"version-history":[{"count":1,"href":"http:\/\/www.eloriente.net\/home\/wp-json\/wp\/v2\/posts\/57790\/revisions"}],"predecessor-version":[{"id":57792,"href":"http:\/\/www.eloriente.net\/home\/wp-json\/wp\/v2\/posts\/57790\/revisions\/57792"}],"wp:featuredmedia":[{"embeddable":true,"href":"http:\/\/www.eloriente.net\/home\/wp-json\/wp\/v2\/media\/57791"}],"wp:attachment":[{"href":"http:\/\/www.eloriente.net\/home\/wp-json\/wp\/v2\/media?parent=57790"}],"wp:term":[{"taxonomy":"category","embeddable":true,"href":"http:\/\/www.eloriente.net\/home\/wp-json\/wp\/v2\/categories?post=57790"},{"taxonomy":"post_tag","embeddable":true,"href":"http:\/\/www.eloriente.net\/home\/wp-json\/wp\/v2\/tags?post=57790"}],"curies":[{"name":"wp","href":"https:\/\/api.w.org\/{rel}","templated":true}]}}