{"id":58320,"date":"2019-10-01T13:21:39","date_gmt":"2019-10-01T19:21:39","guid":{"rendered":"http:\/\/www.eloriente.net\/home\/?p=58320"},"modified":"2019-10-01T13:26:18","modified_gmt":"2019-10-01T19:26:18","slug":"76-de-infantes-en-oaxaca-ya-no-salen-a-las-calles","status":"publish","type":"post","link":"http:\/\/www.eloriente.net\/home\/2019\/10\/01\/76-de-infantes-en-oaxaca-ya-no-salen-a-las-calles\/","title":{"rendered":"76% de infantes en Oaxaca ya no salen a las calles"},"content":{"rendered":"<p>Por Sebasti\u00e1n Lucas<\/p>\n<p>El sentimiento de inseguridad y violencia que en M\u00e9xico se percibe ha ido en crecimiento, aumentando significativamente en los \u00faltimos meses y obligado a los residentes a realizar cambios en su modo de vida.<\/p>\n<p>En Oaxaca el 75.7% de la poblaci\u00f3n de 18 a\u00f1os y m\u00e1s se siente insegura, seg\u00fan documenta el INEGI en la <a href=\"https:\/\/www.inegi.org.mx\/contenidos\/programas\/ensu\/doc\/ensu2019_marzo_presentacion_ejecutiva.pdf\" target=\"_blank\" rel=\"noopener\">Encuesta Nacional de Seguridad P\u00fablica Urbana (ENSU) 2019<\/a>.<\/p>\n<p>De acuerdo con el m\u00e1s reciente informe, es el transporte p\u00fablico uno de los lugares d\u00f3nde m\u00e1s a incrementado el sentimiento de inseguridad, de un 78.7%, a un 86.4% entre el primer y segundo trimestre del a\u00f1o. A este le siguen el cajero autom\u00e1tico, con un 90.2%; y el banco, con un 75.6% de los encuestados.<\/p>\n<p>Entre los delitos que m\u00e1s han presenciado o escuchado los participantes de la encuesta, se encuentran robos o asaltos con un 58.4% de incidencias; consumo del alcohol en las calles con un 71% ; y vandalismo en un 54.6%.<\/p>\n<p>Adem\u00e1s un 28.5% de quienes han tenido al menos un conflicto en su vida cotidiana experiment\u00f3 gritos, insultos o groser\u00edas como consecuencia.<\/p>\n<p>As\u00ed mismo el 65.4% de la poblaci\u00f3n cree que la delincuencia seguir\u00e1 igual de mal o empeorar\u00e1. Esto mientras la confianza en la autoridades va decreciendo; confiando solo un 36.5% en la Polic\u00eda Municipal; 56.6% en la Polic\u00eda Estatal; y un 61.4% en la Polic\u00eda Federal.<\/p>\n<p>Junto a la percepci\u00f3n de inseguridad que los ciudadanos que radican en Oaxaca de Ju\u00e1rez sienten alrededor de sus hogares, tienden a modificar o evitar realizar actividades por temor a la delincuencia.<\/p>\n<p>El 75.9% dej\u00f3 de permitir que menores salieran de casa; el 54.9% evita caminar de noche; el 70.4 ya no lleva objetos de valor; y el 41.7% dej\u00f3 de visitar a parientes o amigos.<\/p>\n<p><iframe loading=\"lazy\" style=\"width: 550px; height: 420px;\" src=\"https:\/\/view.joomag.com\/ensu-2019-ensu2019-marzo-presentacion-ejecutiva\/0619174001569957525?e=1&amp;page=1&amp;embedInfo=theme,293042,151b26,ffffff,ffe358,ffffff;\" name=\"joomag-embed-b9fff8ae-9445-4047-92d3-07d96167e988\" width=\"550\" height=\"420\" frameborder=\"0\" allowfullscreen=\"allowfullscreen\"><\/iframe><\/p>\n<div class=\"joomag-backlinks\"><a href=\"https:\/\/view.joomag.com\/ensu-2019-ensu2019-marzo-presentacion-ejecutiva\/0619174001569957525\" target=\"_blank\" rel=\"noopener\">Open publication<\/a> &#8211; Free <a href=\"https:\/\/www.joomag.com\/?ref=embed_backlink\" target=\"_blank\" rel=\"noopener\">publishing<\/a><\/div>\n<p>&nbsp;<\/p>\n<p>Este art\u00edculo es presentado por Guardia Escolar, una aplicaci\u00f3n desarrollada por empresarios oaxaque\u00f1os que busca poner la tecnolog\u00eda al servicio de la seguridad y la educaci\u00f3n en las aulas. Para m\u00e1s informaci\u00f3n entra a <a href=\"https:\/\/guardiaescolar.com\/\" target=\"_blank\" rel=\"noopener\">guardiaescolar.com<\/a><\/p>\n<p><iframe loading=\"lazy\" style=\"border: none; overflow: hidden;\" src=\"https:\/\/www.facebook.com\/plugins\/video.php?href=https%3A%2F%2Fwww.facebook.com%2Feloriente.net%2Fvideos%2F3561542127204627%2F&amp;show_text=0&amp;width=560\" width=\"560\" height=\"315\" frameborder=\"0\" scrolling=\"no\" allowfullscreen=\"allowfullscreen\"><\/iframe><\/p>\n\n\t\t\t  <div \n\t\t\t  \tclass = \"fb-comments\" \n\t\t\t  \tdata-href = \"http:\/\/www.eloriente.net\/home\/2019\/10\/01\/76-de-infantes-en-oaxaca-ya-no-salen-a-las-calles\/\"\n\t\t\t  \tdata-numposts = \"10\"\n\t\t\t\tdata-colorscheme = \"dark\"\n\t\t\t\tdata-order-by = \"social\"\n\t\t\t\tdata-mobile=true>\n\t\t\t  <\/div>\n\t\t  <style>\n\t\t\t.fb_iframe_widget_fluid_desktop iframe {\n\t\t\t    width: 100% !important;\n\t\t\t}\n\t\t  <\/style>\n\t\t  ","protected":false},"excerpt":{"rendered":"<p>Por Sebasti\u00e1n Lucas El sentimiento de inseguridad y violencia que en M\u00e9xico se percibe ha ido en crecimiento, aumentando significativamente en los \u00faltimos meses y obligado a los residentes a realizar cambios en su modo de vida. En Oaxaca el 75.7% de la poblaci\u00f3n de 18 a\u00f1os y m\u00e1s se siente insegura, seg\u00fan documenta el [&hellip;]<\/p>\n","protected":false},"author":57,"featured_media":58321,"comment_status":"open","ping_status":"open","sticky":false,"template":"","format":"standard","meta":{"_jetpack_memberships_contains_paid_content":false,"footnotes":""},"categories":[18,16,10504,464],"tags":[10731,212,206],"class_list":["post-58320","post","type-post","status-publish","format-standard","has-post-thumbnail","hentry","category-educacion-y-cultura","category-salud-y-estilo-de-vida","category-las-ultimas-12","category-oaxaca-estados","tag-ninas-y-adolescentes","tag-ninos","tag-seguridad"],"jetpack_featured_media_url":"http:\/\/www.eloriente.net\/home\/wp-content\/uploads\/2019\/10\/play-1075067_1920.png","jetpack_sharing_enabled":true,"_links":{"self":[{"href":"http:\/\/www.eloriente.net\/home\/wp-json\/wp\/v2\/posts\/58320"}],"collection":[{"href":"http:\/\/www.eloriente.net\/home\/wp-json\/wp\/v2\/posts"}],"about":[{"href":"http:\/\/www.eloriente.net\/home\/wp-json\/wp\/v2\/types\/post"}],"author":[{"embeddable":true,"href":"http:\/\/www.eloriente.net\/home\/wp-json\/wp\/v2\/users\/57"}],"replies":[{"embeddable":true,"href":"http:\/\/www.eloriente.net\/home\/wp-json\/wp\/v2\/comments?post=58320"}],"version-history":[{"count":5,"href":"http:\/\/www.eloriente.net\/home\/wp-json\/wp\/v2\/posts\/58320\/revisions"}],"predecessor-version":[{"id":58329,"href":"http:\/\/www.eloriente.net\/home\/wp-json\/wp\/v2\/posts\/58320\/revisions\/58329"}],"wp:featuredmedia":[{"embeddable":true,"href":"http:\/\/www.eloriente.net\/home\/wp-json\/wp\/v2\/media\/58321"}],"wp:attachment":[{"href":"http:\/\/www.eloriente.net\/home\/wp-json\/wp\/v2\/media?parent=58320"}],"wp:term":[{"taxonomy":"category","embeddable":true,"href":"http:\/\/www.eloriente.net\/home\/wp-json\/wp\/v2\/categories?post=58320"},{"taxonomy":"post_tag","embeddable":true,"href":"http:\/\/www.eloriente.net\/home\/wp-json\/wp\/v2\/tags?post=58320"}],"curies":[{"name":"wp","href":"https:\/\/api.w.org\/{rel}","templated":true}]}}