{"id":58326,"date":"2019-10-01T13:59:27","date_gmt":"2019-10-01T19:59:27","guid":{"rendered":"http:\/\/www.eloriente.net\/home\/?p=58326"},"modified":"2019-10-01T14:02:02","modified_gmt":"2019-10-01T20:02:02","slug":"reunion-anual-de-industriales-2019","status":"publish","type":"post","link":"http:\/\/www.eloriente.net\/home\/2019\/10\/01\/reunion-anual-de-industriales-2019\/","title":{"rendered":"Reuni\u00f3n Anual de Industriales  2019"},"content":{"rendered":"<p>Por: <a href=\"http:\/\/concamin.mx\/\">CONCAMIN<\/a><\/p>\n<ul>\n<li>\n<h4><em>Los industriales presentar\u00e1n agenda para reactivar el aparato productivo nacional y con un enfoque de generaci\u00f3n de empleo formal.<\/em><\/h4>\n<\/li>\n<li>\n<h4><em>La ciudad de Le\u00f3n en Guanajuato ser\u00e1 la sede de la RAI 2019 coincidir\u00e1 con el Hannover Messe que por primera vez se realiza en el pa\u00eds.<\/em><\/h4>\n<\/li>\n<\/ul>\n<p>La Confederaci\u00f3n de C\u00e1maras Industriales de los Estados Unidos Mexicanos (CONCAMIN), anunci\u00f3 que la Reuni\u00f3n Anual de Industriales 2019 (RAI) que se realizar\u00e1 el 9,10 y 11 de octubre en la Ciudad de Le\u00f3n, Guanajuato servir\u00e1 de marco para presentar la Agenda Industrial que tiene como objetivo reactivar al aparato productivo de M\u00e9xico y seguir generando empleo de calidad y formal.<\/p>\n<p>Por primera vez al mismo tiempo tambi\u00e9n se contar\u00e1 con la instalaci\u00f3n de la Hannover Messe, la feria industrial de Alemania m\u00e1s importante de Europa donde se presentar\u00e1n los avances de la revoluci\u00f3n industrial 4.0 as\u00ed como las innovaciones que est\u00e1n marcando la tendencia para la mejora tecnol\u00f3gica en la producci\u00f3n manufacturera mundial.<\/p>\n<p>Con el enfoque de \u201cHacia una industria del futuro, con inclusi\u00f3n social 4.0\u201d, la RAI2019 contar\u00e1 con una intensa agenda de trabajo con una gran variedad de especialistas, analistas, funcionarios p\u00fablicos ofrecer\u00e1n a empresarios industriales de todo el pa\u00eds una visi\u00f3n de la situaci\u00f3n actual y los retos a los que har\u00e1 frente el sector productivo nacional.<\/p>\n<p>A CONCAMIN la integran 120 c\u00e1maras y asociaciones de todos los rubros y temas industriales, mismos que tiene diversas y m\u00faltiples problem\u00e1ticas y es en ese contexto que se vuelve indispensable presentar dentro de la RAI2019 una propuesta integral de acciones que estar\u00e1n componen la Agenda Industrial 2019-2020.<\/p>\n<p>\u201cNuestra Reuni\u00f3n Anual de Industriales 2019 que realizaremos en Le\u00f3n servir\u00e1 para poder analizar la situaci\u00f3n en la que se encuentra la actividad econ\u00f3mica y el desarrollo de M\u00e9xico; al mismo tiempo del diagn\u00f3stico tambi\u00e9n presentar una Agenda Industrial 2019-2020 para reactivar a nuestros sectores productivos. El impacto que est\u00e1 teniendo diversos factores globales e internos en el crecimiento de la industria mexicana es muy relevante estudiarlo y presentar propuestas espec\u00edficas. De otro modo no podremos aspirar a la generaci\u00f3n de m\u00e1s empleos mejor remunerados, de calidad y formales\u201d, explic\u00f3 Francisco Cervantes D\u00edaz, Presidente de CONCAMIN.<\/p>\n<p>Entre los valores agregados de esta edici\u00f3n de la RAI 2019 ser\u00e1 la participaci\u00f3n del organismo empresarial hom\u00f3logo de CONCAMIN de Alemania conocido como BDI que a su vez gestionaron que por primera vez se instale en M\u00e9xico la feria Hannover Messe de forma simult\u00e1nea.<\/p>\n<p>El Programa de la RAI 2019 est\u00e1 distribuido en tres d\u00edas de intensas actividades. Se contar\u00e1 con la presencia del Presidente Andr\u00e9s Manuel L\u00f3pez Obrador, en la comida de clausura, pero de igual forma participar\u00e1n los secretarios del Gabinete relacionados con temas transversales que tienen que ver con la competitividad de la industria mexicana.<\/p>\n\n\t\t\t  <div \n\t\t\t  \tclass = \"fb-comments\" \n\t\t\t  \tdata-href = \"http:\/\/www.eloriente.net\/home\/2019\/10\/01\/reunion-anual-de-industriales-2019\/\"\n\t\t\t  \tdata-numposts = \"10\"\n\t\t\t\tdata-colorscheme = \"dark\"\n\t\t\t\tdata-order-by = \"social\"\n\t\t\t\tdata-mobile=true>\n\t\t\t  <\/div>\n\t\t  <style>\n\t\t\t.fb_iframe_widget_fluid_desktop iframe {\n\t\t\t    width: 100% !important;\n\t\t\t}\n\t\t  <\/style>\n\t\t  ","protected":false},"excerpt":{"rendered":"<p>Por: CONCAMIN Los industriales presentar\u00e1n agenda para reactivar el aparato productivo nacional y con un enfoque de generaci\u00f3n de empleo formal. La ciudad de Le\u00f3n en Guanajuato ser\u00e1 la sede de la RAI 2019 coincidir\u00e1 con el Hannover Messe que por primera vez se realiza en el pa\u00eds. La Confederaci\u00f3n de C\u00e1maras Industriales de los [&hellip;]<\/p>\n","protected":false},"author":57,"featured_media":58331,"comment_status":"open","ping_status":"open","sticky":false,"template":"","format":"video","meta":{"_jetpack_memberships_contains_paid_content":false,"footnotes":""},"categories":[1588,10504],"tags":[10732],"class_list":["post-58326","post","type-post","status-publish","format-video","has-post-thumbnail","hentry","category-comunicados-y-boletines","category-las-ultimas-12","tag-reunion-anual-de-industriales","post_format-post-format-video"],"jetpack_featured_media_url":"http:\/\/www.eloriente.net\/home\/wp-content\/uploads\/2019\/10\/industria.png","jetpack_sharing_enabled":true,"_links":{"self":[{"href":"http:\/\/www.eloriente.net\/home\/wp-json\/wp\/v2\/posts\/58326"}],"collection":[{"href":"http:\/\/www.eloriente.net\/home\/wp-json\/wp\/v2\/posts"}],"about":[{"href":"http:\/\/www.eloriente.net\/home\/wp-json\/wp\/v2\/types\/post"}],"author":[{"embeddable":true,"href":"http:\/\/www.eloriente.net\/home\/wp-json\/wp\/v2\/users\/57"}],"replies":[{"embeddable":true,"href":"http:\/\/www.eloriente.net\/home\/wp-json\/wp\/v2\/comments?post=58326"}],"version-history":[{"count":4,"href":"http:\/\/www.eloriente.net\/home\/wp-json\/wp\/v2\/posts\/58326\/revisions"}],"predecessor-version":[{"id":58334,"href":"http:\/\/www.eloriente.net\/home\/wp-json\/wp\/v2\/posts\/58326\/revisions\/58334"}],"wp:featuredmedia":[{"embeddable":true,"href":"http:\/\/www.eloriente.net\/home\/wp-json\/wp\/v2\/media\/58331"}],"wp:attachment":[{"href":"http:\/\/www.eloriente.net\/home\/wp-json\/wp\/v2\/media?parent=58326"}],"wp:term":[{"taxonomy":"category","embeddable":true,"href":"http:\/\/www.eloriente.net\/home\/wp-json\/wp\/v2\/categories?post=58326"},{"taxonomy":"post_tag","embeddable":true,"href":"http:\/\/www.eloriente.net\/home\/wp-json\/wp\/v2\/tags?post=58326"}],"curies":[{"name":"wp","href":"https:\/\/api.w.org\/{rel}","templated":true}]}}