{"id":58759,"date":"2019-10-28T10:09:28","date_gmt":"2019-10-28T16:09:28","guid":{"rendered":"http:\/\/www.eloriente.net\/home\/?p=58759"},"modified":"2019-10-28T10:10:11","modified_gmt":"2019-10-28T16:10:11","slug":"mexicano-obtiene-premio-al-educador-medico-internacional-del-ano-2019","status":"publish","type":"post","link":"http:\/\/www.eloriente.net\/home\/2019\/10\/28\/mexicano-obtiene-premio-al-educador-medico-internacional-del-ano-2019\/","title":{"rendered":"Mexicano obtiene Premio al Educador m\u00e9dico internacional del a\u00f1o 2019"},"content":{"rendered":"<p>Por <a href=\"https:\/\/www.dgcs.unam.mx\/\" target=\"_blank\" rel=\"noopener\">UNAM<\/a><\/p>\n<p>Melchor S\u00e1nchez Mendiola, coordinador de Desarrollo Educativo e Innovaci\u00f3n Curricular de la\u00a0<a href=\"https:\/\/www.unam.mx\/\" target=\"_blank\" rel=\"noopener\">UNAM<\/a>, recibi\u00f3 el\u00a0<em>2019 International Medical Educator pof the Year Award<\/em>, que otorga el Royal College of Physicians and Surgeons of Canada, convirti\u00e9ndose as\u00ed en el primer mexicano en obtener la distinci\u00f3n.<\/p>\n<p>El premio se entrega anualmente a un educador m\u00e9dico internacional que haya demostrado su compromiso por mejorar la calidad de la educaci\u00f3n e innovaci\u00f3n educativa en las residencias m\u00e9dicas, junto con un liderazgo efectivo y habilidad para ser mentor y tutor.<\/p>\n<p>El jurado tambi\u00e9n eval\u00faa que el recipiendario incorpore el modelo educativo de competencias canadienses, denominado CanMEDS, \u201cuno de los mejores del mundo para residentes, porque ubica en el centro al m\u00e9dico experto, y alrededor de \u00e9l otras competencias como comunicaci\u00f3n, colaboraci\u00f3n, liderazgo y profesionalismo\u201d, explic\u00f3.<\/p>\n<p>La persona a la que se entrega esta distinci\u00f3n debe mostrar habilidades docentes excepcionales y contar con una s\u00f3lida trayectoria en la promoci\u00f3n de la \u00e9tica, la reflexi\u00f3n y el humanismo en la educaci\u00f3n de estos profesionales.<\/p>\n<p><script async src=\"https:\/\/pagead2.googlesyndication.com\/pagead\/js\/adsbygoogle.js\"><\/script><br \/>\n<ins class=\"adsbygoogle\" style=\"display: block; text-align: center;\" data-ad-layout=\"in-article\" data-ad-format=\"fluid\" data-ad-client=\"ca-pub-1136171134853753\" data-ad-slot=\"5545504441\"><\/ins><br \/>\n<script>\n     (adsbygoogle = window.adsbygoogle || []).push({});\n<\/script><\/p>\n<p>Con la distinci\u00f3n, que se otorga desde 2014, S\u00e1nchez Mendiola se suma a una selecta lista de expertos de Estados Unidos, Om\u00e1n, Pa\u00edses Bajos, Argentina y Arabia Saudita, que lo han obtenido en a\u00f1os anteriores.<\/p>\n<p>\u201cQue hayan decidido entregarme el premio me da mucho gusto, es un orgullo. El reconocimiento internacional de los pares al desempe\u00f1o acad\u00e9mico es muy importante, dan ganas de seguir trabajando intensamente y participar con mis colegas de la Universidad y del Sistema de Salud, para que mejore la educaci\u00f3n m\u00e9dica en hospitales y escuelas, con beneficios para los pacientes\u201d, expuso el doctor en Ciencias de la Educaci\u00f3n por la UNAM.<\/p>\n<p>S\u00e1nchez Mendiola habl\u00f3 de la necesidad de m\u00e9dicos integrales que sepan hacer diagn\u00f3sticos, proporcionar tratamientos e intervenciones apropiadas, y combinar sus conocimientos con otras habilidades, como comunicaci\u00f3n, liderazgo, trabajo en equipo, profesionalismo, adem\u00e1s del compromiso con los pacientes para brindarles la atenci\u00f3n que merecen.<\/p>\n<p>Record\u00f3 que desde que se integr\u00f3 a esa entidad ha trabajado como profesor e investigador en el \u00e1rea de educaci\u00f3n m\u00e9dica en pregrado, posgrado y residencias. \u201cEl programa de residencias m\u00e9dicas de la UNAM es el m\u00e1s grande del pa\u00eds; tenemos a casi la mitad de los m\u00e9dicos que hacen alguna especialidad, es decir, a m\u00e1s de 11 mil residentes\u201d.<\/p>\n<p>El tambi\u00e9n profesor de carrera en la Divisi\u00f3n de Estudios de Posgrado de la\u00a0<a href=\"http:\/\/www.facmed.unam.mx\/\">Facultad de Medicina<\/a>\u00a0(FM) impulsa la idea del m\u00e9dico residente como educador. \u201cEst\u00e1 demostrado que aproximadamente la mitad de lo que aprenden los estudiantes de especialidad viene de otros residentes, m\u00e1s que de los profesores formales. Por ello hemos hecho talleres, trabajos de investigaci\u00f3n, y estamos terminando un curso masivo abierto en l\u00ednea para diseminar este concepto en Latinoam\u00e9rica\u201d.<\/p>\n<p>Otra de sus l\u00edneas de trabajo son la medicina basada en evidencia y c\u00f3mo ense\u00f1arla, la inform\u00e1tica m\u00e9dica y la evaluaci\u00f3n educativa.<\/p>\n<p>Por \u00faltimo, Melchor S\u00e1nchez Mendiola explic\u00f3 que en la Coordinaci\u00f3n que encabeza (creada el 30 de noviembre de 2015) se trabaja con un \u00e1rea que combina la informaci\u00f3n que se obtiene de la evaluaci\u00f3n educativa, incluidos los ex\u00e1menes de admisi\u00f3n al bachillerato y licenciatura, ex\u00e1menes diagn\u00f3sticos, evaluaci\u00f3n docente y acreditaci\u00f3n de planes y programas de estudio, con el desarrollo educativo e innovaci\u00f3n curricular para elaborar novedosos proyectos educativos.<\/p>\n<p>El editor de la revista Investigaci\u00f3n en Educaci\u00f3n M\u00e9dica de la FM \u2013la \u00fanica del pa\u00eds dirigida a ese tema y de acceso abierto\u2013 es responsable de la maestr\u00eda y doctorado en Educaci\u00f3n en Ciencias de la Salud, donde se ha incrementado el n\u00famero de estudiantes que se grad\u00faan.<\/p>\n<p>Integrante de las academias Nacional de Medicina, y Mexicana y Americana de Pediatr\u00eda, es tambi\u00e9n el \u00fanico mexicano miembro del Consejo Nacional de Examinadores M\u00e9dicos de EU y de la Sociedad Internacional de Directores de Investigaci\u00f3n en Educaci\u00f3n M\u00e9dica.<\/p>\n\n\t\t\t  <div \n\t\t\t  \tclass = \"fb-comments\" \n\t\t\t  \tdata-href = \"http:\/\/www.eloriente.net\/home\/2019\/10\/28\/mexicano-obtiene-premio-al-educador-medico-internacional-del-ano-2019\/\"\n\t\t\t  \tdata-numposts = \"10\"\n\t\t\t\tdata-colorscheme = \"dark\"\n\t\t\t\tdata-order-by = \"social\"\n\t\t\t\tdata-mobile=true>\n\t\t\t  <\/div>\n\t\t  <style>\n\t\t\t.fb_iframe_widget_fluid_desktop iframe {\n\t\t\t    width: 100% !important;\n\t\t\t}\n\t\t  <\/style>\n\t\t  ","protected":false},"excerpt":{"rendered":"<p>Por UNAM Melchor S\u00e1nchez Mendiola, coordinador de Desarrollo Educativo e Innovaci\u00f3n Curricular de la\u00a0UNAM, recibi\u00f3 el\u00a02019 International Medical Educator pof the Year Award, que otorga el Royal College of Physicians and Surgeons of Canada, convirti\u00e9ndose as\u00ed en el primer mexicano en obtener la distinci\u00f3n. El premio se entrega anualmente a un educador m\u00e9dico internacional que [&hellip;]<\/p>\n","protected":false},"author":57,"featured_media":58760,"comment_status":"open","ping_status":"open","sticky":false,"template":"","format":"standard","meta":{"_jetpack_memberships_contains_paid_content":false,"footnotes":""},"categories":[1588,18,10504,24,10502,84],"tags":[10791,10461,7497,1040,683],"class_list":["post-58759","post","type-post","status-publish","format-standard","has-post-thumbnail","hentry","category-comunicados-y-boletines","category-educacion-y-cultura","category-las-ultimas-12","category-mexico-y-el-mundo","category-talentos","category-universidades","tag-galardon","tag-marea-universitaria","tag-medico","tag-mexicanos","tag-unam"],"jetpack_featured_media_url":"http:\/\/www.eloriente.net\/home\/wp-content\/uploads\/2019\/10\/Me\u0301dico-Filtro.jpg","jetpack_sharing_enabled":true,"_links":{"self":[{"href":"http:\/\/www.eloriente.net\/home\/wp-json\/wp\/v2\/posts\/58759"}],"collection":[{"href":"http:\/\/www.eloriente.net\/home\/wp-json\/wp\/v2\/posts"}],"about":[{"href":"http:\/\/www.eloriente.net\/home\/wp-json\/wp\/v2\/types\/post"}],"author":[{"embeddable":true,"href":"http:\/\/www.eloriente.net\/home\/wp-json\/wp\/v2\/users\/57"}],"replies":[{"embeddable":true,"href":"http:\/\/www.eloriente.net\/home\/wp-json\/wp\/v2\/comments?post=58759"}],"version-history":[{"count":1,"href":"http:\/\/www.eloriente.net\/home\/wp-json\/wp\/v2\/posts\/58759\/revisions"}],"predecessor-version":[{"id":58761,"href":"http:\/\/www.eloriente.net\/home\/wp-json\/wp\/v2\/posts\/58759\/revisions\/58761"}],"wp:featuredmedia":[{"embeddable":true,"href":"http:\/\/www.eloriente.net\/home\/wp-json\/wp\/v2\/media\/58760"}],"wp:attachment":[{"href":"http:\/\/www.eloriente.net\/home\/wp-json\/wp\/v2\/media?parent=58759"}],"wp:term":[{"taxonomy":"category","embeddable":true,"href":"http:\/\/www.eloriente.net\/home\/wp-json\/wp\/v2\/categories?post=58759"},{"taxonomy":"post_tag","embeddable":true,"href":"http:\/\/www.eloriente.net\/home\/wp-json\/wp\/v2\/tags?post=58759"}],"curies":[{"name":"wp","href":"https:\/\/api.w.org\/{rel}","templated":true}]}}