{"id":58899,"date":"2019-11-04T12:15:17","date_gmt":"2019-11-04T18:15:17","guid":{"rendered":"http:\/\/www.eloriente.net\/home\/?p=58899"},"modified":"2019-11-04T12:18:23","modified_gmt":"2019-11-04T18:18:23","slug":"unicef-pide-repatriacion-de-menores-extranjeros-en-siria","status":"publish","type":"post","link":"http:\/\/www.eloriente.net\/home\/2019\/11\/04\/unicef-pide-repatriacion-de-menores-extranjeros-en-siria\/","title":{"rendered":"UNICEF Pide Repatriaci\u00f3n De Menores Extranjeros En Siria"},"content":{"rendered":"<p>Por: <a href=\"https:\/\/news.un.org\/\">Noticias ONU<\/a><\/p>\n<h6>Se trata de 28.000 ni\u00f1os de 60 nacionalidades. El 80% tiene menos de 12 a\u00f1os y la mitad no llega a 5. El n\u00famero de peque\u00f1os desplazados por el recrudecimiento de las hostilidades asciende a 40.000. El Fondo de las Naciones Unidas para la Infancia asegura que son cr\u00edticamente vulnerables y necesitan urgente protecci\u00f3<\/h6>\n<p>La \u00faltima escalada de violencia en el noreste de Siria demanda una repatriaci\u00f3n urgente de los aproximadamente 28.000 ni\u00f1os y ni\u00f1as de 60 nacionalidades diferentes, entre ellos casi 20.000 iraqu\u00edes, que se encuentran varados en esa parte del territorio \u00e1rabe \u201cantes de que sea demasiado tarde\u201d.<\/p>\n<p>As\u00ed lo manifest\u00f3 este lunes la directora ejecutiva de\u00a0UNICEF, Henrietta Fore, quien destacaba que \u201clos Gobiernos nacionales\u00a0tienen ahora la responsabilidad y la oportunidad de hacer lo correcto y llevar a estos ni\u00f1os y a sus padres a casa donde puedan recibir la atenci\u00f3n adecuada y estar a salvo de la violencia y el abuso\u201d.<\/p>\n<p><script async src=\"https:\/\/pagead2.googlesyndication.com\/pagead\/js\/adsbygoogle.js\"><\/script><br \/>\n<ins class=\"adsbygoogle\" style=\"display: block; text-align: center;\" data-ad-layout=\"in-article\" data-ad-format=\"fluid\" data-ad-client=\"ca-pub-1136171134853753\" data-ad-slot=\"5545504441\"><\/ins><br \/>\n<script>\n     (adsbygoogle = window.adsbygoogle || []).push({});\n<\/script>\u00a0Seg\u00fan las cifras que baraja el\u00a0Fondo de la ONU para la Infancia\u00a0la mayor\u00eda de los menores atrapados en las hostilidades, un 80%, tiene menos de 12 a\u00f1os y la mitad no llega a los 5. A esta cifra hay que a\u00f1adirle que por lo menos 250 ni\u00f1os est\u00e1n detenidos.<\/p>\n<p>UNICEF elogi\u00f3 el liderazgo\u00a0de los 17 pa\u00edses que ya han repatriado a m\u00e1s de 650 ni\u00f1os y ni\u00f1as\u00a0\u201cmuchos de los cuales viven ahora con sus familiares, incluidas, en algunos casos, sus madres, que han regresado con ellos\u201d.<\/p>\n<p>Sin embargo, Fore reconoci\u00f3 que la iniciativa emprendida por esas naciones\u00a0representa m\u00e1s \u201cla excepci\u00f3n que la norma\u201d\u00a0y envi\u00f3 un claro mensaje a los Gobiernos al indicar que \u201cel inter\u00e9s de los menores ha de prevalecer por encima de cualquier otra consideraci\u00f3n\u201d.<\/p>\n<p>\u00abUNICEF est\u00e1 profundamente preocupado por la seguridad y el bienestar de estos menores y de las decenas de miles de ni\u00f1os y ni\u00f1as sirios que luchan por sobrevivir en medio de condiciones cada vez m\u00e1s dif\u00edciles en los campamentos y centros de detenci\u00f3n de la zona.\u00a0Esto incluye a los 40.000 ni\u00f1os y ni\u00f1as\u00a0que acaban de ser desplazados en el noreste de Siria. Algunos fueron separados de sus familias, heridos o discapacitados a causa de la violencia. Todos ellos son cr\u00edticamente vulnerables y necesitan urgentemente protecci\u00f3n contra nuevos da\u00f1os\u201d, destac\u00f3 la m\u00e1xima responsable de UNICEF.<\/p>\n<p>&nbsp;<\/p>\n<h3>Entre las medidas urgentes que solicita UNICEF destacan:<\/h3>\n<ul>\n<li>La detenci\u00f3n s\u00f3lo debe ser una medida de \u00faltimo recurso y por el menor tiempo posible.<\/li>\n<\/ul>\n<ul>\n<li>Los ni\u00f1os no deben ser detenidos por la mera sospecha de que tienen v\u00ednculos familiares con grupos armados o por la pertenencia de miembros de la familia a grupos armados.<\/li>\n<\/ul>\n<ul>\n<li>Si se sospecha que un ni\u00f1o ha cometido un delito, debe recibir un trato acorde con los principios de justicia de menores, con especial atenci\u00f3n a su rehabilitaci\u00f3n y a su regreso a la vida civil.<\/li>\n<\/ul>\n<ul>\n<li>Los Gobiernos deben garantizar la reintegraci\u00f3n segura de los ni\u00f1os sirios en sus comunidades locales y la repatriaci\u00f3n segura, digna y voluntaria de los menores extranjeros a sus pa\u00edses de origen, de acuerdo con las normas internacionales.<\/li>\n<\/ul>\n<ul>\n<li>Como medida de prevenci\u00f3n ante la apatridia, todos los Estados miembros deben proporcionar la correspondiente documentaci\u00f3n civil a los ni\u00f1os que ostenten la ciudadan\u00eda o que nacieron fruto de la uni\u00f3n de sus nacionales.<\/li>\n<\/ul>\n<ul>\n<li>Las partes en conflicto y las que puedan ejercer alg\u00fan tipo de influencia sobre estas deben proteger a los ni\u00f1os en todo momento. Esto supone evitar ataques contra civiles e infraestructura civil.<\/li>\n<\/ul>\n<ul>\n<li>Las partes tambi\u00e9n deben permitir el acceso sin trabas de las organizaciones humanitarias que prestan asistencia y cuidados a los ni\u00f1os y las familias, incluidos los que se encuentran en lugares de detenci\u00f3n.<\/li>\n<\/ul>\n\n\t\t\t  <div \n\t\t\t  \tclass = \"fb-comments\" \n\t\t\t  \tdata-href = \"http:\/\/www.eloriente.net\/home\/2019\/11\/04\/unicef-pide-repatriacion-de-menores-extranjeros-en-siria\/\"\n\t\t\t  \tdata-numposts = \"10\"\n\t\t\t\tdata-colorscheme = \"dark\"\n\t\t\t\tdata-order-by = \"social\"\n\t\t\t\tdata-mobile=true>\n\t\t\t  <\/div>\n\t\t  <style>\n\t\t\t.fb_iframe_widget_fluid_desktop iframe {\n\t\t\t    width: 100% !important;\n\t\t\t}\n\t\t  <\/style>\n\t\t  ","protected":false},"excerpt":{"rendered":"<p>Por: Noticias ONU Se trata de 28.000 ni\u00f1os de 60 nacionalidades. El 80% tiene menos de 12 a\u00f1os y la mitad no llega a 5. El n\u00famero de peque\u00f1os desplazados por el recrudecimiento de las hostilidades asciende a 40.000. El Fondo de las Naciones Unidas para la Infancia asegura que son cr\u00edticamente vulnerables y necesitan [&hellip;]<\/p>\n","protected":false},"author":57,"featured_media":58900,"comment_status":"open","ping_status":"open","sticky":false,"template":"","format":"standard","meta":{"_jetpack_memberships_contains_paid_content":false,"footnotes":""},"categories":[1588,22,18,32,35,10504],"tags":[2073,10821,2045],"class_list":["post-58899","post","type-post","status-publish","format-standard","has-post-thumbnail","hentry","category-comunicados-y-boletines","category-derechos-humanos","category-educacion-y-cultura","category-entradas","category-secciones-oriente","category-las-ultimas-12","tag-naciones-unidas","tag-repatriacion-de-menores-en-siria","tag-unicef"],"jetpack_featured_media_url":"http:\/\/www.eloriente.net\/home\/wp-content\/uploads\/2019\/11\/image1170x530cropped-1.png","jetpack_sharing_enabled":true,"_links":{"self":[{"href":"http:\/\/www.eloriente.net\/home\/wp-json\/wp\/v2\/posts\/58899"}],"collection":[{"href":"http:\/\/www.eloriente.net\/home\/wp-json\/wp\/v2\/posts"}],"about":[{"href":"http:\/\/www.eloriente.net\/home\/wp-json\/wp\/v2\/types\/post"}],"author":[{"embeddable":true,"href":"http:\/\/www.eloriente.net\/home\/wp-json\/wp\/v2\/users\/57"}],"replies":[{"embeddable":true,"href":"http:\/\/www.eloriente.net\/home\/wp-json\/wp\/v2\/comments?post=58899"}],"version-history":[{"count":2,"href":"http:\/\/www.eloriente.net\/home\/wp-json\/wp\/v2\/posts\/58899\/revisions"}],"predecessor-version":[{"id":58905,"href":"http:\/\/www.eloriente.net\/home\/wp-json\/wp\/v2\/posts\/58899\/revisions\/58905"}],"wp:featuredmedia":[{"embeddable":true,"href":"http:\/\/www.eloriente.net\/home\/wp-json\/wp\/v2\/media\/58900"}],"wp:attachment":[{"href":"http:\/\/www.eloriente.net\/home\/wp-json\/wp\/v2\/media?parent=58899"}],"wp:term":[{"taxonomy":"category","embeddable":true,"href":"http:\/\/www.eloriente.net\/home\/wp-json\/wp\/v2\/categories?post=58899"},{"taxonomy":"post_tag","embeddable":true,"href":"http:\/\/www.eloriente.net\/home\/wp-json\/wp\/v2\/tags?post=58899"}],"curies":[{"name":"wp","href":"https:\/\/api.w.org\/{rel}","templated":true}]}}