{"id":59000,"date":"2019-11-12T14:00:53","date_gmt":"2019-11-12T20:00:53","guid":{"rendered":"http:\/\/www.eloriente.net\/home\/?p=59000"},"modified":"2021-09-21T11:56:05","modified_gmt":"2021-09-21T17:56:05","slug":"musica-10-artistas-cubanos","status":"publish","type":"post","link":"http:\/\/www.eloriente.net\/home\/2019\/11\/12\/musica-10-artistas-cubanos\/","title":{"rendered":"M\u00fasica: 10 Artistas Cubanos"},"content":{"rendered":"<p><center><script async src=\"https:\/\/pagead2.googlesyndication.com\/pagead\/js\/adsbygoogle.js\"><\/script><br \/>\n<!-- BANNER ELORIENTE INCRUSTADO NOTAS --><br \/>\n<ins class=\"adsbygoogle\" style=\"display: inline-block; width: 300px; height: 250px;\" data-ad-client=\"ca-pub-1136171134853753\" data-ad-slot=\"7974633627\"><\/ins><br \/>\n<script>\n     (adsbygoogle = window.adsbygoogle || []).push({});\n<\/script><center>\u00a0<\/center><\/center>La Habana, Cuba, cumple 500 a\u00f1os esta semana, la celebraci\u00f3n oficial es el 15 y 16 de noviembre y por ello en El Oriente hemos creado una selecci\u00f3n que incluye artistas ic\u00f3nicos de la historia de la m\u00fasica cubana, as\u00ed como artistas actuales que estamos seguros que te van a encantar.<\/p>\n<p>\u00bfA qu\u00e9 otros artistas incluir\u00edas?<\/p>\n<p><iframe loading=\"lazy\" src=\"https:\/\/open.spotify.com\/embed\/playlist\/5gGw0NWiT1DogUkrIhxECT\" width=\"300\" height=\"380\" frameborder=\"0\"><\/iframe><\/p>\n<p><script async src=\"https:\/\/pagead2.googlesyndication.com\/pagead\/js\/adsbygoogle.js\"><\/script><br \/>\n<ins class=\"adsbygoogle\" style=\"display: block; text-align: center;\" data-ad-layout=\"in-article\" data-ad-format=\"fluid\" data-ad-client=\"ca-pub-1136171134853753\" data-ad-slot=\"5545504441\"><\/ins><br \/>\n<script>\n     (adsbygoogle = window.adsbygoogle || []).push({});\n<\/script><\/p>\n<h3 class=\"p1\">Celia Cruz<\/h3>\n<p class=\"p2\">Celia Cruz es considerada la mayor exponente de la m\u00fasica cubana, as\u00ed como una de las artistas m\u00e1s influyentes de los ritmos latinos. Popularizando internacionalmente los ritmos tropicales y siendo conocida, gracias a eso, como <em>La Reina de la Salsa<\/em>.<\/p>\n<p class=\"p2\">Comenz\u00f3 su carrera actuando en cabarets cu\u00e1ndo a\u00fan era adolescente.<\/p>\n<p class=\"p2\">M\u00e1s adelante, seguir\u00eda su pasi\u00f3n estudiando en el Conservatorio Nacional de M\u00fasica de La Habana y, una vez obtenida su fama, se volvi\u00f3\u00a0vocalista del conjunto musical la <em>Sonora Matancera<\/em>.<\/p>\n<p class=\"p2\">Abandon\u00f3 su pa\u00eds en la d\u00e9cada de los 60\u00b4s tras el triunfo de la revoluci\u00f3n Cubana, viajando a M\u00e9xico y posteriormente radicando en Estados Unidos. Evento que influenci\u00f3 su vida y su obra al ser exiliada de su pa\u00eds natal.<\/p>\n<h3><script async src=\"https:\/\/pagead2.googlesyndication.com\/pagead\/js\/adsbygoogle.js\"><\/script><br \/>\n<ins class=\"adsbygoogle\" style=\"display: block; text-align: center;\" data-ad-layout=\"in-article\" data-ad-format=\"fluid\" data-ad-client=\"ca-pub-1136171134853753\" data-ad-slot=\"1904291222\"><\/ins><br \/>\n<script>\n     (adsbygoogle = window.adsbygoogle || []).push({});\n<\/script><\/h3>\n<h3 class=\"p1\">Buena Vista Social Club<\/h3>\n<p class=\"p2\">Se trata de una\u00a0agrupaci\u00f3n musical que se centr\u00f3 en cultivar el Son Cubano, surgiendo del club social del mismo nombre, lugar donde se reun\u00edan los m\u00fasicos m\u00e1s influyentes de la m\u00fasica cubana.<\/p>\n<p class=\"p2\">En el a\u00f1o 1996 un grupo de m\u00fasicos cubanos, mayoritariamente antiguos miembros del club social, se re\u00fanen para realizar la grabaci\u00f3n de un disco, el cual tuvo un \u00e9xito comercial inesperado que despert\u00f3 el inter\u00e9s internacional por la m\u00fasica cubana tradicional y la m\u00fasica latinoamericana.<\/p>\n<h3><iframe loading=\"lazy\" style=\"border: none; overflow: hidden;\" src=\"https:\/\/www.facebook.com\/plugins\/video.php?height=314&amp;href=https%3A%2F%2Fwww.facebook.com%2Fbuenavistasocialclubofficial%2Fvideos%2F321596982149470%2F&amp;show_text=false&amp;width=560&amp;t=0\" width=\"560\" height=\"314\" frameborder=\"0\" scrolling=\"no\" allowfullscreen=\"allowfullscreen\"><\/iframe><\/h3>\n<h3 class=\"p1\">La Lupe<\/h3>\n<p class=\"p1\">Lupe Victoria Yol\u00ed Raymond, mejor conocida como La Lupe, es una cantante caracterizada por una actitud liberal descrita como escandalosa y provocadora. Estilo que la orill\u00f3 a dejar su pa\u00eds y buscar asilo en M\u00e9xico y Estados Unidos.<\/p>\n<p>Sus primeros pasos en el arte se remontan al a\u00f1o 1954, cuando Lupe se escap\u00f3 de la escuela escuela para participar en un programa radial donde gan\u00f3 el primer premio.<\/p>\n<p>Posteriormente, estuvo cantando en distintos locales habaneros hasta que en 1959 forma el <em>Tr\u00edo Tropicuba<\/em> que se presentaba de forma permanente en una bar llamado <em>La Red<\/em>.<\/p>\n<figure id=\"attachment_59127\" aria-describedby=\"caption-attachment-59127\" style=\"width: 423px\" class=\"wp-caption aligncenter\"><a href=\"http:\/\/www.eloriente.net\/home\/wp-content\/uploads\/2019\/11\/1.png\"><img loading=\"lazy\" decoding=\"async\" class=\"wp-image-59127\" src=\"http:\/\/www.eloriente.net\/home\/wp-content\/uploads\/2019\/11\/1.png\" alt=\"\" width=\"423\" height=\"550\" srcset=\"http:\/\/www.eloriente.net\/home\/wp-content\/uploads\/2019\/11\/1.png 644w, http:\/\/www.eloriente.net\/home\/wp-content\/uploads\/2019\/11\/1-231x300.png 231w, http:\/\/www.eloriente.net\/home\/wp-content\/uploads\/2019\/11\/1-323x420.png 323w, http:\/\/www.eloriente.net\/home\/wp-content\/uploads\/2019\/11\/1-600x780.png 600w\" sizes=\"(max-width: 423px) 100vw, 423px\" \/><\/a><figcaption id=\"caption-attachment-59127\" class=\"wp-caption-text\">\u00abLa Lupe\u00bb Por: Frederikperestroika Licenciado bajo CC 4.0<\/figcaption><\/figure>\n<p><iframe loading=\"lazy\" title=\"YouTube video player\" src=\"https:\/\/www.youtube.com\/embed\/R-CpdAtgKQY\" width=\"560\" height=\"315\" frameborder=\"0\" allowfullscreen=\"allowfullscreen\"><\/iframe><\/p>\n<h3><script async src=\"https:\/\/pagead2.googlesyndication.com\/pagead\/js\/adsbygoogle.js\"><\/script><br \/>\n<ins class=\"adsbygoogle\" style=\"display: block; text-align: center;\" data-ad-layout=\"in-article\" data-ad-format=\"fluid\" data-ad-client=\"ca-pub-1136171134853753\" data-ad-slot=\"4724569608\"><\/ins><br \/>\n<script>\n     (adsbygoogle = window.adsbygoogle || []).push({});\n<\/script><\/h3>\n<h3 class=\"p1\">Arsenio Rodriguez<\/h3>\n<p>Arsenio Rodr\u00edguez fue un compositor e int\u00e9rprete del <em>Tres Cubano<\/em>, instrumento derivado de la guitarra, que tom\u00f3 gran relevancia en el llamado Son Montuno.<\/p>\n<p>Sus canciones se caracterizan por ritmos peculiares que incorporan tumbadoras, piano y trompetas al tradicional estilo del son. Explorando con ello la m\u00fasica de herencia afrocubana que sent\u00f3 las bases de lo que hoy es la salsa.<\/p>\n<p><iframe loading=\"lazy\" title=\"YouTube video player\" src=\"https:\/\/www.youtube.com\/embed\/6BkSojS2OcA\" width=\"560\" height=\"315\" frameborder=\"0\" allowfullscreen=\"allowfullscreen\"><\/iframe><\/p>\n<h3 class=\"p1\">Sindo Garay<\/h3>\n<p class=\"p2\">Antonio Gumersindo Garay y Garc\u00eda, nacido en 1867, es un m\u00fasico sin formaci\u00f3n acad\u00e9mica admirado por su habilidad y excelencia en la trova.<\/p>\n<p class=\"p2\">Contaba con un estilo musical en donde resaltaba el rayado de las cuerdas para cerrar frases musicales y una base r\u00edtmica llamada <em>cinquillo cubano.<\/em><\/p>\n<p class=\"p2\">Con su obra, compuesta por m\u00e1s de 600 canciones, logr\u00f3 constituir un legado que retrata la idiosincrasia cubana y donde destaca su admiraci\u00f3n por Cuba y la identidad nacional.<\/p>\n<h3><iframe loading=\"lazy\" title=\"YouTube video player\" src=\"https:\/\/www.youtube.com\/embed\/pmuyycLPDPA\" width=\"560\" height=\"315\" frameborder=\"0\" allowfullscreen=\"allowfullscreen\"><\/iframe><\/h3>\n<p><script async src=\"https:\/\/pagead2.googlesyndication.com\/pagead\/js\/adsbygoogle.js\"><\/script><br \/>\n<ins class=\"adsbygoogle\" style=\"display: block; text-align: center;\" data-ad-layout=\"in-article\" data-ad-format=\"fluid\" data-ad-client=\"ca-pub-1136171134853753\" data-ad-slot=\"1904291222\"><\/ins><br \/>\n<script>\n     (adsbygoogle = window.adsbygoogle || []).push({});\n<\/script><\/p>\n<h3 class=\"p1\">P\u00e9rez Prado<\/h3>\n<p class=\"p2\">D\u00e1maso P\u00e9rez Prado lleg\u00f3 a la habana durante la \u00e9poca de oro del son cubano, donde, su talento como pianista le hace colocarse en grupos musicales de los centros nocturnos m\u00e1s famosos del lugar<\/p>\n<p class=\"p2\">Perez Prado forma una orquesta\u00a0con instrumentaci\u00f3n de jazz y percusi\u00f3n afrocubana al llegar a m\u00e9xico, lo que se convierte en un sello caracter\u00edstico de su m\u00fasica.<\/p>\n<figure id=\"attachment_59129\" aria-describedby=\"caption-attachment-59129\" style=\"width: 391px\" class=\"wp-caption aligncenter\"><a href=\"http:\/\/www.eloriente.net\/home\/wp-content\/uploads\/2019\/11\/2.png\"><img loading=\"lazy\" decoding=\"async\" class=\"wp-image-59129\" src=\"http:\/\/www.eloriente.net\/home\/wp-content\/uploads\/2019\/11\/2.png\" alt=\"\" width=\"391\" height=\"550\" srcset=\"http:\/\/www.eloriente.net\/home\/wp-content\/uploads\/2019\/11\/2.png 3240w, http:\/\/www.eloriente.net\/home\/wp-content\/uploads\/2019\/11\/2-213x300.png 213w, http:\/\/www.eloriente.net\/home\/wp-content\/uploads\/2019\/11\/2-768x1081.png 768w, http:\/\/www.eloriente.net\/home\/wp-content\/uploads\/2019\/11\/2-727x1024.png 727w, http:\/\/www.eloriente.net\/home\/wp-content\/uploads\/2019\/11\/2-696x980.png 696w, http:\/\/www.eloriente.net\/home\/wp-content\/uploads\/2019\/11\/2-1068x1504.png 1068w, http:\/\/www.eloriente.net\/home\/wp-content\/uploads\/2019\/11\/2-298x420.png 298w, http:\/\/www.eloriente.net\/home\/wp-content\/uploads\/2019\/11\/2-600x845.png 600w\" sizes=\"(max-width: 391px) 100vw, 391px\" \/><\/a><figcaption id=\"caption-attachment-59129\" class=\"wp-caption-text\">\u00abD\u00e1maso P\u00e9rez Prado, junto a timbal y maracas, retrato.\u00bb Por: Sim\u00f3n Flechine SEMO<br \/>Fotograf\u00eda : Secretar\u00eda De Cultura<\/figcaption><\/figure>\n<h3><iframe loading=\"lazy\" title=\"YouTube video player\" src=\"https:\/\/www.youtube.com\/embed\/T-Qnsk56_g4\" width=\"560\" height=\"315\" frameborder=\"0\" allowfullscreen=\"allowfullscreen\"><\/iframe><\/h3>\n<h3 class=\"p1\">Silvio Rodr\u00edguez<\/h3>\n<p>Silvio Rodr\u00edguez Dom\u00ednguez es un cantautor, poeta y m\u00e1ximo exponente de la <em>Nueva Trova Cubana,<\/em>\u00a0As\u00ed mismo, es ampliamente reconocido por su debut televisivo dentro del programa M\u00fasica y Estrellas en 1967.<\/p>\n<p>En la influencia musical de Rodr\u00edguez se encuentran la m\u00fasica tradicional cubana, el jazz, el blues y la m\u00fasica cl\u00e1sica.<\/p>\n<p>Rodr\u00edguez se convirti\u00f3 en uno de los fundadores de la Nueva Trova, caracterizada por el uso de la voz, la guitarra y tem\u00e1ticas de protesta marcadas por la Revoluci\u00f3n Cubana.<\/p>\n<p><iframe loading=\"lazy\" title=\"YouTube video player\" src=\"https:\/\/www.youtube.com\/embed\/kiBlfrTWuXM\" width=\"560\" height=\"315\" frameborder=\"0\" allowfullscreen=\"allowfullscreen\"><\/iframe><\/p>\n<h3>Danay Su\u00e1rez<\/h3>\n<p>Se trata de una cantante de Jazz, Rap, Hip Hop, Reggae y M\u00fasica Tradicional con reconocimiento a nivel mundial.<\/p>\n<p>Considerada <em>La Representante del Hip Hop Consciente Femenino en Cuba<\/em>, seg\u00fan descripciones de sus fans.<\/p>\n<p>Su\u00e1rez es una artista de formaci\u00f3n autodidacta que inici\u00f3 su carrera en el mundo de la m\u00fasica participando, a los 15 a\u00f1os, en un concierto del <em>Teatro Nacional de La Habana<\/em>.<\/p>\n<p>Danay se convirti\u00f3 el 2017 en uno de los m\u00fasicos cubanos m\u00e1s nominados en los Latin Grammy, siendo postulada en las categor\u00edas a <em>Mejor Nuevo Artista, Mejor Canci\u00f3n Alternativa,Mejor \u00c1lbum de M\u00fasica Alternativa y \u00c1lbum del A\u00f1o.<\/em><\/p>\n<figure id=\"attachment_59130\" aria-describedby=\"caption-attachment-59130\" style=\"width: 550px\" class=\"wp-caption aligncenter\"><a href=\"http:\/\/www.eloriente.net\/home\/wp-content\/uploads\/2019\/11\/3.png\"><img loading=\"lazy\" decoding=\"async\" class=\"wp-image-59130\" src=\"http:\/\/www.eloriente.net\/home\/wp-content\/uploads\/2019\/11\/3.png\" alt=\"\" width=\"550\" height=\"359\" srcset=\"http:\/\/www.eloriente.net\/home\/wp-content\/uploads\/2019\/11\/3.png 750w, http:\/\/www.eloriente.net\/home\/wp-content\/uploads\/2019\/11\/3-300x196.png 300w, http:\/\/www.eloriente.net\/home\/wp-content\/uploads\/2019\/11\/3-696x455.png 696w, http:\/\/www.eloriente.net\/home\/wp-content\/uploads\/2019\/11\/3-643x420.png 643w, http:\/\/www.eloriente.net\/home\/wp-content\/uploads\/2019\/11\/3-600x392.png 600w\" sizes=\"(max-width: 550px) 100vw, 550px\" \/><\/a><figcaption id=\"caption-attachment-59130\" class=\"wp-caption-text\">Danay Su\u00e1rez<br \/>Foto: @DanaySuarez a trav\u00e9s de twitter<\/figcaption><\/figure>\n<h3><iframe loading=\"lazy\" title=\"YouTube video player\" src=\"https:\/\/www.youtube.com\/embed\/oX848tTtX4E\" width=\"560\" height=\"315\" frameborder=\"0\" allowfullscreen=\"allowfullscreen\"><\/iframe><\/h3>\n<h3><script async src=\"https:\/\/pagead2.googlesyndication.com\/pagead\/js\/adsbygoogle.js\"><\/script><br \/>\n<ins class=\"adsbygoogle\" style=\"display: block; text-align: center;\" data-ad-layout=\"in-article\" data-ad-format=\"fluid\" data-ad-client=\"ca-pub-1136171134853753\" data-ad-slot=\"1904291222\"><\/ins><br \/>\n<script>\n     (adsbygoogle = window.adsbygoogle || []).push({});\n<\/script><br \/>\nPALO!<\/h3>\n<p><em>PALO!<\/em> es una agrupaci\u00f3n que toca su propio estilo de m\u00fasica cubana al que llaman Funk Afrocubano.<\/p>\n<p>Se trata de una banda con un un\u00a0sonido \u00fanico y contagioso que combina el encanto de la m\u00fasica cubana con el ritmo funk y la improvisaci\u00f3n del jazz.<\/p>\n<p>La banda tiene un amplio recorrido present\u00e1ndose en clubes, festivales y eventos musicales de todo el mundo. Siendo nominada para un <em>Grammy<\/em> y un <em>Latin Grammy<\/em> por su \u00e1lbum <em>PALO! Live<\/em>, as\u00ed mismo, fue nombrada <em>Miami New Times Mejor Banda 2012<\/em> y <em>Mejor Banda Latina 2014.<\/em><\/p>\n<h3><iframe loading=\"lazy\" title=\"YouTube video player\" src=\"https:\/\/www.youtube.com\/embed\/T2JnyCuAQMg\" width=\"560\" height=\"315\" frameborder=\"0\" allowfullscreen=\"allowfullscreen\"><\/iframe><\/h3>\n<h3 class=\"p1\">Camila Cabello<\/h3>\n<p class=\"p2\">Karla Camila Cabello Estrabao es una cantante y compositora cubano-estadounidense reconocida mundialmente por haber formado parte del grupo <em>Fifth Harmony<\/em>. Agrupaci\u00f3n a la que fue convocada tras haber sido eliminada en la final del programa <em>The X Factor<\/em> en Greensboro.<\/p>\n<p>Su m\u00e1s reciente trabajo, tras\u00a0salir de <em>Fifth Harmony<\/em>, es <em>Camila, u<\/em>n \u00e1lbum con influencias latinas lanzado en enero de 2018 que se convirti\u00f3 r\u00e1pidamente en el n\u00famero uno de los m\u00e1s vendidos en Estados Unidos.<\/p>\n<p><iframe loading=\"lazy\" title=\"YouTube video player\" src=\"https:\/\/www.youtube.com\/embed\/0Kx3sobEBFE\" width=\"560\" height=\"315\" frameborder=\"0\" allowfullscreen=\"allowfullscreen\"><\/iframe><\/p>\n<h3>M\u00e1s videos en el Canal de Youtube de El Oriente:<\/h3>\n<p><iframe loading=\"lazy\" title=\"YouTube video player\" src=\"https:\/\/www.youtube.com\/embed\/iI25Q1UwbtY\" width=\"560\" height=\"315\" frameborder=\"0\" allowfullscreen=\"allowfullscreen\"><\/iframe><\/p>\n<p><script async src=\"https:\/\/pagead2.googlesyndication.com\/pagead\/js\/adsbygoogle.js\"><\/script><br \/>\n<ins class=\"adsbygoogle\" style=\"display: block;\" data-ad-format=\"autorelaxed\" data-ad-client=\"ca-pub-1136171134853753\" data-ad-slot=\"4595267748\"><\/ins><br \/>\n<script>\n     (adsbygoogle = window.adsbygoogle || []).push({});\n<\/script><\/p>\n\n\t\t\t  <div \n\t\t\t  \tclass = \"fb-comments\" \n\t\t\t  \tdata-href = \"http:\/\/www.eloriente.net\/home\/2019\/11\/12\/musica-10-artistas-cubanos\/\"\n\t\t\t  \tdata-numposts = \"10\"\n\t\t\t\tdata-colorscheme = \"dark\"\n\t\t\t\tdata-order-by = \"social\"\n\t\t\t\tdata-mobile=true>\n\t\t\t  <\/div>\n\t\t  <style>\n\t\t\t.fb_iframe_widget_fluid_desktop iframe {\n\t\t\t    width: 100% !important;\n\t\t\t}\n\t\t  <\/style>\n\t\t  ","protected":false},"excerpt":{"rendered":"<p>\u00a0La Habana, Cuba, cumple 500 a\u00f1os esta semana, la celebraci\u00f3n oficial es el 15 y 16 de noviembre y por ello en El Oriente hemos creado una selecci\u00f3n que incluye artistas ic\u00f3nicos de la historia de la m\u00fasica cubana, as\u00ed como artistas actuales que estamos seguros que te van a encantar. \u00bfA qu\u00e9 otros artistas [&hellip;]<\/p>\n","protected":false},"author":54,"featured_media":59001,"comment_status":"open","ping_status":"open","sticky":false,"template":"","format":"standard","meta":{"_jetpack_memberships_contains_paid_content":false,"footnotes":""},"categories":[5,11119,32,10504,24],"tags":[12484,3115,148,3488,389,12483],"class_list":["post-59000","post","type-post","status-publish","format-standard","has-post-thumbnail","hentry","category-canal-3-musica","category-cuba","category-entradas","category-las-ultimas-12","category-mexico-y-el-mundo","tag-10-musicos-cubanos","tag-artistas","tag-cuba","tag-la-habana","tag-latinoamerica","tag-musicos-cubanos"],"jetpack_featured_media_url":"http:\/\/www.eloriente.net\/home\/wp-content\/uploads\/2019\/11\/CUBA-FILTRO.jpg","jetpack_sharing_enabled":true,"_links":{"self":[{"href":"http:\/\/www.eloriente.net\/home\/wp-json\/wp\/v2\/posts\/59000"}],"collection":[{"href":"http:\/\/www.eloriente.net\/home\/wp-json\/wp\/v2\/posts"}],"about":[{"href":"http:\/\/www.eloriente.net\/home\/wp-json\/wp\/v2\/types\/post"}],"author":[{"embeddable":true,"href":"http:\/\/www.eloriente.net\/home\/wp-json\/wp\/v2\/users\/54"}],"replies":[{"embeddable":true,"href":"http:\/\/www.eloriente.net\/home\/wp-json\/wp\/v2\/comments?post=59000"}],"version-history":[{"count":5,"href":"http:\/\/www.eloriente.net\/home\/wp-json\/wp\/v2\/posts\/59000\/revisions"}],"predecessor-version":[{"id":65051,"href":"http:\/\/www.eloriente.net\/home\/wp-json\/wp\/v2\/posts\/59000\/revisions\/65051"}],"wp:featuredmedia":[{"embeddable":true,"href":"http:\/\/www.eloriente.net\/home\/wp-json\/wp\/v2\/media\/59001"}],"wp:attachment":[{"href":"http:\/\/www.eloriente.net\/home\/wp-json\/wp\/v2\/media?parent=59000"}],"wp:term":[{"taxonomy":"category","embeddable":true,"href":"http:\/\/www.eloriente.net\/home\/wp-json\/wp\/v2\/categories?post=59000"},{"taxonomy":"post_tag","embeddable":true,"href":"http:\/\/www.eloriente.net\/home\/wp-json\/wp\/v2\/tags?post=59000"}],"curies":[{"name":"wp","href":"https:\/\/api.w.org\/{rel}","templated":true}]}}