{"id":59005,"date":"2019-11-12T15:24:28","date_gmt":"2019-11-12T21:24:28","guid":{"rendered":"http:\/\/www.eloriente.net\/home\/?p=59005"},"modified":"2023-03-20T09:23:04","modified_gmt":"2023-03-20T15:23:04","slug":"10o-festival-del-chocolate-en-tabasco","status":"publish","type":"post","link":"http:\/\/www.eloriente.net\/home\/2019\/11\/12\/10o-festival-del-chocolate-en-tabasco\/","title":{"rendered":"10\u00ba Festival del Chocolate en Tabasco"},"content":{"rendered":"<p>Los Olmecas fueron los primeros en cultivar y saborear el cacao en forma de bebida, luego este cultivo se extendi\u00f3 a la civilizaci\u00f3n Maya y a la Azteca. Para estas civilizaciones el cacao era un s\u00edmbolo de abundancia y su valor era superior al oro.<\/p>\n<p>Hoy el cacao se ha convertido en un icono del sur de M\u00e9xico, en Tabasco incluso se celebra un Festival del Chocolate que busca rendir tributo este cultivo ancestral y este a\u00f1o cumple su d\u00e9cimo aniversario.<\/p>\n<p><script async src=\"https:\/\/pagead2.googlesyndication.com\/pagead\/js\/adsbygoogle.js\"><\/script><br \/>\n<ins class=\"adsbygoogle\" style=\"display: block; text-align: center;\" data-ad-layout=\"in-article\" data-ad-format=\"fluid\" data-ad-client=\"ca-pub-1136171134853753\" data-ad-slot=\"5545504441\"><\/ins><br \/>\n<script>\n     (adsbygoogle = window.adsbygoogle || []).push({});\n<\/script><\/p>\n<p>Del 20 al 24 de noviembre se realizar\u00e1, como es costumbre, en el Parque Tabasco Dora Mar\u00eda, en Villahermosa; que ser\u00e1 el punto de reuni\u00f3n donde convergir\u00e1n los conocimientos, enfocados al sector primario, los productores de cacao, estudiantes de gastronom\u00eda, as\u00ed como conferencias y talleres donde expertos en la materia har\u00e1n m\u00e1s atractivo este Festival.<\/p>\n<p class=\"_2cuy _3dgx _2vxa\">Como cada a\u00f1o, se contar\u00e1 con la participaci\u00f3n de chefs de gran prestigio, tanto locales, nacionales e internacionales. Este 2019 tendremos la presencia de la mejor chef pastelera de M\u00e9xico, <span class=\"_4yxo\">Paulina Abascal<\/span>, reconocida por ser una artista completa, profesional, audaz y empresaria de gran visi\u00f3n, creadora de emociones y momentos m\u00e1gicos a trav\u00e9s de su catering dulce; as\u00ed como del chef espa\u00f1ol <span class=\"_4yxo\">David del Nuevo<\/span>, quien ha basado su trabajo en la cocina cl\u00e1sica espa\u00f1ola, actualiz\u00e1ndola con t\u00e9cnicas modernas, as\u00ed como productos locales y estacionales.<\/p>\n<p class=\"_2cuy _3dgx _2vxa\">Esto es tan solo para abrir boca con lo que nos espera durante cinco d\u00edas en la fiesta del chocolate de Tabasco; adem\u00e1s de m\u00fasica, exposiciones, degustaciones, catas, concursos y muchas sorpresas m\u00e1s.<\/p>\n<p>Para m\u00e1s informaci\u00f3n, visita la p\u00e1gina oficial:\u00a0<a href=\"https:\/\/festivaldelchocolate.mx\/\" target=\"_blank\" rel=\"noopener\">https:\/\/festivaldelchocolate.mx\/<\/a><\/p>\n<p><script async src=\"https:\/\/pagead2.googlesyndication.com\/pagead\/js\/adsbygoogle.js\"><\/script><br \/>\n<ins class=\"adsbygoogle\" style=\"display: block;\" data-ad-format=\"autorelaxed\" data-ad-client=\"ca-pub-1136171134853753\" data-ad-slot=\"4595267748\"><\/ins><br \/>\n<script>\n     (adsbygoogle = window.adsbygoogle || []).push({});\n<\/script><\/p>\n\n\t\t\t  <div \n\t\t\t  \tclass = \"fb-comments\" \n\t\t\t  \tdata-href = \"http:\/\/www.eloriente.net\/home\/2019\/11\/12\/10o-festival-del-chocolate-en-tabasco\/\"\n\t\t\t  \tdata-numposts = \"10\"\n\t\t\t\tdata-colorscheme = \"dark\"\n\t\t\t\tdata-order-by = \"social\"\n\t\t\t\tdata-mobile=true>\n\t\t\t  <\/div>\n\t\t  <style>\n\t\t\t.fb_iframe_widget_fluid_desktop iframe {\n\t\t\t    width: 100% !important;\n\t\t\t}\n\t\t  <\/style>\n\t\t  ","protected":false},"excerpt":{"rendered":"<p>Los Olmecas fueron los primeros en cultivar y saborear el cacao en forma de bebida, luego este cultivo se extendi\u00f3 a la civilizaci\u00f3n Maya y a la Azteca. Para estas civilizaciones el cacao era un s\u00edmbolo de abundancia y su valor era superior al oro. Hoy el cacao se ha convertido en un icono del [&hellip;]<\/p>\n","protected":false},"author":54,"featured_media":59006,"comment_status":"open","ping_status":"open","sticky":false,"template":"","format":"standard","meta":{"_jetpack_memberships_contains_paid_content":false,"footnotes":""},"categories":[1588,18,32,10504,19],"tags":[1548,1392,8715],"class_list":["post-59005","post","type-post","status-publish","format-standard","has-post-thumbnail","hentry","category-comunicados-y-boletines","category-educacion-y-cultura","category-entradas","category-las-ultimas-12","category-turismo-y-negocios","tag-festivales","tag-gastronomia-2","tag-sur-de-mexico"],"jetpack_featured_media_url":"http:\/\/www.eloriente.net\/home\/wp-content\/uploads\/2019\/11\/ruta-del-chocolate-bien-1920x1080-FILTRO.jpg","jetpack_sharing_enabled":true,"_links":{"self":[{"href":"http:\/\/www.eloriente.net\/home\/wp-json\/wp\/v2\/posts\/59005"}],"collection":[{"href":"http:\/\/www.eloriente.net\/home\/wp-json\/wp\/v2\/posts"}],"about":[{"href":"http:\/\/www.eloriente.net\/home\/wp-json\/wp\/v2\/types\/post"}],"author":[{"embeddable":true,"href":"http:\/\/www.eloriente.net\/home\/wp-json\/wp\/v2\/users\/54"}],"replies":[{"embeddable":true,"href":"http:\/\/www.eloriente.net\/home\/wp-json\/wp\/v2\/comments?post=59005"}],"version-history":[{"count":2,"href":"http:\/\/www.eloriente.net\/home\/wp-json\/wp\/v2\/posts\/59005\/revisions"}],"predecessor-version":[{"id":66201,"href":"http:\/\/www.eloriente.net\/home\/wp-json\/wp\/v2\/posts\/59005\/revisions\/66201"}],"wp:featuredmedia":[{"embeddable":true,"href":"http:\/\/www.eloriente.net\/home\/wp-json\/wp\/v2\/media\/59006"}],"wp:attachment":[{"href":"http:\/\/www.eloriente.net\/home\/wp-json\/wp\/v2\/media?parent=59005"}],"wp:term":[{"taxonomy":"category","embeddable":true,"href":"http:\/\/www.eloriente.net\/home\/wp-json\/wp\/v2\/categories?post=59005"},{"taxonomy":"post_tag","embeddable":true,"href":"http:\/\/www.eloriente.net\/home\/wp-json\/wp\/v2\/tags?post=59005"}],"curies":[{"name":"wp","href":"https:\/\/api.w.org\/{rel}","templated":true}]}}