{"id":59008,"date":"2019-11-13T09:53:07","date_gmt":"2019-11-13T15:53:07","guid":{"rendered":"http:\/\/www.eloriente.net\/home\/?p=59008"},"modified":"2019-11-13T10:15:14","modified_gmt":"2019-11-13T16:15:14","slug":"80-de-la-ciudad-de-venecia-bajo-el-agua","status":"publish","type":"post","link":"http:\/\/www.eloriente.net\/home\/2019\/11\/13\/80-de-la-ciudad-de-venecia-bajo-el-agua\/","title":{"rendered":"80% de la ciudad de Venecia bajo el agua"},"content":{"rendered":"<p class=\"p1\">Una nueva inundaci\u00f3n ha afectado gravemente a Venecia, se trata de la peor inundaci\u00f3n que ha vivido, al menos desde 1966, al grado de que el gobernador lo ha calificadora de una \u201cdevastaci\u00f3n apocal\u00edptica\u00bb.<\/p>\n<p class=\"p1\">Hist\u00f3ricamente, esta ciudad al norte de Italia sufre cada a\u00f1o de constantes inundaciones, debido a que est\u00e1 construida en las islas bajas de la Laguna de Venecia. Esta situaci\u00f3n la hace vulnerable a los cambios en el nivel del mar; cuando la marea es alta, las partes bajas de la ciudad se inundan, a este fen\u00f3meno se le conoce como <em>acqua alta<\/em>.<\/p>\n<blockquote class=\"twitter-tweet\">\n<p dir=\"ltr\" lang=\"it\">Situazione drammatica <a href=\"https:\/\/t.co\/gS63ZK2j3Q\">pic.twitter.com\/gS63ZK2j3Q<\/a><\/p>\n<p>\u2014 Luigi Brugnaro (@LuigiBrugnaro) <a href=\"https:\/\/twitter.com\/LuigiBrugnaro\/status\/1194395095111491586?ref_src=twsrc%5Etfw\">November 12, 2019<\/a><\/p><\/blockquote>\n<p><script async src=\"https:\/\/platform.twitter.com\/widgets.js\" charset=\"utf-8\"><\/script><\/p>\n<p>&nbsp;<\/p>\n<p><script async src=\"https:\/\/pagead2.googlesyndication.com\/pagead\/js\/adsbygoogle.js\"><\/script><br \/>\n<ins class=\"adsbygoogle\" style=\"display: block; text-align: center;\" data-ad-layout=\"in-article\" data-ad-format=\"fluid\" data-ad-client=\"ca-pub-1136171134853753\" data-ad-slot=\"5545504441\"><\/ins><br \/>\n<script>\n     (adsbygoogle = window.adsbygoogle || []).push({});\n<\/script><\/p>\n<p class=\"p1\">Adicionalmente, la ciudad sufre un hundimiento de entre 2 y 4 cent\u00edmetros cada siglo por un fen\u00f3meno llamado <em>subsistencia<\/em>, que es el resultado de la extracci\u00f3n de agua subterr\u00e1nea en los a\u00f1os 50\u00b4s.<\/p>\n<p class=\"p1\">En esta ocasi\u00f3n el <em>acqua alta<\/em> ha alcanzado los 187 cent\u00edmetros durante la noche del martes, altura que no hab\u00eda alcanzado desde 1966 y a\u00fan se espera otra marea durante<span class=\"Apple-converted-space\">\u00a0 <\/span>este mi\u00e9rcoles.<\/p>\n<blockquote class=\"twitter-tweet\">\n<p dir=\"ltr\" lang=\"es\">El &#8216;acqua alta&#8217; de Venecia en im\u00e1genes.<\/p>\n<p>Los mosaicos de la cripta&#8230; Imagino da\u00f1os irreversibles en la Bas\u00edlica. Efecto devastador.<\/p>\n<p>Plaza de San Marcos | Cripta de la Bas\u00edlica de San Marcos | Bas\u00edlica de San Marcos y Palacio Ducal | Entrada de la Bas\u00edlica de San Marcos <a href=\"https:\/\/t.co\/HlaxI1wMdi\">pic.twitter.com\/HlaxI1wMdi<\/a><\/p>\n<p>\u2014 Eduardo Losada (@EduLosada) <a href=\"https:\/\/twitter.com\/EduLosada\/status\/1194619919020777472?ref_src=twsrc%5Etfw\">November 13, 2019<\/a><\/p><\/blockquote>\n<p><script async src=\"https:\/\/platform.twitter.com\/widgets.js\" charset=\"utf-8\"><\/script><\/p>\n<p class=\"p1\">Las autoridades municipales han se\u00f1alado esta ma\u00f1ana que el 80% de la ciudad est\u00e1 bajo el agua, generando da\u00f1os a\u00fan sin calcular. Algunos museos han registrado graves da\u00f1os y se habla de al menos una persona que ha perdido al vida.<\/p>\n<p class=\"p1\">A pesar de que los gobiernos han tomado medidas para que la vida de la ciudad continue, a pesar de este com\u00fan fen\u00f3meno, la frecuencia ha aumentado de menos de diez veces por a\u00f1o a 60.<\/p>\n<blockquote class=\"twitter-tweet\">\n<p dir=\"ltr\" lang=\"es\">La explanada de la famosa Plaza de San Marcos se encuentra bajo las aguas. Por lo pronto, as\u00ed se ve el panorama de <a href=\"https:\/\/twitter.com\/hashtag\/Venecia?src=hash&amp;ref_src=twsrc%5Etfw\">#Venecia<\/a> inundada. [el] <a href=\"https:\/\/twitter.com\/dwnews?ref_src=twsrc%5Etfw\">@dwnews<\/a> <a href=\"https:\/\/t.co\/Z1JHbtbp9Q\">pic.twitter.com\/Z1JHbtbp9Q<\/a><\/p>\n<p>\u2014 DW Espa\u00f1ol (@dw_espanol) <a href=\"https:\/\/twitter.com\/dw_espanol\/status\/1194628437815644160?ref_src=twsrc%5Etfw\">November 13, 2019<\/a><\/p><\/blockquote>\n<p><script async src=\"https:\/\/platform.twitter.com\/widgets.js\" charset=\"utf-8\"><\/script><\/p>\n<p>&nbsp;<\/p>\n<h3>Conferencia de prensa<\/h3>\n<p><iframe loading=\"lazy\" style=\"border: none; overflow: hidden;\" src=\"https:\/\/www.facebook.com\/plugins\/video.php?href=https%3A%2F%2Fwww.facebook.com%2FBrugnaroSindaco%2Fvideos%2F561904474607244%2F&amp;show_text=0&amp;width=560\" width=\"560\" height=\"315\" frameborder=\"0\" scrolling=\"no\" allowfullscreen=\"allowfullscreen\"><\/iframe><\/p>\n\n\t\t\t  <div \n\t\t\t  \tclass = \"fb-comments\" \n\t\t\t  \tdata-href = \"http:\/\/www.eloriente.net\/home\/2019\/11\/13\/80-de-la-ciudad-de-venecia-bajo-el-agua\/\"\n\t\t\t  \tdata-numposts = \"10\"\n\t\t\t\tdata-colorscheme = \"dark\"\n\t\t\t\tdata-order-by = \"social\"\n\t\t\t\tdata-mobile=true>\n\t\t\t  <\/div>\n\t\t  <style>\n\t\t\t.fb_iframe_widget_fluid_desktop iframe {\n\t\t\t    width: 100% !important;\n\t\t\t}\n\t\t  <\/style>\n\t\t  ","protected":false},"excerpt":{"rendered":"<p>Una nueva inundaci\u00f3n ha afectado gravemente a Venecia, se trata de la peor inundaci\u00f3n que ha vivido, al menos desde 1966, al grado de que el gobernador lo ha calificadora de una \u201cdevastaci\u00f3n apocal\u00edptica\u00bb. Hist\u00f3ricamente, esta ciudad al norte de Italia sufre cada a\u00f1o de constantes inundaciones, debido a que est\u00e1 construida en las islas [&hellip;]<\/p>\n","protected":false},"author":54,"featured_media":59014,"comment_status":"open","ping_status":"open","sticky":false,"template":"","format":"video","meta":{"_jetpack_memberships_contains_paid_content":false,"footnotes":""},"categories":[32,10504,10],"tags":[10852,2076,10851],"class_list":["post-59008","post","type-post","status-publish","format-video","has-post-thumbnail","hentry","category-entradas","category-las-ultimas-12","category-lo-mas-reciente","tag-acqua-alta","tag-italia","tag-venecia","post_format-post-format-video"],"jetpack_featured_media_url":"http:\/\/www.eloriente.net\/home\/wp-content\/uploads\/2019\/11\/maxresdefault-7.jpg","jetpack_sharing_enabled":true,"_links":{"self":[{"href":"http:\/\/www.eloriente.net\/home\/wp-json\/wp\/v2\/posts\/59008"}],"collection":[{"href":"http:\/\/www.eloriente.net\/home\/wp-json\/wp\/v2\/posts"}],"about":[{"href":"http:\/\/www.eloriente.net\/home\/wp-json\/wp\/v2\/types\/post"}],"author":[{"embeddable":true,"href":"http:\/\/www.eloriente.net\/home\/wp-json\/wp\/v2\/users\/54"}],"replies":[{"embeddable":true,"href":"http:\/\/www.eloriente.net\/home\/wp-json\/wp\/v2\/comments?post=59008"}],"version-history":[{"count":4,"href":"http:\/\/www.eloriente.net\/home\/wp-json\/wp\/v2\/posts\/59008\/revisions"}],"predecessor-version":[{"id":59016,"href":"http:\/\/www.eloriente.net\/home\/wp-json\/wp\/v2\/posts\/59008\/revisions\/59016"}],"wp:featuredmedia":[{"embeddable":true,"href":"http:\/\/www.eloriente.net\/home\/wp-json\/wp\/v2\/media\/59014"}],"wp:attachment":[{"href":"http:\/\/www.eloriente.net\/home\/wp-json\/wp\/v2\/media?parent=59008"}],"wp:term":[{"taxonomy":"category","embeddable":true,"href":"http:\/\/www.eloriente.net\/home\/wp-json\/wp\/v2\/categories?post=59008"},{"taxonomy":"post_tag","embeddable":true,"href":"http:\/\/www.eloriente.net\/home\/wp-json\/wp\/v2\/tags?post=59008"}],"curies":[{"name":"wp","href":"https:\/\/api.w.org\/{rel}","templated":true}]}}