{"id":59079,"date":"2019-11-19T15:35:09","date_gmt":"2019-11-19T21:35:09","guid":{"rendered":"http:\/\/www.eloriente.net\/home\/?p=59079"},"modified":"2019-11-20T12:44:09","modified_gmt":"2019-11-20T18:44:09","slug":"maria-reyna-se-presentara-en-el-auditorio-nacional","status":"publish","type":"post","link":"http:\/\/www.eloriente.net\/home\/2019\/11\/19\/maria-reyna-se-presentara-en-el-auditorio-nacional\/","title":{"rendered":"Maria Reyna, se presentar\u00e1 en el Auditorio Nacional"},"content":{"rendered":"<p style=\"text-align: right;\"><em>Texto: <a href=\"https:\/\/www.cultura.cdmx.gob.mx\/\" target=\"_blank\" rel=\"noopener\">cultura cdmx<\/a><\/em><\/p>\n<p>Hace 12 a\u00f1os\u00a0Mar\u00eda Reyna Gonz\u00e1lez L\u00f3pez\u00a0dej\u00f3 su comunidad mixe en Santa Mar\u00eda Tlahuitoltepec, Oaxaca, para convertirse en una cantante de \u00f3pera y perseguir sus sue\u00f1os, que materializa en su disco debut\u00a0<em>Orgullosa soy ra\u00edz.\u00a0<\/em><\/p>\n<p>\u201c\u00a1Yo no regreso hasta ser alguien diferente!\u201d, \u00e9sa fue la frase que marc\u00f3 el comienzo de un viaje art\u00edstico en la vida de la cantante oaxaque\u00f1a, quien despu\u00e9s de saberse soprano, gracias al compositor Joaqu\u00edn Garz\u00f3n, se inici\u00f3 en la t\u00e9cnica del bel canto para dar forma al proyecto \u00d3pera Mixe, un ensamble que divulga las arias en mixe, maya, mixteco, zapoteco y n\u00e1huatl.<\/p>\n<p>\u201cCantaba m\u00fasica popular en mi pueblo, lo que escuchaba lo cantaba, pero cuando llegu\u00e9 con Joaqu\u00edn me dijo que deb\u00eda aprender otra t\u00e9cnica, no cre\u00eda poder cantar as\u00ed. Fue gracias a su paciencia y confianza que me di cuenta que pod\u00eda hacer algo diferente\u201d, comparti\u00f3 la cantante en conferencia de prensa en el Foro A Poco No, quien subray\u00f3 la importancia de mostrar las lenguas ind\u00edgenas de otra manera.<\/p>\n<p>Al respecto, Joaqu\u00edn Garz\u00f3n, director orquestal del proyecto, agreg\u00f3 que la motivaci\u00f3n de abarcar otras lenguas, adem\u00e1s del mixe, fue idea del colectivo J\u00f3venes Ind\u00edgenas Urbanos (JIU) \u2014compa\u00f1eros de Reyna en la ciudad de Guadalajara\u2014, quienes le ped\u00edan interpretar algo en sus lenguas maternas.<\/p>\n<p>Mar\u00eda Reyna interpretar\u00e1 en espa\u00f1ol y en lenguas originarias algunos de los 12 temas que componen este \u00e1lbum, como \u201cLa Llorona\u201d y \u201cMadrecita\u201d, que cantar\u00e1 en su lengua mixe, adem\u00e1s de \u201cGuarda esta flor\u201d, en n\u00e1huatl; \u201cGanas de vivir\u201d, en maya, as\u00ed como \u201cUn segundo\u201d y \u201cLluvia\u201d, de Irma Pineda y Nadia L\u00f3pez, piezas po\u00e9ticas que Garz\u00f3n convirti\u00f3 en canciones y ser\u00e1n interpretadas en zapoteco y mixteco, respectivamente.<\/p>\n<p>\u00d3pera Mixe surgi\u00f3 en 2014 como una propuesta diferente que busca y recupera el M\u00e9xico ancestral a trav\u00e9s de canciones, letras, textos y poemas dignos de ser musicalizados, revestidos con un esp\u00edritu de fusi\u00f3n musical y arreglos m\u00e1s contempor\u00e1neos, bajo una interpretaci\u00f3n del bel canto.<\/p>\n<p>&nbsp;<\/p>\n<h3>Tengo un sue\u00f1o<\/h3>\n<p>Esta noche, La soprano oaxaque\u00f1a se presentar\u00e1 esta noche en el Auditorio Nacional, con un \u201cPopurr\u00ed de Canciones Ind\u00edgenas\u201d en cuatro lenguas originarias, en compa\u00f1\u00eda de otros artistas, como la poeta, tambi\u00e9n oaxaque\u00f1a, Nadia L\u00f3pez.<\/p>\n<p>Este evento titulado\u00a0<em>Tengo un sue\u00f1o<\/em>, es la presentaci\u00f3n de los resultados obtenidos por el programa de la Secretar\u00eda de Cultura, Semilleros creativos, y reunir\u00e1 la participaci\u00f3n de 600 ni\u00f1as, ni\u00f1os y j\u00f3venes de todo el pa\u00eds.<\/p>\n<p>Puedes seguir la transmisi\u00f3n en vivo aqu\u00ed.<\/p>\n<p><iframe loading=\"lazy\" src=\"https:\/\/www.youtube.com\/embed\/ZSGf59WYlSU\" width=\"560\" height=\"315\" frameborder=\"0\" allowfullscreen=\"allowfullscreen\"><\/iframe><\/p>\n\n\t\t\t  <div \n\t\t\t  \tclass = \"fb-comments\" \n\t\t\t  \tdata-href = \"http:\/\/www.eloriente.net\/home\/2019\/11\/19\/maria-reyna-se-presentara-en-el-auditorio-nacional\/\"\n\t\t\t  \tdata-numposts = \"10\"\n\t\t\t\tdata-colorscheme = \"dark\"\n\t\t\t\tdata-order-by = \"social\"\n\t\t\t\tdata-mobile=true>\n\t\t\t  <\/div>\n\t\t  <style>\n\t\t\t.fb_iframe_widget_fluid_desktop iframe {\n\t\t\t    width: 100% !important;\n\t\t\t}\n\t\t  <\/style>\n\t\t  ","protected":false},"excerpt":{"rendered":"<p>Texto: cultura cdmx Hace 12 a\u00f1os\u00a0Mar\u00eda Reyna Gonz\u00e1lez L\u00f3pez\u00a0dej\u00f3 su comunidad mixe en Santa Mar\u00eda Tlahuitoltepec, Oaxaca, para convertirse en una cantante de \u00f3pera y perseguir sus sue\u00f1os, que materializa en su disco debut\u00a0Orgullosa soy ra\u00edz.\u00a0 \u201c\u00a1Yo no regreso hasta ser alguien diferente!\u201d, \u00e9sa fue la frase que marc\u00f3 el comienzo de un viaje art\u00edstico [&hellip;]<\/p>\n","protected":false},"author":57,"featured_media":59081,"comment_status":"open","ping_status":"open","sticky":false,"template":"","format":"video","meta":{"_jetpack_memberships_contains_paid_content":false,"footnotes":""},"categories":[4,18,10504],"tags":[10862,189,4006],"class_list":["post-59079","post","type-post","status-publish","format-video","has-post-thumbnail","hentry","category-canal-2-en-vivo","category-educacion-y-cultura","category-las-ultimas-12","tag-maria-reyna","tag-mujeres","tag-soprano","post_format-post-format-video"],"jetpack_featured_media_url":"http:\/\/www.eloriente.net\/home\/wp-content\/uploads\/2019\/11\/maxresdefault-10.jpg","jetpack_sharing_enabled":true,"_links":{"self":[{"href":"http:\/\/www.eloriente.net\/home\/wp-json\/wp\/v2\/posts\/59079"}],"collection":[{"href":"http:\/\/www.eloriente.net\/home\/wp-json\/wp\/v2\/posts"}],"about":[{"href":"http:\/\/www.eloriente.net\/home\/wp-json\/wp\/v2\/types\/post"}],"author":[{"embeddable":true,"href":"http:\/\/www.eloriente.net\/home\/wp-json\/wp\/v2\/users\/57"}],"replies":[{"embeddable":true,"href":"http:\/\/www.eloriente.net\/home\/wp-json\/wp\/v2\/comments?post=59079"}],"version-history":[{"count":2,"href":"http:\/\/www.eloriente.net\/home\/wp-json\/wp\/v2\/posts\/59079\/revisions"}],"predecessor-version":[{"id":59082,"href":"http:\/\/www.eloriente.net\/home\/wp-json\/wp\/v2\/posts\/59079\/revisions\/59082"}],"wp:featuredmedia":[{"embeddable":true,"href":"http:\/\/www.eloriente.net\/home\/wp-json\/wp\/v2\/media\/59081"}],"wp:attachment":[{"href":"http:\/\/www.eloriente.net\/home\/wp-json\/wp\/v2\/media?parent=59079"}],"wp:term":[{"taxonomy":"category","embeddable":true,"href":"http:\/\/www.eloriente.net\/home\/wp-json\/wp\/v2\/categories?post=59079"},{"taxonomy":"post_tag","embeddable":true,"href":"http:\/\/www.eloriente.net\/home\/wp-json\/wp\/v2\/tags?post=59079"}],"curies":[{"name":"wp","href":"https:\/\/api.w.org\/{rel}","templated":true}]}}