{"id":59093,"date":"2019-11-20T09:59:13","date_gmt":"2019-11-20T15:59:13","guid":{"rendered":"http:\/\/www.eloriente.net\/home\/?p=59093"},"modified":"2022-01-26T16:47:53","modified_gmt":"2022-01-26T22:47:53","slug":"20-anos-el-clasico-cubano-que-vuelve-a-la-vida","status":"publish","type":"post","link":"http:\/\/www.eloriente.net\/home\/2019\/11\/20\/20-anos-el-clasico-cubano-que-vuelve-a-la-vida\/","title":{"rendered":"20 a\u00f1os, el cl\u00e1sico cubano que vuelve a la vida"},"content":{"rendered":"<p><center><script async src=\"https:\/\/pagead2.googlesyndication.com\/pagead\/js\/adsbygoogle.js\"><\/script><br \/>\n<!-- BANNER ELORIENTE INCRUSTADO NOTAS --><br \/>\n<ins class=\"adsbygoogle\" style=\"display: inline-block; width: 300px; height: 250px;\" data-ad-client=\"ca-pub-1136171134853753\" data-ad-slot=\"7974633627\"><\/ins><br \/>\n<script>\n     (adsbygoogle = window.adsbygoogle || []).push({});\n<\/script><center>\u00a0<\/center><\/center>Por <em>Sebasti\u00e1n Lucas<\/em><\/p>\n<p>20 A\u00f1os es una de las Canciones m\u00e1s emblem\u00e1ticas de la Habana, Cuba, que se ha vuelto a popularizar a partir de la interpretaci\u00f3n de dos ni\u00f1os Franceses , Isaac y Nora. En un video que ha causado gran ternura y admiraci\u00f3n por la belleza de la pieza sumada a la habilidad de los int\u00e9rpretes.<\/p>\n<p>Dicha canci\u00f3n, de g\u00e9nero habanera, fue estrenada en 1935 con la letra de la compositora Guillermina Arambur\u00fa y la m\u00fasica de Mar\u00eda Teresa Vera, quien la interpret\u00f3 por alrededor de 27 a\u00f1os. Trayectoria que convertir\u00eda a la canci\u00f3n en un cl\u00e1sico de la m\u00fasica cubana, registr\u00e1ndola as\u00ed como parte de la memoria cultural de ese pa\u00eds.<\/p>\n<p>Esta nos cuenta una emotiva historia de desilusi\u00f3n amorosa tras 20 a\u00f1os de relaci\u00f3n. Pieza que con su singular letra se convierte en un reflejo universal del abandono y dolor que causa el t\u00e9rmino de una relaci\u00f3n.<\/p>\n<p><iframe loading=\"lazy\" src=\"https:\/\/www.youtube.com\/embed\/oDEu39FLYpw\" width=\"560\" height=\"315\" frameborder=\"0\" allowfullscreen=\"allowfullscreen\"><\/iframe><\/p>\n<p>&nbsp;<\/p>\n<h3><script async src=\"https:\/\/pagead2.googlesyndication.com\/pagead\/js\/adsbygoogle.js\"><\/script><br \/>\n<ins class=\"adsbygoogle\" style=\"display: block; text-align: center;\" data-ad-layout=\"in-article\" data-ad-format=\"fluid\" data-ad-client=\"ca-pub-1136171134853753\" data-ad-slot=\"5545504441\"><\/ins><br \/>\n<script>\n     (adsbygoogle = window.adsbygoogle || []).push({});\n<\/script><\/h3>\n<h3>Sobre la canci\u00f3n<\/h3>\n<p>Mar\u00eda Teresa Vera se convirti\u00f3 en una de las cantautoras con mayor reconocimiento y trayectoria, qui\u00e9n desde los 16 a\u00f1os se di\u00f3 a conocer en el ambiente de la Trova Cubana. Iniciando su carrera art\u00edstica con el D\u00fao integrado con Rafael Zequeira en el Teatro Politeama Grande, interpretando la canci\u00f3n Mercedes. D\u00f3nde el \u00e9xito y sensibilidad que desprend\u00eda la cantautora fu\u00e9 tan grande que la tuvo que repetir seis veces.<\/p>\n<p class=\"p1\">As\u00ed mismo Mar\u00eda Teresa es recordada como la artista que revolucion\u00f3 la m\u00fasica cubana. Pues no s\u00f3lo fue una de las pocas cantautoras de la \u00e9poca, sino que ten\u00eda una forma de cantar caracterizada por alargar las notas, logrando sonidos naturales y realistas, le dieron peculiaridad y reconocimiento a su interpretaci\u00f3n. Elementos que sumados a su emotiva interpretaci\u00f3n llevaron a su obra recorrer importantes escenarios del mundo y que hoy vuelven a la vida con la canci\u00f3n de 20 a\u00f1os.<\/p>\n<p><iframe loading=\"lazy\" src=\"https:\/\/www.youtube.com\/embed\/Ja0HBp2hL-Q\" width=\"560\" height=\"315\" frameborder=\"0\" allowfullscreen=\"allowfullscreen\"><\/iframe><\/p>\n<p><script async src=\"https:\/\/pagead2.googlesyndication.com\/pagead\/js\/adsbygoogle.js\"><\/script><br \/>\n<ins class=\"adsbygoogle\" style=\"display: block;\" data-ad-format=\"autorelaxed\" data-ad-client=\"ca-pub-1136171134853753\" data-ad-slot=\"4595267748\"><\/ins><br \/>\n<script>\n     (adsbygoogle = window.adsbygoogle || []).push({});\n<\/script><\/p>\n\n\t\t\t  <div \n\t\t\t  \tclass = \"fb-comments\" \n\t\t\t  \tdata-href = \"http:\/\/www.eloriente.net\/home\/2019\/11\/20\/20-anos-el-clasico-cubano-que-vuelve-a-la-vida\/\"\n\t\t\t  \tdata-numposts = \"10\"\n\t\t\t\tdata-colorscheme = \"dark\"\n\t\t\t\tdata-order-by = \"social\"\n\t\t\t\tdata-mobile=true>\n\t\t\t  <\/div>\n\t\t  <style>\n\t\t\t.fb_iframe_widget_fluid_desktop iframe {\n\t\t\t    width: 100% !important;\n\t\t\t}\n\t\t  <\/style>\n\t\t  ","protected":false},"excerpt":{"rendered":"<p>\u00a0Por Sebasti\u00e1n Lucas 20 A\u00f1os es una de las Canciones m\u00e1s emblem\u00e1ticas de la Habana, Cuba, que se ha vuelto a popularizar a partir de la interpretaci\u00f3n de dos ni\u00f1os Franceses , Isaac y Nora. En un video que ha causado gran ternura y admiraci\u00f3n por la belleza de la pieza sumada a la habilidad [&hellip;]<\/p>\n","protected":false},"author":57,"featured_media":59113,"comment_status":"open","ping_status":"open","sticky":false,"template":"","format":"video","meta":{"_jetpack_memberships_contains_paid_content":false,"footnotes":""},"categories":[5,18,32,5297,10504],"tags":[148,10864,10865,149],"class_list":["post-59093","post","type-post","status-publish","format-video","has-post-thumbnail","hentry","category-canal-3-musica","category-educacion-y-cultura","category-entradas","category-historia","category-las-ultimas-12","tag-cuba","tag-habanera","tag-maria-teresa-vera","tag-musica","post_format-post-format-video"],"jetpack_featured_media_url":"http:\/\/www.eloriente.net\/home\/wp-content\/uploads\/2019\/11\/maxresdefault-11.jpg","jetpack_sharing_enabled":true,"_links":{"self":[{"href":"http:\/\/www.eloriente.net\/home\/wp-json\/wp\/v2\/posts\/59093"}],"collection":[{"href":"http:\/\/www.eloriente.net\/home\/wp-json\/wp\/v2\/posts"}],"about":[{"href":"http:\/\/www.eloriente.net\/home\/wp-json\/wp\/v2\/types\/post"}],"author":[{"embeddable":true,"href":"http:\/\/www.eloriente.net\/home\/wp-json\/wp\/v2\/users\/57"}],"replies":[{"embeddable":true,"href":"http:\/\/www.eloriente.net\/home\/wp-json\/wp\/v2\/comments?post=59093"}],"version-history":[{"count":5,"href":"http:\/\/www.eloriente.net\/home\/wp-json\/wp\/v2\/posts\/59093\/revisions"}],"predecessor-version":[{"id":65375,"href":"http:\/\/www.eloriente.net\/home\/wp-json\/wp\/v2\/posts\/59093\/revisions\/65375"}],"wp:featuredmedia":[{"embeddable":true,"href":"http:\/\/www.eloriente.net\/home\/wp-json\/wp\/v2\/media\/59113"}],"wp:attachment":[{"href":"http:\/\/www.eloriente.net\/home\/wp-json\/wp\/v2\/media?parent=59093"}],"wp:term":[{"taxonomy":"category","embeddable":true,"href":"http:\/\/www.eloriente.net\/home\/wp-json\/wp\/v2\/categories?post=59093"},{"taxonomy":"post_tag","embeddable":true,"href":"http:\/\/www.eloriente.net\/home\/wp-json\/wp\/v2\/tags?post=59093"}],"curies":[{"name":"wp","href":"https:\/\/api.w.org\/{rel}","templated":true}]}}