{"id":59217,"date":"2019-11-27T09:30:22","date_gmt":"2019-11-27T15:30:22","guid":{"rendered":"http:\/\/www.eloriente.net\/home\/?p=59217"},"modified":"2019-11-27T09:52:16","modified_gmt":"2019-11-27T15:52:16","slug":"reconoce-amlo-cinco-momentos-dificiles-en-su-primer-ano-de-gobierno","status":"publish","type":"post","link":"http:\/\/www.eloriente.net\/home\/2019\/11\/27\/reconoce-amlo-cinco-momentos-dificiles-en-su-primer-ano-de-gobierno\/","title":{"rendered":"Reconoce AMLO cinco momentos dif\u00edciles en su primer a\u00f1o de gobierno"},"content":{"rendered":"<p><em>Por <a href=\"http:\/\/www.notimex.gob.mx\/\" target=\"_blank\" rel=\"noopener\">Notmiex<\/a>\/Luis A. M\u00e9ndez<\/em><\/p>\n<p>El presidente Andr\u00e9s Manuel L\u00f3pez Obrador reconoci\u00f3 que en su primer a\u00f1o de gobierno ha tenido cinco momentos dolorosos, entre ellos el enfrentamiento en Culiac\u00e1n, Sinaloa, el asesinato de la familia LeBar\u00f3n, en los l\u00edmites de Chihuahua y Sonora, y el asilo pol\u00edtico a Evo Morales.<\/p>\n<p>Durante su conferencia de prensa, L\u00f3pez Obrador asegur\u00f3\u00a0que\u00a0uno de los sucesos que m\u00e1s lo afect\u00f3 en lo personal, fue la explosi\u00f3n en un ducto de Petr\u00f3loes Mexicanos (Pemex) en Tlahuelilpan, Hidalgo, donde 137 personas perdieron la vida.<\/p>\n<p>\u00abLuego podr\u00edamos decir que tuvimos lo de los aranceles, esa crisis de poner aranceles a las mercanc\u00edas mexicanas. Afortunadamente salimos bien y se alej\u00f3 esa amenazas y eso ayud\u00f3 a la estabilidad econom\u00eda\u201d, afirm\u00f3 el mandatario federal.<\/p>\n<p><script async src=\"https:\/\/pagead2.googlesyndication.com\/pagead\/js\/adsbygoogle.js\"><\/script><br \/>\n<ins class=\"adsbygoogle\" style=\"display: block; text-align: center;\" data-ad-layout=\"in-article\" data-ad-format=\"fluid\" data-ad-client=\"ca-pub-1136171134853753\" data-ad-slot=\"5545504441\"><\/ins><br \/>\n<script>\n     (adsbygoogle = window.adsbygoogle || []).push({});\n<\/script><\/p>\n<p>Indic\u00f3 que tambi\u00e9n fue un episodio complicado la \u201cguerra que se desat\u00f3 en Sinaloa\u201d, la cual calific\u00f3 como \u00abla guerra m\u00e1s breve de la historia\u00bb, ya que dur\u00f3 cuatro horas. \u201cFue complicado porque tomamos decisiones en circunstancias dif\u00edciles, pero consideramos que se actu\u00f3 bien\u00bb.<\/p>\n<p>El cuarto momento doloroso que asegur\u00f3 ha tenido su gobierno fue el ataque contra la familia LeBar\u00f3n en el municipio de Bavispe, Sonora, donde murieron tres mujeres y seis menores de edad.<\/p>\n<p>\u201cEsta lamentable tragedia de la familia LeBar\u00f3n, la p\u00e9rdida de la vida. Estamos actuando para esclarecer los hechos para que haya justicia estamos trabajando\u201d, refiri\u00f3.<\/p>\n<p>L\u00f3pez Obrador asegur\u00f3 que la decisi\u00f3n de otorgar asilo pol\u00edtico a Evo Morales, expresidente de Bolivia, fue otro momento que aunque fue dif\u00edcil, \u00abse tom\u00f3 la decisi\u00f3n correcta\u00bb.<\/p>\n<p>L\u00f3pez Obrador indic\u00f3 qu\u00e9 hay asignaturas pendientes en su mandato como es el problema de la inseguridad, pues \u201cse dej\u00f3 crecer mucho el problema, fue un error, m\u00e1s que un error, fue un crimen el haber declarado la guerra al narcotrafico\u201d.<\/p>\n\n\t\t\t  <div \n\t\t\t  \tclass = \"fb-comments\" \n\t\t\t  \tdata-href = \"http:\/\/www.eloriente.net\/home\/2019\/11\/27\/reconoce-amlo-cinco-momentos-dificiles-en-su-primer-ano-de-gobierno\/\"\n\t\t\t  \tdata-numposts = \"10\"\n\t\t\t\tdata-colorscheme = \"dark\"\n\t\t\t\tdata-order-by = \"social\"\n\t\t\t\tdata-mobile=true>\n\t\t\t  <\/div>\n\t\t  <style>\n\t\t\t.fb_iframe_widget_fluid_desktop iframe {\n\t\t\t    width: 100% !important;\n\t\t\t}\n\t\t  <\/style>\n\t\t  ","protected":false},"excerpt":{"rendered":"<p>Por Notmiex\/Luis A. M\u00e9ndez El presidente Andr\u00e9s Manuel L\u00f3pez Obrador reconoci\u00f3 que en su primer a\u00f1o de gobierno ha tenido cinco momentos dolorosos, entre ellos el enfrentamiento en Culiac\u00e1n, Sinaloa, el asesinato de la familia LeBar\u00f3n, en los l\u00edmites de Chihuahua y Sonora, y el asilo pol\u00edtico a Evo Morales. Durante su conferencia de prensa, [&hellip;]<\/p>\n","protected":false},"author":48,"featured_media":58957,"comment_status":"open","ping_status":"open","sticky":false,"template":"","format":"standard","meta":{"_jetpack_memberships_contains_paid_content":false,"footnotes":""},"categories":[32,10504,21],"tags":[2363,751,2981,10881],"class_list":["post-59217","post","type-post","status-publish","format-standard","has-post-thumbnail","hentry","category-entradas","category-las-ultimas-12","category-politica-y-gobierno","tag-amlo","tag-informe","tag-informe-de-gobierno","tag-presidencia-de-la-republica"],"jetpack_featured_media_url":"http:\/\/www.eloriente.net\/home\/wp-content\/uploads\/2019\/11\/IMG_5310.jpg","jetpack_sharing_enabled":true,"_links":{"self":[{"href":"http:\/\/www.eloriente.net\/home\/wp-json\/wp\/v2\/posts\/59217"}],"collection":[{"href":"http:\/\/www.eloriente.net\/home\/wp-json\/wp\/v2\/posts"}],"about":[{"href":"http:\/\/www.eloriente.net\/home\/wp-json\/wp\/v2\/types\/post"}],"author":[{"embeddable":true,"href":"http:\/\/www.eloriente.net\/home\/wp-json\/wp\/v2\/users\/48"}],"replies":[{"embeddable":true,"href":"http:\/\/www.eloriente.net\/home\/wp-json\/wp\/v2\/comments?post=59217"}],"version-history":[{"count":1,"href":"http:\/\/www.eloriente.net\/home\/wp-json\/wp\/v2\/posts\/59217\/revisions"}],"predecessor-version":[{"id":59218,"href":"http:\/\/www.eloriente.net\/home\/wp-json\/wp\/v2\/posts\/59217\/revisions\/59218"}],"wp:featuredmedia":[{"embeddable":true,"href":"http:\/\/www.eloriente.net\/home\/wp-json\/wp\/v2\/media\/58957"}],"wp:attachment":[{"href":"http:\/\/www.eloriente.net\/home\/wp-json\/wp\/v2\/media?parent=59217"}],"wp:term":[{"taxonomy":"category","embeddable":true,"href":"http:\/\/www.eloriente.net\/home\/wp-json\/wp\/v2\/categories?post=59217"},{"taxonomy":"post_tag","embeddable":true,"href":"http:\/\/www.eloriente.net\/home\/wp-json\/wp\/v2\/tags?post=59217"}],"curies":[{"name":"wp","href":"https:\/\/api.w.org\/{rel}","templated":true}]}}