{"id":59324,"date":"2019-12-04T09:32:24","date_gmt":"2019-12-04T15:32:24","guid":{"rendered":"http:\/\/www.eloriente.net\/home\/?p=59324"},"modified":"2019-12-04T11:32:42","modified_gmt":"2019-12-04T17:32:42","slug":"si-eua-quiere-ayudar-a-mexico-que-reduzca-trafico-de-armas-ebrard","status":"publish","type":"post","link":"http:\/\/www.eloriente.net\/home\/2019\/12\/04\/si-eua-quiere-ayudar-a-mexico-que-reduzca-trafico-de-armas-ebrard\/","title":{"rendered":"Si EUA quiere ayudar a M\u00e9xico, que reduzca tr\u00e1fico de armas: Ebrard"},"content":{"rendered":"<p><em>Por <a href=\"http:\/\/www.notimex.gob.mx\/\" target=\"_blank\" rel=\"noopener\">Notimex<\/a>\/Luis A. M\u00e9ndez<\/em><\/p>\n<p>El secretario de Relaciones Exteriores, Marcelo Ebrard, afirm\u00f3 que si Estados Unidos quiere ayudar a M\u00e9xico, debe reducir el tr\u00e1fico il\u00edcito de armas y recursos que nutren a los delincuentes.<\/p>\n<p>Al comparecer ante el Senado de la Rep\u00fablica, Ebrard asegur\u00f3 que en la relaci\u00f3n con Estados Unidos se ha mantenido la defensa de los principios mexicanos, pues, dijo, no se piensa igual en ambos lados de la frontera.<\/p>\n<p>\u00abHemos mantenido la defensa de nuestros proyectos y principios en distintos foros ante Estados Unidos, pues evidentemente no pensamos igual\u00bb, expres\u00f3.<\/p>\n<p><script async src=\"https:\/\/pagead2.googlesyndication.com\/pagead\/js\/adsbygoogle.js\"><\/script><br \/>\n<ins class=\"adsbygoogle\" style=\"display: block; text-align: center;\" data-ad-layout=\"in-article\" data-ad-format=\"fluid\" data-ad-client=\"ca-pub-1136171134853753\" data-ad-slot=\"5545504441\"><\/ins><br \/>\n<script>\n     (adsbygoogle = window.adsbygoogle || []).push({});\n<\/script><\/p>\n<p>\u00abSi Estados Unidos quiere respaldar a M\u00e9xico en esta batalla, que reduzcan el tr\u00e1fico de armas, lo mismo los recursos. Esa es la mejor manera de ayudar a M\u00e9xico, no designando a los grupos como terroristas\u201d, afirm\u00f3 el canciller.<\/p>\n<p>Ebrard se\u00f1al\u00f3 que en la pr\u00f3xima visita que realizar\u00e1 a M\u00e9xico el procurador de Estados Unidos, William Barr, expondr\u00e1 su cr\u00edtica al posicionamiento de denominar como terroristas a los grupos delincuenciales que operan en M\u00e9xico.<\/p>\n<p>\u201cVamos a tener esta semana reuni\u00f3n con el procurador de ese pa\u00eds. Les haremos saber que no estamos de acuerdo con la designaci\u00f3n de las organizaciones delincuenciales como terroristas (&#8230;), pues solo se ha usado cuando hay motivos pol\u00edticos o religiosos\u00bb, manifest\u00f3.<\/p>\n<p>El responsable de la pol\u00edtica exterior mexicana consider\u00f3 que \u00abuna designaci\u00f3n de ese tipo debilitar\u00eda la relaci\u00f3n, y espero que el procurador y el gobierno de Estados Unidos coincida con esto\u201d.<\/p>\n<p>La comparecencia se realiza este martes, luego que el pasado 1 de octubre Ebrard no asisti\u00f3 debido a la enfermedad de su padre, quien falleci\u00f3 unos d\u00edas despu\u00e9s.<\/p>\n\n\t\t\t  <div \n\t\t\t  \tclass = \"fb-comments\" \n\t\t\t  \tdata-href = \"http:\/\/www.eloriente.net\/home\/2019\/12\/04\/si-eua-quiere-ayudar-a-mexico-que-reduzca-trafico-de-armas-ebrard\/\"\n\t\t\t  \tdata-numposts = \"10\"\n\t\t\t\tdata-colorscheme = \"dark\"\n\t\t\t\tdata-order-by = \"social\"\n\t\t\t\tdata-mobile=true>\n\t\t\t  <\/div>\n\t\t  <style>\n\t\t\t.fb_iframe_widget_fluid_desktop iframe {\n\t\t\t    width: 100% !important;\n\t\t\t}\n\t\t  <\/style>\n\t\t  ","protected":false},"excerpt":{"rendered":"<p>Por Notimex\/Luis A. M\u00e9ndez El secretario de Relaciones Exteriores, Marcelo Ebrard, afirm\u00f3 que si Estados Unidos quiere ayudar a M\u00e9xico, debe reducir el tr\u00e1fico il\u00edcito de armas y recursos que nutren a los delincuentes. Al comparecer ante el Senado de la Rep\u00fablica, Ebrard asegur\u00f3 que en la relaci\u00f3n con Estados Unidos se ha mantenido la [&hellip;]<\/p>\n","protected":false},"author":57,"featured_media":59325,"comment_status":"open","ping_status":"open","sticky":false,"template":"","format":"standard","meta":{"_jetpack_memberships_contains_paid_content":false,"footnotes":""},"categories":[32,10504,24,21],"tags":[274,4277,10899],"class_list":["post-59324","post","type-post","status-publish","format-standard","has-post-thumbnail","hentry","category-entradas","category-las-ultimas-12","category-mexico-y-el-mundo","category-politica-y-gobierno","tag-estados-unidos","tag-secretaria-de-relaciones-exteriores","tag-trafico-de-armas"],"jetpack_featured_media_url":"http:\/\/www.eloriente.net\/home\/wp-content\/uploads\/2019\/12\/Ebrard.jpg","jetpack_sharing_enabled":true,"_links":{"self":[{"href":"http:\/\/www.eloriente.net\/home\/wp-json\/wp\/v2\/posts\/59324"}],"collection":[{"href":"http:\/\/www.eloriente.net\/home\/wp-json\/wp\/v2\/posts"}],"about":[{"href":"http:\/\/www.eloriente.net\/home\/wp-json\/wp\/v2\/types\/post"}],"author":[{"embeddable":true,"href":"http:\/\/www.eloriente.net\/home\/wp-json\/wp\/v2\/users\/57"}],"replies":[{"embeddable":true,"href":"http:\/\/www.eloriente.net\/home\/wp-json\/wp\/v2\/comments?post=59324"}],"version-history":[{"count":1,"href":"http:\/\/www.eloriente.net\/home\/wp-json\/wp\/v2\/posts\/59324\/revisions"}],"predecessor-version":[{"id":59326,"href":"http:\/\/www.eloriente.net\/home\/wp-json\/wp\/v2\/posts\/59324\/revisions\/59326"}],"wp:featuredmedia":[{"embeddable":true,"href":"http:\/\/www.eloriente.net\/home\/wp-json\/wp\/v2\/media\/59325"}],"wp:attachment":[{"href":"http:\/\/www.eloriente.net\/home\/wp-json\/wp\/v2\/media?parent=59324"}],"wp:term":[{"taxonomy":"category","embeddable":true,"href":"http:\/\/www.eloriente.net\/home\/wp-json\/wp\/v2\/categories?post=59324"},{"taxonomy":"post_tag","embeddable":true,"href":"http:\/\/www.eloriente.net\/home\/wp-json\/wp\/v2\/tags?post=59324"}],"curies":[{"name":"wp","href":"https:\/\/api.w.org\/{rel}","templated":true}]}}