{"id":59467,"date":"2019-12-14T09:32:03","date_gmt":"2019-12-14T15:32:03","guid":{"rendered":"http:\/\/www.eloriente.net\/home\/?p=59467"},"modified":"2019-12-14T09:32:38","modified_gmt":"2019-12-14T15:32:38","slug":"ha-cambiado-el-reconocimiento","status":"publish","type":"post","link":"http:\/\/www.eloriente.net\/home\/2019\/12\/14\/ha-cambiado-el-reconocimiento\/","title":{"rendered":"\u00bfHa cambiado el reconocimiento?"},"content":{"rendered":"<p>Los seres humanos somos esencialmente sociales, pues nuestra existencia requiere del contacto con otros. Inicialmente, en tiempos prehist\u00f3ricos este contacto, esta necesidad de comunidad, aumentaba la probabilidad de supervivencia; en la actualidad, la socializaci\u00f3n nos acerca al bienestar, a la salud. Sin embargo, ser\u00eda ingenuo asumir que la socializaci\u00f3n conlleva \u00fanicamente aspectos positivos, pues el precio de la evoluci\u00f3n es la complejidad. Entendiendo esto, podemos ver como en el desarrollo de las personas, la socializaci\u00f3n tiene diferentes efectos en distintas etapas vitales. Por ejemplo, en la primera infancia encontramos la necesidad del sujeto infantil por convivir y conocer a otros, para aceptarse y diferenciarse, para construir un abanico de habilidades sociales que le servir\u00e1n el resto de su existencia; posteriormente en la adolescencia, en las crisis propias de la edad y la b\u00fasqueda de identidad, la socializaci\u00f3n sirve como un espejo de las distintas formas de comportarse e identificarse con grupos de referencia distintos a la familia. Este contexto nos permite conectarnos con una palabra clave en la existencia: el reconocimiento.<\/p>\n<p>El reconocimiento es una de las necesidades de tercer orden seg\u00fan la pir\u00e1mide de Maslow, por lo tanto, tiene un papel esencial en la vida humana. Como todos los procesos psicol\u00f3gicos, atraviesa por una serie de etapas que pr\u00e1cticamente dan continuidad al ciclo exterior-interior. El reconocimiento es un tema interesante y complejo porque existen diferentes perspectivas para analizarlo, por ejemplo, haciendo alusi\u00f3n a la familia, el reconocimiento inicia cuando los padres expresan al ni\u00f1o sus caracter\u00edsticas positivas, tales como cualidades y virtudes, o cuando se hace \u00e9nfasis en un logro acad\u00e9mico, deportivo o conductual, dependiendo de la forma en que el ni\u00f1o vive esta experiencia empieza a comprender y entender la importancia del reconocimiento que, en cuestiones de salud, debe ser explicado para que no genere confusiones, ya que no es algo lejano a lo real las personas que por cada acci\u00f3n esperan alg\u00fan tipo de reconocimiento, pues en su historia existe la continuidad de acci\u00f3n positiva- reconocimiento, semejante al paradigma conductista estimulo- respuesta.<\/p>\n<p>Con etapas de desarrollo y maduraci\u00f3n superiores, la persona comienza a entender que el reconocimiento no necesariamente est\u00e1 ligado a la percepci\u00f3n externa, o la aprobaci\u00f3n de otros, como la familia y los pares, esto puede observarse de manera clara en los adolescentes que en b\u00fasqueda de su propia autenticidad experimentan diferentes modas, estilos y tendencias, a manera de encontrar aquello que hace sinton\u00eda con la construcci\u00f3n de su personalidad.<\/p>\n<p>Posteriormente, en el terreno de la salud se espera que el sujeto adulto haya interiorizado el reconocimiento que le permita diferir la necesidad de la aprobaci\u00f3n de otros de sus ideas personales y criterio, pero en este apartado tenemos un aspecto muy interesante que hoy d\u00eda adquiere gran relevancia: las redes sociales.<\/p>\n<p>Gracias a la tecnolog\u00eda la forma en la que vivimos tiene mejoras significativas pues tenemos acceso pr\u00e1cticamente inmediato al contenido que deseemos, ya sea para entretenimiento, b\u00fasqueda de informaci\u00f3n acad\u00e9mica, adquisici\u00f3n de productos entre muchas otras cosas, pero a la vez, nuestra tolerancia a la frustraci\u00f3n ha disminuido y la necesidad de inmediatez va a la alta, lo cual representa una \u201cdeficiencia\u201d respecto a nuestra capacidad de contenci\u00f3n emocional y espera. Conectando el mundo virtual al reconocimiento, es muy sencillo abrir plataformas como Instagram, Twitter, Facebook y hallar pr\u00e1cticamente un mundo de personas que buscan atenci\u00f3n y reconocimiento de los usuarios, ya sea por las fotograf\u00edas, las tendencias, la viralizaci\u00f3n, los retos y un gran etc\u00e9tera. Y lo m\u00e1s interesante es que l\u00f3gicamente se esperan este tipo de conductas de personas adolescentes, encontrando con sorpresa que tambi\u00e9n existen numerosos perfiles de adultos que buscan de la misma forma ser vistos en redes para ser reconocidos, en esta parte cabe preguntarse \u00bfQu\u00e9 sucede cuando el reconocimiento de estas personas no logra obtenerse en redes? \u00bfQu\u00e9 tipo de consecuencias puede tener?<\/p>\n<p>Desde un punto de vista particular, es necesario introducir variables de pensamiento para analizar esta situaci\u00f3n, pues existe una confusi\u00f3n, una l\u00ednea difusa entre lo presentado en redes y lo real, pero lo m\u00e1s importante <em>actos mecanizados que pretenden brindar reconocimiento al sujeto al tomarse fotos o publicar estados<\/em>, reconocimiento que por supuesto es breve, ef\u00edmero.<\/p>\n<p>Por lo tanto, parece necesario educarnos para comprender que en los procesos de maduraci\u00f3n el reconocimiento se introyecta, es decir, nos apropiamos del mismo a tal punto que se vuelve parte de nosotros, en este punto las dem\u00e1s variables como las redes o la b\u00fasqueda obsesiva de la aprobaci\u00f3n social pasan a un segundo t\u00e9rmino, para dar prioridad a la autenticidad y auto confianza, con lo cual la persona se libera de expectativas de otros y da paso a sus propias motivaciones y conductas.<\/p>\n\n\t\t\t  <div \n\t\t\t  \tclass = \"fb-comments\" \n\t\t\t  \tdata-href = \"http:\/\/www.eloriente.net\/home\/2019\/12\/14\/ha-cambiado-el-reconocimiento\/\"\n\t\t\t  \tdata-numposts = \"10\"\n\t\t\t\tdata-colorscheme = \"dark\"\n\t\t\t\tdata-order-by = \"social\"\n\t\t\t\tdata-mobile=true>\n\t\t\t  <\/div>\n\t\t  <style>\n\t\t\t.fb_iframe_widget_fluid_desktop iframe {\n\t\t\t    width: 100% !important;\n\t\t\t}\n\t\t  <\/style>\n\t\t  ","protected":false},"excerpt":{"rendered":"<p>Los seres humanos somos esencialmente sociales, pues nuestra existencia requiere del contacto con otros. Inicialmente, en tiempos prehist\u00f3ricos este contacto, esta necesidad de comunidad, aumentaba la probabilidad de supervivencia; en la actualidad, la socializaci\u00f3n nos acerca al bienestar, a la salud. Sin embargo, ser\u00eda ingenuo asumir que la socializaci\u00f3n conlleva \u00fanicamente aspectos positivos, pues el [&hellip;]<\/p>\n","protected":false},"author":51,"featured_media":59481,"comment_status":"open","ping_status":"open","sticky":false,"template":"","format":"standard","meta":{"_jetpack_memberships_contains_paid_content":false,"footnotes":""},"categories":[32,10504,30],"tags":[1569,10767,6864],"class_list":["post-59467","post","type-post","status-publish","format-standard","has-post-thumbnail","hentry","category-entradas","category-las-ultimas-12","category-salud","tag-psicologia","tag-salud-emocional","tag-salud-mental"],"jetpack_featured_media_url":"http:\/\/www.eloriente.net\/home\/wp-content\/uploads\/2019\/12\/boxing-555735_1920.jpg","jetpack_sharing_enabled":true,"_links":{"self":[{"href":"http:\/\/www.eloriente.net\/home\/wp-json\/wp\/v2\/posts\/59467"}],"collection":[{"href":"http:\/\/www.eloriente.net\/home\/wp-json\/wp\/v2\/posts"}],"about":[{"href":"http:\/\/www.eloriente.net\/home\/wp-json\/wp\/v2\/types\/post"}],"author":[{"embeddable":true,"href":"http:\/\/www.eloriente.net\/home\/wp-json\/wp\/v2\/users\/51"}],"replies":[{"embeddable":true,"href":"http:\/\/www.eloriente.net\/home\/wp-json\/wp\/v2\/comments?post=59467"}],"version-history":[{"count":4,"href":"http:\/\/www.eloriente.net\/home\/wp-json\/wp\/v2\/posts\/59467\/revisions"}],"predecessor-version":[{"id":59482,"href":"http:\/\/www.eloriente.net\/home\/wp-json\/wp\/v2\/posts\/59467\/revisions\/59482"}],"wp:featuredmedia":[{"embeddable":true,"href":"http:\/\/www.eloriente.net\/home\/wp-json\/wp\/v2\/media\/59481"}],"wp:attachment":[{"href":"http:\/\/www.eloriente.net\/home\/wp-json\/wp\/v2\/media?parent=59467"}],"wp:term":[{"taxonomy":"category","embeddable":true,"href":"http:\/\/www.eloriente.net\/home\/wp-json\/wp\/v2\/categories?post=59467"},{"taxonomy":"post_tag","embeddable":true,"href":"http:\/\/www.eloriente.net\/home\/wp-json\/wp\/v2\/tags?post=59467"}],"curies":[{"name":"wp","href":"https:\/\/api.w.org\/{rel}","templated":true}]}}