{"id":59572,"date":"2019-12-18T10:17:18","date_gmt":"2019-12-18T16:17:18","guid":{"rendered":"http:\/\/www.eloriente.net\/home\/?p=59572"},"modified":"2019-12-27T10:32:55","modified_gmt":"2019-12-27T16:32:55","slug":"la-facultad-de-idiomas-abre-convocatoria-para-la-maestria-en-educacion-critica-de-lenguas-unica-en-oaxaca","status":"publish","type":"post","link":"http:\/\/www.eloriente.net\/home\/2019\/12\/18\/la-facultad-de-idiomas-abre-convocatoria-para-la-maestria-en-educacion-critica-de-lenguas-unica-en-oaxaca\/","title":{"rendered":"Abre Maestr\u00eda en Educaci\u00f3n Cr\u00edtica de Lenguas, \u00fanica en Oaxaca"},"content":{"rendered":"<p>Por <a href=\"http:\/\/www.uabjo.mx\/\" target=\"_blank\" rel=\"noopener\">UABJO<\/a><\/p>\n<p>Para formar especialistas en Lenguas, con una visi\u00f3n cr\u00edtica e incluyente, a trav\u00e9s del an\u00e1lisis y reflexi\u00f3n de la teor\u00eda cr\u00edtica, la Facultad de Idiomas de la Universidad Aut\u00f3noma \u201cBenito Ju\u00e1rez\u201d de Oaxaca (FI-UABJO), abre la convocatoria de la Maestr\u00eda en Educaci\u00f3n Cr\u00edtica de Lenguas.<\/p>\n<p>Al respecto el l\u00edder del Cuerpo Acad\u00e9mico en Ling\u00fc\u00edstica Aplicada Cr\u00edtica (CALAC), Mario L\u00f3pez Gopar, dijo que el programa de estudios responde al contexto multiling\u00fce y multi\u00e9tnico de Oaxaca.<\/p>\n<p>Agreg\u00f3 que, en el estado, las lenguas ind\u00edgenas y sus hablantes se encuentran en desventaja ante la hegemon\u00eda del espa\u00f1ol y la creciente presencia del idioma ingl\u00e9s.<\/p>\n<p><script async src=\"https:\/\/pagead2.googlesyndication.com\/pagead\/js\/adsbygoogle.js\"><\/script><br \/>\n<ins class=\"adsbygoogle\" style=\"display: block; text-align: center;\" data-ad-layout=\"in-article\" data-ad-format=\"fluid\" data-ad-client=\"ca-pub-1136171134853753\" data-ad-slot=\"5545504441\"><\/ins><br \/>\n<script>\n     (adsbygoogle = window.adsbygoogle || []).push({});\n<\/script><\/p>\n<p>Por ello se trata de desarrollar visiones cr\u00edticas, adem\u00e1s de revalorar la preservaci\u00f3n de las lenguas y desarrollar metodolog\u00edas de la investigaci\u00f3n descolonizantes, que impacten directamente en la situaci\u00f3n o contexto educativo, con esp\u00edritu de justicia social.<\/p>\n<p>\u201cOaxaca es un espacio donde se evidencia una diversidad cultural, \u00e9tnica, social y ling\u00fc\u00edstica, es por eso que quienes integramos CALAC, proponemos una educaci\u00f3n critica, donde el punto de partida sea el an\u00e1lisis y la investigaci\u00f3n\u201d, subray\u00f3.<\/p>\n<p>L\u00f3pez Gopar, refiri\u00f3 que el programa de posgrado surge del trabajo de investigaci\u00f3n de m\u00e1s de quince a\u00f1os, impulsado por el Cuerpo Acad\u00e9mico en Ling\u00fc\u00edstica Aplicada Cr\u00edtica, primero en el pa\u00eds en alcanzar el nivel m\u00e1s alto en su categor\u00eda.<\/p>\n<p>Con el \u00e1nimo de consolidar su oferta educativa, la Coordinadora de Posgrado de la Facultad, Flor de Mar\u00eda Ordo\u00f1ez Vilches, hace extensiva la invitaci\u00f3n a quienes deseen inscribirse a esta maestr\u00eda.<\/p>\n<p>La entrega y revisi\u00f3n de documentos se llevar\u00e1 a cabo del 6 al 17 de enero de 2020 en la Facultad, ubicada en Ciudad Universitaria y las inscripciones ser\u00e1n el 3 de febrero.<\/p>\n<p>Para mayores informes comunicarse al tel\u00e9fono 951 474 26 26, o consultar la p\u00e1gina <a href=\"http:\/\/www.idiomas.uabjo.mx\/\"><strong>www.idiomas.uabjo.mx<\/strong><\/a> o mediante el \u00a0correo electr\u00f3nico:<a href=\"mailto:posgrado.idiomas@uabjo.mx\">posgrado.idiomas@uabjo.mx<\/a>.<\/p>\n\n\t\t\t  <div \n\t\t\t  \tclass = \"fb-comments\" \n\t\t\t  \tdata-href = \"http:\/\/www.eloriente.net\/home\/2019\/12\/18\/la-facultad-de-idiomas-abre-convocatoria-para-la-maestria-en-educacion-critica-de-lenguas-unica-en-oaxaca\/\"\n\t\t\t  \tdata-numposts = \"10\"\n\t\t\t\tdata-colorscheme = \"dark\"\n\t\t\t\tdata-order-by = \"social\"\n\t\t\t\tdata-mobile=true>\n\t\t\t  <\/div>\n\t\t  <style>\n\t\t\t.fb_iframe_widget_fluid_desktop iframe {\n\t\t\t    width: 100% !important;\n\t\t\t}\n\t\t  <\/style>\n\t\t  ","protected":false},"excerpt":{"rendered":"<p>Por UABJO Para formar especialistas en Lenguas, con una visi\u00f3n cr\u00edtica e incluyente, a trav\u00e9s del an\u00e1lisis y reflexi\u00f3n de la teor\u00eda cr\u00edtica, la Facultad de Idiomas de la Universidad Aut\u00f3noma \u201cBenito Ju\u00e1rez\u201d de Oaxaca (FI-UABJO), abre la convocatoria de la Maestr\u00eda en Educaci\u00f3n Cr\u00edtica de Lenguas. Al respecto el l\u00edder del Cuerpo Acad\u00e9mico en [&hellip;]<\/p>\n","protected":false},"author":57,"featured_media":59576,"comment_status":"open","ping_status":"open","sticky":false,"template":"","format":"standard","meta":{"_jetpack_memberships_contains_paid_content":false,"footnotes":""},"categories":[8,1588,26,49,32,10504,8677,84],"tags":[2548,3907,512,182],"class_list":["post-59572","post","type-post","status-publish","format-standard","has-post-thumbnail","hentry","category-agenda","category-comunicados-y-boletines","category-convocatorias","category-destacadas","category-entradas","category-las-ultimas-12","category-uabjo","category-universidades","tag-convocatorias-2","tag-facultad-de-idiomas-uabjo","tag-idiomas","tag-uabjo"],"jetpack_featured_media_url":"http:\/\/www.eloriente.net\/home\/wp-content\/uploads\/2019\/12\/CONVO-filtro.jpg","jetpack_sharing_enabled":true,"_links":{"self":[{"href":"http:\/\/www.eloriente.net\/home\/wp-json\/wp\/v2\/posts\/59572"}],"collection":[{"href":"http:\/\/www.eloriente.net\/home\/wp-json\/wp\/v2\/posts"}],"about":[{"href":"http:\/\/www.eloriente.net\/home\/wp-json\/wp\/v2\/types\/post"}],"author":[{"embeddable":true,"href":"http:\/\/www.eloriente.net\/home\/wp-json\/wp\/v2\/users\/57"}],"replies":[{"embeddable":true,"href":"http:\/\/www.eloriente.net\/home\/wp-json\/wp\/v2\/comments?post=59572"}],"version-history":[{"count":3,"href":"http:\/\/www.eloriente.net\/home\/wp-json\/wp\/v2\/posts\/59572\/revisions"}],"predecessor-version":[{"id":59676,"href":"http:\/\/www.eloriente.net\/home\/wp-json\/wp\/v2\/posts\/59572\/revisions\/59676"}],"wp:featuredmedia":[{"embeddable":true,"href":"http:\/\/www.eloriente.net\/home\/wp-json\/wp\/v2\/media\/59576"}],"wp:attachment":[{"href":"http:\/\/www.eloriente.net\/home\/wp-json\/wp\/v2\/media?parent=59572"}],"wp:term":[{"taxonomy":"category","embeddable":true,"href":"http:\/\/www.eloriente.net\/home\/wp-json\/wp\/v2\/categories?post=59572"},{"taxonomy":"post_tag","embeddable":true,"href":"http:\/\/www.eloriente.net\/home\/wp-json\/wp\/v2\/tags?post=59572"}],"curies":[{"name":"wp","href":"https:\/\/api.w.org\/{rel}","templated":true}]}}