{"id":59816,"date":"2020-01-08T11:56:22","date_gmt":"2020-01-08T17:56:22","guid":{"rendered":"http:\/\/www.eloriente.net\/home\/?p=59816"},"modified":"2020-01-08T11:56:22","modified_gmt":"2020-01-08T17:56:22","slug":"salario-minimo-en-mexico-es-anticonstitucional","status":"publish","type":"post","link":"http:\/\/www.eloriente.net\/home\/2020\/01\/08\/salario-minimo-en-mexico-es-anticonstitucional\/","title":{"rendered":"Salario m\u00ednimo en M\u00e9xico es anticonstitucional"},"content":{"rendered":"<p>Uno de los cambios en la pol\u00edtica laboral de M\u00e9xico de este a\u00f1o es el aumento al salario m\u00ednimo en 20 por ciento; alcanzando los 123.22 pesos diarios. Al cierre de 2019, este alcanzaba los 99.23 pesos por jornada laboral, mientras que en 2018 era de 88.14 pesos.<\/p>\n<p>A prop\u00f3sito de ello, retomamos un fragmento del\u00a0Reporte de Investigaci\u00f3n 126. El salario m\u00ednimo: un crimen contra el pueblo mexicano. Cae 11.11% el poder adquisitivo durante el sexenio de Pe\u00f1a Nieto, del Centro de An\u00e1lisis Multidisciplinario de la UNAM, publicado el 23 de diciembre de 2016.<\/p>\n<p>Este an\u00e1lisis permite, entre otras cosas, situar en dimensiones m\u00e1s objetivas la medida en que el aumento de salario m\u00ednimo de inicios de 2020 representa para los mexicanos una oportunidad e mejorar sus condiciones de vida en relaci\u00f3n al poder adquisitivo actual.<\/p>\n<p><script async src=\"https:\/\/pagead2.googlesyndication.com\/pagead\/js\/adsbygoogle.js\"><\/script><br \/>\n<ins class=\"adsbygoogle\" style=\"display: block; text-align: center;\" data-ad-layout=\"in-article\" data-ad-format=\"fluid\" data-ad-client=\"ca-pub-1136171134853753\" data-ad-slot=\"5545504441\"><\/ins><br \/>\n<script>\n     (adsbygoogle = window.adsbygoogle || []).push({});\n<\/script><\/p>\n<h3>Porque el salario m\u00ednimo en M\u00e9xico no alcanza ni para comer, es decir, es anticonstitucional<\/h3>\n<p>La Canasta Alimenticia Recomendable es una canasta ponderada, de uso y consumo diario, para una familia mexicana de 4 personas (2 adultos, un\/a joven y un\/a ni\u00f1o\/a) en la que se consideraron aspectos nutricionales, de dieta, de tradici\u00f3n y h\u00e1bitos culturales. Fue definida por el Dr. Abelardo \u00c1vila Curiel del Instituto Nacional de Nutrici\u00f3n Salvador Zubir\u00e1n. Est\u00e1 conformada por 40 alimentos, su precio no incluye gastos en su preparaci\u00f3n. El CAM realiza un seguimiento de su precio desde hace varias d\u00e9cadas. Es importante resaltar que esta canasta alimenticia recomendable no incluye gastos en pago de renta de vivienda, transporte, vestido, calzado, etc\u00e9tera, es solamente para tener una referencia de lo que cuesta la adquisici\u00f3n de alimentos b\u00e1sicos.<\/p>\n<p>Por otra parte, en la secci\u00f3n VI del art\u00edculo 123 de la Constituci\u00f3n de los Estados Unidos Mexicanos se establece que \u201cLos salarios m\u00ednimos generales deber\u00e1n ser suficientes para satisfacer las necesidades normales de un jefe de familia, en el orden material, social y cultural, y para proveer a la educaci\u00f3n obligatoria de los hijos.\u201d<a href=\"https:\/\/cam.economia.unam.mx\/reporte-investigacion-126-salario-minimo-crimen-pueblo-mexicano-cae-11-11-poder-adquisitivo-sexenio-pena-nieto\/#_ftn2\" name=\"_ftnref2\">[2]<\/a>\u00a0Sin embargo, para el 16 de octubre de 2016, la Canasta Alimenticia Recomendable tuvo un precio de $218.06 pesos por d\u00eda mientras que el salario m\u00ednimo diario s\u00f3lo fue de $73.04 pesos. Lo anterior quiere decir que con un salario m\u00ednimo s\u00f3lo se puede comprar el 33.5% de la CAR (ver el Cuadro 1).<\/p>\n<p><a href=\"https:\/\/i2.wp.com\/cam.economia.unam.mx\/wp-content\/uploads\/2016\/12\/cuadro-1.jpg\"><img loading=\"lazy\" decoding=\"async\" class=\"aligncenter wp-image-947\" src=\"https:\/\/i2.wp.com\/cam.economia.unam.mx\/wp-content\/uploads\/2016\/12\/cuadro-1.jpg?resize=640%2C291\" sizes=\"(max-width: 640px) 100vw, 640px\" srcset=\"https:\/\/i2.wp.com\/cam.economia.unam.mx\/wp-content\/uploads\/2016\/12\/cuadro-1.jpg?w=1391&amp;ssl=1 1391w, https:\/\/i2.wp.com\/cam.economia.unam.mx\/wp-content\/uploads\/2016\/12\/cuadro-1.jpg?resize=300%2C137&amp;ssl=1 300w, https:\/\/i2.wp.com\/cam.economia.unam.mx\/wp-content\/uploads\/2016\/12\/cuadro-1.jpg?resize=768%2C349&amp;ssl=1 768w, https:\/\/i2.wp.com\/cam.economia.unam.mx\/wp-content\/uploads\/2016\/12\/cuadro-1.jpg?resize=1024%2C466&amp;ssl=1 1024w\" width=\"550\" height=\"250\" data-attachment-id=\"947\" data-permalink=\"https:\/\/cam.economia.unam.mx\/reporte-investigacion-126-salario-minimo-crimen-pueblo-mexicano-cae-11-11-poder-adquisitivo-sexenio-pena-nieto\/cuadro-1-3\/\" data-orig-file=\"https:\/\/i2.wp.com\/cam.economia.unam.mx\/wp-content\/uploads\/2016\/12\/cuadro-1.jpg?fit=1391%2C633&amp;ssl=1\" data-orig-size=\"1391,633\" data-comments-opened=\"1\" data-image-meta=\"{&quot;aperture&quot;:&quot;0&quot;,&quot;credit&quot;:&quot;&quot;,&quot;camera&quot;:&quot;&quot;,&quot;caption&quot;:&quot;&quot;,&quot;created_timestamp&quot;:&quot;0&quot;,&quot;copyright&quot;:&quot;&quot;,&quot;focal_length&quot;:&quot;0&quot;,&quot;iso&quot;:&quot;0&quot;,&quot;shutter_speed&quot;:&quot;0&quot;,&quot;title&quot;:&quot;&quot;,&quot;orientation&quot;:&quot;0&quot;}\" data-image-title=\"cuadro-1\" data-image-description=\"\" data-medium-file=\"https:\/\/i2.wp.com\/cam.economia.unam.mx\/wp-content\/uploads\/2016\/12\/cuadro-1.jpg?fit=300%2C137&amp;ssl=1\" data-large-file=\"https:\/\/i2.wp.com\/cam.economia.unam.mx\/wp-content\/uploads\/2016\/12\/cuadro-1.jpg?fit=1024%2C466&amp;ssl=1\" \/><\/a><\/p>\n<p>Como se puede observar en el cuadro 1, el que el salario no alcance ni para darle de comer a una familia es una situaci\u00f3n que no es exclusiva de 2016, ya que la tendencia en la cual el salario m\u00ednimo se encuentra por debajo del precio de la CAR lleva ya varias d\u00e9cadas (Ver la gr\u00e1fica 1).<\/p>\n<p>&nbsp;<\/p>\n<p><strong>Gr\u00e1fica 1<\/strong><\/p>\n<p><a href=\"https:\/\/i0.wp.com\/cam.economia.unam.mx\/wp-content\/uploads\/2016\/12\/grafica-1.jpg\"><img loading=\"lazy\" decoding=\"async\" class=\"aligncenter wp-image-948\" src=\"https:\/\/i0.wp.com\/cam.economia.unam.mx\/wp-content\/uploads\/2016\/12\/grafica-1.jpg?resize=640%2C413\" sizes=\"(max-width: 640px) 100vw, 640px\" srcset=\"https:\/\/i0.wp.com\/cam.economia.unam.mx\/wp-content\/uploads\/2016\/12\/grafica-1.jpg?w=1244&amp;ssl=1 1244w, https:\/\/i0.wp.com\/cam.economia.unam.mx\/wp-content\/uploads\/2016\/12\/grafica-1.jpg?resize=300%2C194&amp;ssl=1 300w, https:\/\/i0.wp.com\/cam.economia.unam.mx\/wp-content\/uploads\/2016\/12\/grafica-1.jpg?resize=768%2C496&amp;ssl=1 768w, https:\/\/i0.wp.com\/cam.economia.unam.mx\/wp-content\/uploads\/2016\/12\/grafica-1.jpg?resize=1024%2C661&amp;ssl=1 1024w\" width=\"640\" height=\"413\" data-attachment-id=\"948\" data-permalink=\"https:\/\/cam.economia.unam.mx\/reporte-investigacion-126-salario-minimo-crimen-pueblo-mexicano-cae-11-11-poder-adquisitivo-sexenio-pena-nieto\/grafica-1-2\/\" data-orig-file=\"https:\/\/i0.wp.com\/cam.economia.unam.mx\/wp-content\/uploads\/2016\/12\/grafica-1.jpg?fit=1244%2C803&amp;ssl=1\" data-orig-size=\"1244,803\" data-comments-opened=\"1\" data-image-meta=\"{&quot;aperture&quot;:&quot;0&quot;,&quot;credit&quot;:&quot;&quot;,&quot;camera&quot;:&quot;&quot;,&quot;caption&quot;:&quot;&quot;,&quot;created_timestamp&quot;:&quot;0&quot;,&quot;copyright&quot;:&quot;&quot;,&quot;focal_length&quot;:&quot;0&quot;,&quot;iso&quot;:&quot;0&quot;,&quot;shutter_speed&quot;:&quot;0&quot;,&quot;title&quot;:&quot;&quot;,&quot;orientation&quot;:&quot;0&quot;}\" data-image-title=\"grafica-1\" data-image-description=\"\" data-medium-file=\"https:\/\/i0.wp.com\/cam.economia.unam.mx\/wp-content\/uploads\/2016\/12\/grafica-1.jpg?fit=300%2C194&amp;ssl=1\" data-large-file=\"https:\/\/i0.wp.com\/cam.economia.unam.mx\/wp-content\/uploads\/2016\/12\/grafica-1.jpg?fit=1024%2C661&amp;ssl=1\" \/><\/a><\/p>\n<p>Si con un salario m\u00ednimo en 2016 se puede comprar el 33.5% de la CAR, esto no quiere decir que con tres salarios m\u00ednimos se pueda hacer cumplir la Constituci\u00f3n, ya que con esos 3 salarios m\u00ednimos s\u00f3lo se podr\u00edan adquirir los alimentos, y faltar\u00edan el resto de necesidades normales de un jefe de familia en el orden material, social y cultural y para la educaci\u00f3n obligatoria de los hijos. De los 52 millones de personas que son el total de la Poblaci\u00f3n Ocupada en M\u00e9xico, al menos el 69.3%, es decir,\u00a0<strong>36 millones de personas tienen ingresos menores a lo que la Constituci\u00f3n se\u00f1ala que deber\u00eda ser el salario m\u00ednimo<\/strong>\u00a0(Ver la gr\u00e1fica 2). Es un crimen que se comete contra millones, violando a diario la Constituci\u00f3n Pol\u00edtica de los Estados Unidos Mexicanos \u00a1\u00bfD\u00f3nde est\u00e1 ah\u00ed el estado de derecho?!<\/p>\n<p>&nbsp;<\/p>\n<p><strong>Gr\u00e1fica 2<\/strong><\/p>\n<p><a href=\"https:\/\/i1.wp.com\/cam.economia.unam.mx\/wp-content\/uploads\/2016\/12\/grafica-2.jpg\"><img loading=\"lazy\" decoding=\"async\" class=\"aligncenter wp-image-949\" src=\"https:\/\/i1.wp.com\/cam.economia.unam.mx\/wp-content\/uploads\/2016\/12\/grafica-2.jpg?resize=640%2C407\" sizes=\"(max-width: 640px) 100vw, 640px\" srcset=\"https:\/\/i1.wp.com\/cam.economia.unam.mx\/wp-content\/uploads\/2016\/12\/grafica-2.jpg?w=804&amp;ssl=1 804w, https:\/\/i1.wp.com\/cam.economia.unam.mx\/wp-content\/uploads\/2016\/12\/grafica-2.jpg?resize=300%2C191&amp;ssl=1 300w, https:\/\/i1.wp.com\/cam.economia.unam.mx\/wp-content\/uploads\/2016\/12\/grafica-2.jpg?resize=768%2C488&amp;ssl=1 768w\" width=\"555\" height=\"353\" data-attachment-id=\"949\" data-permalink=\"https:\/\/cam.economia.unam.mx\/reporte-investigacion-126-salario-minimo-crimen-pueblo-mexicano-cae-11-11-poder-adquisitivo-sexenio-pena-nieto\/grafica-2-2\/\" data-orig-file=\"https:\/\/i1.wp.com\/cam.economia.unam.mx\/wp-content\/uploads\/2016\/12\/grafica-2.jpg?fit=804%2C511&amp;ssl=1\" data-orig-size=\"804,511\" data-comments-opened=\"1\" data-image-meta=\"{&quot;aperture&quot;:&quot;0&quot;,&quot;credit&quot;:&quot;&quot;,&quot;camera&quot;:&quot;&quot;,&quot;caption&quot;:&quot;&quot;,&quot;created_timestamp&quot;:&quot;0&quot;,&quot;copyright&quot;:&quot;&quot;,&quot;focal_length&quot;:&quot;0&quot;,&quot;iso&quot;:&quot;0&quot;,&quot;shutter_speed&quot;:&quot;0&quot;,&quot;title&quot;:&quot;&quot;,&quot;orientation&quot;:&quot;0&quot;}\" data-image-title=\"grafica-2\" data-image-description=\"\" data-medium-file=\"https:\/\/i1.wp.com\/cam.economia.unam.mx\/wp-content\/uploads\/2016\/12\/grafica-2.jpg?fit=300%2C191&amp;ssl=1\" data-large-file=\"https:\/\/i1.wp.com\/cam.economia.unam.mx\/wp-content\/uploads\/2016\/12\/grafica-2.jpg?fit=804%2C511&amp;ssl=1\" \/><\/a><\/p>\n<p>&nbsp;<\/p>\n<p>Al no cumplirse el art\u00edculo 123 de la Constituci\u00f3n Pol\u00edtica de los Estados Unidos Mexicanos, no s\u00f3lo se hace una burla a cada uno\/a de los\/as trabajadores\/as mexicanos\/as, si no que se gestiona un crimen a su integridad como seres humanos. Es un perjuicio cotidiano en las mesas de las familias trabajadoras.<\/p>\n<p>El estudio completo puede ser consultado en\u00a0<a href=\"https:\/\/cam.economia.unam.mx\/reporte-investigacion-126-salario-minimo-crimen-pueblo-mexicano-cae-11-11-poder-adquisitivo-sexenio-pena-nieto\/\" target=\"_blank\" rel=\"noopener\">https:\/\/cam.economia.unam.mx\/<\/a><\/p>\n<p>&nbsp;<\/p>\n\n\t\t\t  <div \n\t\t\t  \tclass = \"fb-comments\" \n\t\t\t  \tdata-href = \"http:\/\/www.eloriente.net\/home\/2020\/01\/08\/salario-minimo-en-mexico-es-anticonstitucional\/\"\n\t\t\t  \tdata-numposts = \"10\"\n\t\t\t\tdata-colorscheme = \"dark\"\n\t\t\t\tdata-order-by = \"social\"\n\t\t\t\tdata-mobile=true>\n\t\t\t  <\/div>\n\t\t  <style>\n\t\t\t.fb_iframe_widget_fluid_desktop iframe {\n\t\t\t    width: 100% !important;\n\t\t\t}\n\t\t  <\/style>\n\t\t  ","protected":false},"excerpt":{"rendered":"<p>Uno de los cambios en la pol\u00edtica laboral de M\u00e9xico de este a\u00f1o es el aumento al salario m\u00ednimo en 20 por ciento; alcanzando los 123.22 pesos diarios. Al cierre de 2019, este alcanzaba los 99.23 pesos por jornada laboral, mientras que en 2018 era de 88.14 pesos. A prop\u00f3sito de ello, retomamos un fragmento [&hellip;]<\/p>\n","protected":false},"author":54,"featured_media":59817,"comment_status":"open","ping_status":"open","sticky":false,"template":"","format":"standard","meta":{"_jetpack_memberships_contains_paid_content":false,"footnotes":""},"categories":[22,18,32,13,16,35,10504,84],"tags":[10461,10965],"class_list":["post-59816","post","type-post","status-publish","format-standard","has-post-thumbnail","hentry","category-derechos-humanos","category-educacion-y-cultura","category-entradas","category-especiales","category-salud-y-estilo-de-vida","category-secciones-oriente","category-las-ultimas-12","category-universidades","tag-marea-universitaria","tag-salario-minimo"],"jetpack_featured_media_url":"http:\/\/www.eloriente.net\/home\/wp-content\/uploads\/2020\/01\/apples-1841132_1920-FILTRO.jpg","jetpack_sharing_enabled":true,"_links":{"self":[{"href":"http:\/\/www.eloriente.net\/home\/wp-json\/wp\/v2\/posts\/59816"}],"collection":[{"href":"http:\/\/www.eloriente.net\/home\/wp-json\/wp\/v2\/posts"}],"about":[{"href":"http:\/\/www.eloriente.net\/home\/wp-json\/wp\/v2\/types\/post"}],"author":[{"embeddable":true,"href":"http:\/\/www.eloriente.net\/home\/wp-json\/wp\/v2\/users\/54"}],"replies":[{"embeddable":true,"href":"http:\/\/www.eloriente.net\/home\/wp-json\/wp\/v2\/comments?post=59816"}],"version-history":[{"count":1,"href":"http:\/\/www.eloriente.net\/home\/wp-json\/wp\/v2\/posts\/59816\/revisions"}],"predecessor-version":[{"id":59818,"href":"http:\/\/www.eloriente.net\/home\/wp-json\/wp\/v2\/posts\/59816\/revisions\/59818"}],"wp:featuredmedia":[{"embeddable":true,"href":"http:\/\/www.eloriente.net\/home\/wp-json\/wp\/v2\/media\/59817"}],"wp:attachment":[{"href":"http:\/\/www.eloriente.net\/home\/wp-json\/wp\/v2\/media?parent=59816"}],"wp:term":[{"taxonomy":"category","embeddable":true,"href":"http:\/\/www.eloriente.net\/home\/wp-json\/wp\/v2\/categories?post=59816"},{"taxonomy":"post_tag","embeddable":true,"href":"http:\/\/www.eloriente.net\/home\/wp-json\/wp\/v2\/tags?post=59816"}],"curies":[{"name":"wp","href":"https:\/\/api.w.org\/{rel}","templated":true}]}}