{"id":59876,"date":"2020-01-13T15:01:06","date_gmt":"2020-01-13T21:01:06","guid":{"rendered":"http:\/\/www.eloriente.net\/home\/?p=59876"},"modified":"2020-01-14T14:36:41","modified_gmt":"2020-01-14T20:36:41","slug":"5-articulos-imperdibles-sobre-el-turismo-en-oaxaca","status":"publish","type":"post","link":"http:\/\/www.eloriente.net\/home\/2020\/01\/13\/5-articulos-imperdibles-sobre-el-turismo-en-oaxaca\/","title":{"rendered":"5 art\u00edculos imperdibles sobre el turismo en Oaxaca"},"content":{"rendered":"<h5>Una de las principales fuentes de ingresos de las empresas y personas que viven en Oaxaca es, sin duda, la actividad tur\u00edstica. De hecho seg\u00fan cifras oficiales dadas a conocer justo hoy por la Secretar\u00eda de Turismo del estado, solo en el a\u00f1o 2019 ingresaron a Oaxaca 5 millones 367 mil 649 turistas, lo que signific\u00f3 una derrama econ\u00f3mica de 18,529 MDP.<\/h5>\n<p>Por lo anterior, se impone el estudiar con seriedad el fen\u00f3meno tur\u00edstico, para no dejarse llevar solamente por la parafernalia y el divertimento, sino tambi\u00e9n analizar con bases acad\u00e9micas las oportunidades, debilidades y perspectivas del sector en Oaxaca.<\/p>\n<p><script async src=\"https:\/\/pagead2.googlesyndication.com\/pagead\/js\/adsbygoogle.js\"><\/script><br \/>\n<ins class=\"adsbygoogle\" style=\"display: block; text-align: center;\" data-ad-layout=\"in-article\" data-ad-format=\"fluid\" data-ad-client=\"ca-pub-1136171134853753\" data-ad-slot=\"5545504441\"><\/ins><br \/>\n<script>\n     (adsbygoogle = window.adsbygoogle || []).push({});\n<\/script>Por lo anterior, a continuaci\u00f3n ELORIENTE.NET te comparte una selecci\u00f3n de 5 art\u00edculos e investigaciones que consideramos relevantes para entender le fen\u00f3meno en el estado.<\/p>\n<p><a href=\"http:\/\/www.investigacionesgeograficas.unam.mx\/index.php\/rig\/article\/download\/59699\/53319\" target=\"_blank\" rel=\"noopener\">1.- Regionalizaci\u00f3n Tur\u00edstica del Estado de Oaxaca.\u00a0<\/a><\/p>\n<p>Esta investigaci\u00f3n es presentada por el Instituto de Geograf\u00eda de la UNAM, teniendo por escritores a\u00a0David Mauricio Dom\u00ednguez Mart\u00ednez y \u00c1lvaro S\u00e1nchez Crisp\u00edn. En esta se propone regionalizar el estado de Oaxaca determinando la jerarqu\u00eda y funcionalidad de cada uno de sus centros regionales; tambi\u00e9n se\u00f1ala c\u00f3mo se distribuyen en el territorio sus atractivos tur\u00edsticos y fundamentalmente la accesibilidad de cada region a trav\u00e9s de realizar un an\u00e1lisis a la red carretera.<\/p>\n<p>Se manifestaron 5 macrorregiones tur\u00edsticas, 6 mesorregiones y 34 microregiones en Oaxaca, siendo as\u00ed la de Oaxaca que conforma el sistema tur\u00edstico-regional de mayor jerarqu\u00eda, y luego en el siguiente orden Puerto Escondido-Huatulco, Salina Cruz, Huajuapan de Le\u00f3n y Tuxtepec.<\/p>\n<figure id=\"attachment_59896\" aria-describedby=\"caption-attachment-59896\" style=\"width: 450px\" class=\"wp-caption aligncenter\"><a href=\"http:\/\/www.eloriente.net\/home\/wp-content\/uploads\/2020\/01\/Captura-de-pantalla-2020-01-13-a-las-13.21.55-e1578943556503.png\"><img loading=\"lazy\" decoding=\"async\" class=\"wp-image-59896\" src=\"http:\/\/www.eloriente.net\/home\/wp-content\/uploads\/2020\/01\/Captura-de-pantalla-2020-01-13-a-las-13.21.55-e1578943556503.png\" alt=\"\" width=\"450\" height=\"329\" srcset=\"http:\/\/www.eloriente.net\/home\/wp-content\/uploads\/2020\/01\/Captura-de-pantalla-2020-01-13-a-las-13.21.55-e1578943556503.png 773w, http:\/\/www.eloriente.net\/home\/wp-content\/uploads\/2020\/01\/Captura-de-pantalla-2020-01-13-a-las-13.21.55-e1578943556503-300x219.png 300w, http:\/\/www.eloriente.net\/home\/wp-content\/uploads\/2020\/01\/Captura-de-pantalla-2020-01-13-a-las-13.21.55-e1578943556503-575x420.png 575w, http:\/\/www.eloriente.net\/home\/wp-content\/uploads\/2020\/01\/Captura-de-pantalla-2020-01-13-a-las-13.21.55-e1578943556503-768x561.png 768w, http:\/\/www.eloriente.net\/home\/wp-content\/uploads\/2020\/01\/Captura-de-pantalla-2020-01-13-a-las-13.21.55-e1578943556503-696x509.png 696w, http:\/\/www.eloriente.net\/home\/wp-content\/uploads\/2020\/01\/Captura-de-pantalla-2020-01-13-a-las-13.21.55-e1578943556503-600x439.png 600w\" sizes=\"(max-width: 450px) 100vw, 450px\" \/><\/a><figcaption id=\"caption-attachment-59896\" class=\"wp-caption-text\">Oaxaca rutas de promoci\u00f3n tur\u00edstica. Foto: Inegi\/ Sectur y Gobierno del estado de Oaxaca<\/figcaption><\/figure>\n<p>&nbsp;<\/p>\n<h5><a href=\"https:\/\/revistas.um.es\/turismo\/article\/download\/290531\/212111\/\" target=\"_blank\" rel=\"noopener\">2.- El Cl\u00faster Tur\u00edstico de un destino cultural<\/a><\/h5>\n<p>En el siguiente aporte se hace un an\u00e1lisis del rango de la conformaci\u00f3n del cl\u00faster del destino tur\u00edstico en la ciudad de Oaxaca.<\/p>\n<p>Se ubican los grados que hay de uni\u00f3n entre los responsables que participan, analizando pues las redes sociales para dar a conocer qu\u00e9 tan avanzado est\u00e1 el cl\u00faster. Se plantea que el grado de conformaci\u00f3n del cl\u00faster en la entidad es de gestaci\u00f3n, ya que posee una baja consolidaci\u00f3n entre los actores que lo conforman, al menos en la fecha de redacci\u00f3n del an\u00e1lisis.<\/p>\n<p>Como resultado de los an\u00e1lisis, se asegura que Oaxaca se encuentra en una fase de fortalecimiento de su ciclo de vida de los destinos tur\u00edsticos de Butler, esto gracias a que se tiene la seguridad de sus ventajas comparativas como el su gran patrimonio cultural.<\/p>\n<figure id=\"attachment_59890\" aria-describedby=\"caption-attachment-59890\" style=\"width: 449px\" class=\"wp-caption aligncenter\"><a href=\"http:\/\/www.eloriente.net\/home\/wp-content\/uploads\/2020\/01\/social-media-419944_1920.png\"><img loading=\"lazy\" decoding=\"async\" class=\" wp-image-59890\" src=\"http:\/\/www.eloriente.net\/home\/wp-content\/uploads\/2020\/01\/social-media-419944_1920.png\" alt=\"\" width=\"449\" height=\"337\" srcset=\"http:\/\/www.eloriente.net\/home\/wp-content\/uploads\/2020\/01\/social-media-419944_1920.png 1920w, http:\/\/www.eloriente.net\/home\/wp-content\/uploads\/2020\/01\/social-media-419944_1920-300x225.png 300w, http:\/\/www.eloriente.net\/home\/wp-content\/uploads\/2020\/01\/social-media-419944_1920-768x576.png 768w, http:\/\/www.eloriente.net\/home\/wp-content\/uploads\/2020\/01\/social-media-419944_1920-1024x768.png 1024w, http:\/\/www.eloriente.net\/home\/wp-content\/uploads\/2020\/01\/social-media-419944_1920-80x60.png 80w, http:\/\/www.eloriente.net\/home\/wp-content\/uploads\/2020\/01\/social-media-419944_1920-265x198.png 265w, http:\/\/www.eloriente.net\/home\/wp-content\/uploads\/2020\/01\/social-media-419944_1920-696x522.png 696w, http:\/\/www.eloriente.net\/home\/wp-content\/uploads\/2020\/01\/social-media-419944_1920-1068x801.png 1068w, http:\/\/www.eloriente.net\/home\/wp-content\/uploads\/2020\/01\/social-media-419944_1920-560x420.png 560w, http:\/\/www.eloriente.net\/home\/wp-content\/uploads\/2020\/01\/social-media-419944_1920-600x450.png 600w\" sizes=\"(max-width: 449px) 100vw, 449px\" \/><\/a><figcaption id=\"caption-attachment-59890\" class=\"wp-caption-text\">Foto Pixabay<\/figcaption><\/figure>\n<p><a href=\"http:\/\/www.profesoresuniversitarios.org.mx\/catedra_ciencia_international_journal\/0005_potencial_turistico_celebraciones_dia_de_muertos_maria_amalia_garcia_martinez_norma_isabel_aguilar_gaytan.pdf\" target=\"_blank\" rel=\"noopener\">3.\u00a0Potencial Tur\u00edstico de las Actividades de la Celebraci\u00f3n del D\u00eda de Muertos en una Comunidad Rural de Oaxaca, M\u00e9xico.<\/a><\/p>\n<p>Esta aportaci\u00f3n determin\u00f3 el potencial tur\u00edstico que hay cada D\u00eda de Muertos en alguna comunidad rural de Oaxaca. En esta se observo que los locales tienen como actividad predilecta la repartici\u00f3n de tejate y los extranjeros el armar un altar en una casa anfitriona.<\/p>\n<p>La conclusi\u00f3n arroj\u00f3 un dato interesante: la actividad que menos es realizada por los turistas nacionales es la misa en el pante\u00f3n. Tambi\u00e9n se reflexiona la probabilidad de que a los extranjeros les atraiga m\u00e1s la participaci\u00f3n con personas locales, y en cambio los nacionales prefieran mucho m\u00e1s las actividades culinarias por la riqueza y abundancia de la misma.<\/p>\n<figure id=\"attachment_59889\" aria-describedby=\"caption-attachment-59889\" style=\"width: 454px\" class=\"wp-caption aligncenter\"><a href=\"http:\/\/www.eloriente.net\/home\/wp-content\/uploads\/2020\/01\/73084381_3022576764438556_4559057383262781440_o.jpg\"><img loading=\"lazy\" decoding=\"async\" class=\" wp-image-59889\" src=\"http:\/\/www.eloriente.net\/home\/wp-content\/uploads\/2020\/01\/73084381_3022576764438556_4559057383262781440_o.jpg\" alt=\"\" width=\"454\" height=\"255\" srcset=\"http:\/\/www.eloriente.net\/home\/wp-content\/uploads\/2020\/01\/73084381_3022576764438556_4559057383262781440_o.jpg 2048w, http:\/\/www.eloriente.net\/home\/wp-content\/uploads\/2020\/01\/73084381_3022576764438556_4559057383262781440_o-300x169.jpg 300w, http:\/\/www.eloriente.net\/home\/wp-content\/uploads\/2020\/01\/73084381_3022576764438556_4559057383262781440_o-768x432.jpg 768w, http:\/\/www.eloriente.net\/home\/wp-content\/uploads\/2020\/01\/73084381_3022576764438556_4559057383262781440_o-1024x576.jpg 1024w, http:\/\/www.eloriente.net\/home\/wp-content\/uploads\/2020\/01\/73084381_3022576764438556_4559057383262781440_o-696x392.jpg 696w, http:\/\/www.eloriente.net\/home\/wp-content\/uploads\/2020\/01\/73084381_3022576764438556_4559057383262781440_o-1068x601.jpg 1068w, http:\/\/www.eloriente.net\/home\/wp-content\/uploads\/2020\/01\/73084381_3022576764438556_4559057383262781440_o-747x420.jpg 747w, http:\/\/www.eloriente.net\/home\/wp-content\/uploads\/2020\/01\/73084381_3022576764438556_4559057383262781440_o-600x338.jpg 600w\" sizes=\"(max-width: 454px) 100vw, 454px\" \/><\/a><figcaption id=\"caption-attachment-59889\" class=\"wp-caption-text\">Foto @OaxacaTravel<\/figcaption><\/figure>\n<p><script async src=\"https:\/\/pagead2.googlesyndication.com\/pagead\/js\/adsbygoogle.js\"><\/script><br \/>\n<ins class=\"adsbygoogle\" style=\"display: block; text-align: center;\" data-ad-layout=\"in-article\" data-ad-format=\"fluid\" data-ad-client=\"ca-pub-1136171134853753\" data-ad-slot=\"5545504441\"><\/ins><br \/>\n<script>\n     (adsbygoogle = window.adsbygoogle || []).push({});\n<\/script><\/p>\n<p><a href=\"https:\/\/dialnet.unirioja.es\/descarga\/articulo\/5786352.pdf\" target=\"_blank\" rel=\"noopener\">4. Los visitantes \u00abpobres\u00bb un aspecto del turismo en Oaxaca.<\/a><\/p>\n<p>Presentado por Manuel Esparza del Instituto Nacional de Antropolog\u00eda e Historia de Oaxaca. El autor hace una reflexi\u00f3n sobre los llamados \u00abTuristas Pobres\u00bb, quienes no utilizan servicios a\u00e9reos ni los servicios que brinda la industria del turismo. Estos turistas son mayormente j\u00f3venes de Estados Unidos y catalogados como hippies.<\/p>\n<p>La sociedad oaxaque\u00f1a revela varios aspectos acerca de lo que piensan de los llamados hippies; algunos encuentran graciosa su forma de vestir e incluso son elemento de conversaci\u00f3n. Sin embargo a pesar de que la presencia de estos personajes aporta una atm\u00f3sfera de internacionalismo, mucha gente est\u00e1 en contra del estilo de vida que ellos llevan.<\/p>\n<figure id=\"attachment_59887\" aria-describedby=\"caption-attachment-59887\" style=\"width: 452px\" class=\"wp-caption aligncenter\"><a href=\"http:\/\/www.eloriente.net\/home\/wp-content\/uploads\/2020\/01\/hiker-1607078_1920.jpg\"><img loading=\"lazy\" decoding=\"async\" class=\" wp-image-59887\" src=\"http:\/\/www.eloriente.net\/home\/wp-content\/uploads\/2020\/01\/hiker-1607078_1920.jpg\" alt=\"\" width=\"452\" height=\"284\" srcset=\"http:\/\/www.eloriente.net\/home\/wp-content\/uploads\/2020\/01\/hiker-1607078_1920.jpg 1920w, http:\/\/www.eloriente.net\/home\/wp-content\/uploads\/2020\/01\/hiker-1607078_1920-300x189.jpg 300w, http:\/\/www.eloriente.net\/home\/wp-content\/uploads\/2020\/01\/hiker-1607078_1920-768x483.jpg 768w, http:\/\/www.eloriente.net\/home\/wp-content\/uploads\/2020\/01\/hiker-1607078_1920-1024x644.jpg 1024w, http:\/\/www.eloriente.net\/home\/wp-content\/uploads\/2020\/01\/hiker-1607078_1920-696x438.jpg 696w, http:\/\/www.eloriente.net\/home\/wp-content\/uploads\/2020\/01\/hiker-1607078_1920-1068x671.jpg 1068w, http:\/\/www.eloriente.net\/home\/wp-content\/uploads\/2020\/01\/hiker-1607078_1920-668x420.jpg 668w, http:\/\/www.eloriente.net\/home\/wp-content\/uploads\/2020\/01\/hiker-1607078_1920-600x377.jpg 600w\" sizes=\"(max-width: 452px) 100vw, 452px\" \/><\/a><figcaption id=\"caption-attachment-59887\" class=\"wp-caption-text\">Foto Pixabay<\/figcaption><\/figure>\n<p>&nbsp;<\/p>\n<p><a href=\"https:\/\/www.colpos.mx\/asyd\/volumen13\/numero4\/asd-14-107.pdf\" target=\"_blank\" rel=\"noopener\">5. El Ecoturismo de la Sierra Norte, Oaxaca, desde la Comunidad y la Econom\u00eda Solidaria.<\/a><\/p>\n<p>Presentamos el ultimo documento, en el cual se profundiza en el ecoturismo impulsado por residentes de la Sierra Norte, en donde los centros comunitarios de ecoturismo a trav\u00e9s de su organizaci\u00f3n comunitaria han derivado la creaci\u00f3n de empleos generando as\u00ed una econom\u00eda solidaria.<\/p>\n<p>Una de las razones por las cuales existe el ecoturismo es por la necesidad de generar empleos, uni\u00e9ndose la poblaci\u00f3n para generar estos centros y as\u00ed poder frenar la migraci\u00f3n. Se explica que el alcance que tenga cada centro depende de c\u00f3mo se gestione el mismo y de la existencia de comunalidad.<\/p>\n<figure id=\"attachment_59886\" aria-describedby=\"caption-attachment-59886\" style=\"width: 451px\" class=\"wp-caption aligncenter\"><a href=\"http:\/\/www.eloriente.net\/home\/wp-content\/uploads\/2020\/01\/sierra-juarez-770.png\"><img loading=\"lazy\" decoding=\"async\" class=\"wp-image-59886\" src=\"http:\/\/www.eloriente.net\/home\/wp-content\/uploads\/2020\/01\/sierra-juarez-770.png\" alt=\"\" width=\"451\" height=\"211\" srcset=\"http:\/\/www.eloriente.net\/home\/wp-content\/uploads\/2020\/01\/sierra-juarez-770.png 770w, http:\/\/www.eloriente.net\/home\/wp-content\/uploads\/2020\/01\/sierra-juarez-770-300x140.png 300w, http:\/\/www.eloriente.net\/home\/wp-content\/uploads\/2020\/01\/sierra-juarez-770-768x359.png 768w, http:\/\/www.eloriente.net\/home\/wp-content\/uploads\/2020\/01\/sierra-juarez-770-696x325.png 696w, http:\/\/www.eloriente.net\/home\/wp-content\/uploads\/2020\/01\/sierra-juarez-770-600x281.png 600w\" sizes=\"(max-width: 451px) 100vw, 451px\" \/><\/a><figcaption id=\"caption-attachment-59886\" class=\"wp-caption-text\">Foto OaxacaTravel\/ Sierra Ju\u00e1rez<\/figcaption><\/figure>\n\n\t\t\t  <div \n\t\t\t  \tclass = \"fb-comments\" \n\t\t\t  \tdata-href = \"http:\/\/www.eloriente.net\/home\/2020\/01\/13\/5-articulos-imperdibles-sobre-el-turismo-en-oaxaca\/\"\n\t\t\t  \tdata-numposts = \"10\"\n\t\t\t\tdata-colorscheme = \"dark\"\n\t\t\t\tdata-order-by = \"social\"\n\t\t\t\tdata-mobile=true>\n\t\t\t  <\/div>\n\t\t  <style>\n\t\t\t.fb_iframe_widget_fluid_desktop iframe {\n\t\t\t    width: 100% !important;\n\t\t\t}\n\t\t  <\/style>\n\t\t  ","protected":false},"excerpt":{"rendered":"<p>Una de las principales fuentes de ingresos de las empresas y personas que viven en Oaxaca es, sin duda, la actividad tur\u00edstica. De hecho seg\u00fan cifras oficiales dadas a conocer justo hoy por la Secretar\u00eda de Turismo del estado, solo en el a\u00f1o 2019 ingresaron a Oaxaca 5 millones 367 mil 649 turistas, lo que [&hellip;]<\/p>\n","protected":false},"author":57,"featured_media":59945,"comment_status":"open","ping_status":"open","sticky":false,"template":"","format":"standard","meta":{"_jetpack_memberships_contains_paid_content":false,"footnotes":""},"categories":[18,32,10504,19],"tags":[10997,10996,10998,1682,10999],"class_list":["post-59876","post","type-post","status-publish","format-standard","has-post-thumbnail","hentry","category-educacion-y-cultura","category-entradas","category-las-ultimas-12","category-turismo-y-negocios","tag-academia-oaxaca","tag-ecoturismo-oaxaca","tag-investigacion-turistica","tag-turismo-oaxaca","tag-turismo-y-desarrollo"],"jetpack_featured_media_url":"http:\/\/www.eloriente.net\/home\/wp-content\/uploads\/2020\/01\/Guelaguetza.jpg","jetpack_sharing_enabled":true,"_links":{"self":[{"href":"http:\/\/www.eloriente.net\/home\/wp-json\/wp\/v2\/posts\/59876"}],"collection":[{"href":"http:\/\/www.eloriente.net\/home\/wp-json\/wp\/v2\/posts"}],"about":[{"href":"http:\/\/www.eloriente.net\/home\/wp-json\/wp\/v2\/types\/post"}],"author":[{"embeddable":true,"href":"http:\/\/www.eloriente.net\/home\/wp-json\/wp\/v2\/users\/57"}],"replies":[{"embeddable":true,"href":"http:\/\/www.eloriente.net\/home\/wp-json\/wp\/v2\/comments?post=59876"}],"version-history":[{"count":6,"href":"http:\/\/www.eloriente.net\/home\/wp-json\/wp\/v2\/posts\/59876\/revisions"}],"predecessor-version":[{"id":59907,"href":"http:\/\/www.eloriente.net\/home\/wp-json\/wp\/v2\/posts\/59876\/revisions\/59907"}],"wp:featuredmedia":[{"embeddable":true,"href":"http:\/\/www.eloriente.net\/home\/wp-json\/wp\/v2\/media\/59945"}],"wp:attachment":[{"href":"http:\/\/www.eloriente.net\/home\/wp-json\/wp\/v2\/media?parent=59876"}],"wp:term":[{"taxonomy":"category","embeddable":true,"href":"http:\/\/www.eloriente.net\/home\/wp-json\/wp\/v2\/categories?post=59876"},{"taxonomy":"post_tag","embeddable":true,"href":"http:\/\/www.eloriente.net\/home\/wp-json\/wp\/v2\/tags?post=59876"}],"curies":[{"name":"wp","href":"https:\/\/api.w.org\/{rel}","templated":true}]}}