{"id":59926,"date":"2020-01-14T11:28:14","date_gmt":"2020-01-14T17:28:14","guid":{"rendered":"http:\/\/www.eloriente.net\/home\/?p=59926"},"modified":"2020-01-15T10:02:56","modified_gmt":"2020-01-15T16:02:56","slug":"ya-viene-my-french-film-festival-2020","status":"publish","type":"post","link":"http:\/\/www.eloriente.net\/home\/2020\/01\/14\/ya-viene-my-french-film-festival-2020\/","title":{"rendered":"Ya viene My French Film Festival 2020"},"content":{"rendered":"<p><em>My French Film Festival<span class=\"apple-converted-space\">\u00a0<\/span><\/em>es un concepto in\u00e9dito ideado para dar visibilidad a la joven generaci\u00f3n de cineastas franc\u00f3fonos y para permitir a los internautas del mundo entero de compartir el amor que sienten por el cine franc\u00e9s.<\/p>\n<p>En esta d\u00e9cima edici\u00f3n, del 16 de enero al 16 de febrero\u00a0del\u00a02020, vuelve el festival con nuevas pel\u00edculas, nuevas plataformas asociadas y estrenos en las salas en varios territorios.<\/p>\n<p><script async src=\"https:\/\/pagead2.googlesyndication.com\/pagead\/js\/adsbygoogle.js\"><\/script><br \/>\n<ins class=\"adsbygoogle\" style=\"display: block; text-align: center;\" data-ad-layout=\"in-article\" data-ad-format=\"fluid\" data-ad-client=\"ca-pub-1136171134853753\" data-ad-slot=\"5545504441\"><\/ins><br \/>\n<script>\n     (adsbygoogle = window.adsbygoogle || []).push({});\n<\/script><\/p>\n<h3>\u00bfD\u00f3nde ver las pel\u00edculas?<\/h3>\n<p><strong>En l\u00ednea:<\/strong>\u00a0En la plataforma myFrenchFilmFestival.com en el mundo entero. El festival est\u00e1 disponible tambi\u00e9n en otras 50 plataformas, todas ellas asociadas a nuestro festival, seg\u00fan cada territorio, entre ellas la aplicaci\u00f3n Apple TV.<\/p>\n<p><strong>En las salas:\u00a0<\/strong>Durante el festival, habr\u00e1 proyecciones en salas cercanas a su domicilio. Les iremos informando regularmente en nuestra p\u00e1gina Web sobre el lugar y horarios.<\/p>\n<p><strong>En los aviones:\u00a0<\/strong>MyFrenchFilmFestival estar\u00e1 presente tambi\u00e9n en los aviones. Las pel\u00edculas se difundir\u00e1n en los vuelos de Air France durante seis meses. Les iremos informando igualmente en nuestra p\u00e1gina Web.<\/p>\n<p>Todos los cortometrajes son gratuitos en el mundo entero. Cada a\u00f1o, el festival es gratuito en ciertos territorios. Este a\u00f1o se beneficiar\u00e1n de la gratuidad: Am\u00e9rica Latina, Rusia, Polonia, Ruman\u00eda, Africa e India. En el resto de territorios, el alquiler de un largometraje costar\u00e1 1,99 \u20ac; o el paquete festival completo, 7,99\u20ac con acceso completo a todas las pel\u00edculas. En M\u00e9xico, la plataforma por excelencia es Filmin Latino.<\/p>\n<p><strong>El festival otorga premiaciones a los cortometrajes participantes en tres categor\u00edas:<\/strong><\/p>\n<ul style=\"font-weight: 400;\">\n<li style=\"font-style: inherit; font-weight: inherit;\"><span style=\"font-weight: inherit;\">El Premio del Gran Jurado, con un\u00a0<\/span><span style=\"font-weight: inherit;\">Jurado compuesto por directores internacionales.<\/span><span style=\"font-weight: inherit;\">\u00a0<\/span><\/li>\n<li style=\"font-style: inherit; font-weight: inherit;\"><span style=\"font-weight: inherit;\">El Premio Lacoste del P\u00fablico, en que los internautas del mundo entero podr\u00e1n votar por sus pel\u00edculas favoritas en la plataforma del festival.\u00a0<\/span><\/li>\n<li style=\"font-style: inherit; font-weight: inherit;\"><span style=\"font-weight: inherit;\">El Premio de la Prensa Internacional, cuyo jurado est\u00e1 compuesto por periodistas de grandes diarios internacionales.<\/span><\/li>\n<\/ul>\n<p>&nbsp;<\/p>\n<h3>El Jurado 2020<\/h3>\n<ul>\n<li>El cineasta americano\u00a0<strong><a class=\"richLink\" href=\"https:\/\/es.unifrance.org\/anuario\/particulares\/436124\/ira-sachs\" target=\"_blank\" rel=\"noopener\" data-type=\"personne\">Ira Sachs<\/a><\/strong>, que ha dirigido a Isabelle Huppert en la pel\u00edcula\u00a0<i><a class=\"richLink\" href=\"https:\/\/www.myfrenchfilmfestival.com\/es\/movie?movie=47039\" data-type=\"film\">Frankie<\/a><\/i>, seleccionada en competici\u00f3n en el Festival de Cannes del 2019,\u00a0<strong>presidir\u00e1 el jurado de la 10.\u00aa edici\u00f3n de<\/strong>\u00a0<strong>MyFrenchFilmFestival.<\/strong><\/li>\n<li>La actriz francesa\u00a0<strong><a class=\"richLink\" href=\"https:\/\/es.unifrance.org\/anuario\/particulares\/326153\/agathe-bonitzer\" target=\"_blank\" rel=\"noopener\" data-type=\"personne\">Agathe Bonitzer<\/a><\/strong>, quien en el 2019 ha trabajado tanto en la serie\u00a0<em>Osmosis<\/em>, como en la pel\u00edcula\u00a0<a class=\"richLink\" href=\"https:\/\/www.myfrenchfilmfestival.com\/es\/movie?movie=44825\" data-type=\"film\">Blonde Animals<\/a>, dirigida por Maxime Matray y Alexia Walther, como en la pel\u00edcula\u00a0<em><a class=\"richLink\" href=\"https:\/\/gestion.unifrance.org\/film\/47939\/consultation\" data-type=\"film\">Les Enfants d&#8217;Isadora<\/a>,\u00a0<\/em>dirigida por Damien Manivel, y premiada en el pasado Festival de Locarno con el Leopardo a la mejor direcci\u00f3n.<\/li>\n<li><strong><a class=\"richLink\" href=\"https:\/\/es.unifrance.org\/anuario\/particulares\/343870\/jayro-bustamante\" target=\"_blank\" rel=\"noopener\" data-type=\"personne\">Jayro Bustamante<\/a><\/strong>, director nacido en Guatemala, cuyo 2\u00ba largometraje,\u00a0<a class=\"richLink\" href=\"https:\/\/www.myfrenchfilmfestival.com\/es\/movie?movie=44064\" data-type=\"film\">Temblores<\/a>, fue presentado en la Berlinale y su 3.\u00aa pel\u00edcul<em>a<\/em>,\u00a0<em><a class=\"richLink\" href=\"https:\/\/gestion.unifrance.org\/film\/48566\/consultation\" data-type=\"film\">La Llorona<\/a>,\u00a0<\/em>ha sido seleccionada en el pasado Festival Internacional de Cine de Venecia.<\/li>\n<li>El director y actor americano\u00a0<strong><a class=\"richLink\" href=\"https:\/\/es.unifrance.org\/anuario\/particulares\/351820\/brady-corbet\" target=\"_blank\" rel=\"noopener\" data-type=\"personne\">Brady Corbet<\/a><\/strong>, cuyo segundo largometraje,\u00a0<em>Vox Lux<\/em>, fue presentado en la Mostra de Venecia en el 2018<\/li>\n<li><strong><a class=\"richLink\" href=\"https:\/\/es.unifrance.org\/anuario\/particulares\/344921\/judith-davis\" target=\"_blank\" rel=\"noopener\" data-type=\"personne\">Judith Davis<\/a><\/strong>, actriz y directora francesa, trabaja tanto en cine como en teatro. En el 2018, dirige e interpreta el papel principal en el largometraje\u00a0<a class=\"richLink\" href=\"https:\/\/gestion.unifrance.org\/film\/45369\/consultation\" data-type=\"film\">Tout ce qu&#8217;il me reste de la r\u00e9volution<\/a><\/li>\n<li>La directora de cine de animaci\u00f3n de la Rep\u00fablica Checa,\u00a0<strong><a class=\"richLink\" href=\"https:\/\/es.unifrance.org\/anuario\/particulares\/375410\/michaela-pavlatova\" target=\"_blank\" rel=\"noopener\" data-type=\"personne\">Michaela Pavlatova<\/a><\/strong>, ganadora del Oso de Oro en 1995 por su cortometraje\u00a0<i>Repete<\/i><\/li>\n<\/ul>\n<figure id=\"attachment_59946\" aria-describedby=\"caption-attachment-59946\" style=\"width: 500px\" class=\"wp-caption aligncenter\"><a href=\"http:\/\/www.eloriente.net\/home\/wp-content\/uploads\/2020\/01\/Camille-de-Chenay-Kazak-Productions-myfrenchfilmfestival.jpg\"><img loading=\"lazy\" decoding=\"async\" class=\" wp-image-59946\" src=\"http:\/\/www.eloriente.net\/home\/wp-content\/uploads\/2020\/01\/Camille-de-Chenay-Kazak-Productions-myfrenchfilmfestival.jpg\" alt=\"\" width=\"500\" height=\"333\" srcset=\"http:\/\/www.eloriente.net\/home\/wp-content\/uploads\/2020\/01\/Camille-de-Chenay-Kazak-Productions-myfrenchfilmfestival.jpg 1023w, http:\/\/www.eloriente.net\/home\/wp-content\/uploads\/2020\/01\/Camille-de-Chenay-Kazak-Productions-myfrenchfilmfestival-300x200.jpg 300w, http:\/\/www.eloriente.net\/home\/wp-content\/uploads\/2020\/01\/Camille-de-Chenay-Kazak-Productions-myfrenchfilmfestival-768x512.jpg 768w, http:\/\/www.eloriente.net\/home\/wp-content\/uploads\/2020\/01\/Camille-de-Chenay-Kazak-Productions-myfrenchfilmfestival-696x464.jpg 696w, http:\/\/www.eloriente.net\/home\/wp-content\/uploads\/2020\/01\/Camille-de-Chenay-Kazak-Productions-myfrenchfilmfestival-630x420.jpg 630w, http:\/\/www.eloriente.net\/home\/wp-content\/uploads\/2020\/01\/Camille-de-Chenay-Kazak-Productions-myfrenchfilmfestival-600x400.jpg 600w\" sizes=\"(max-width: 500px) 100vw, 500px\" \/><\/a><figcaption id=\"caption-attachment-59946\" class=\"wp-caption-text\">Camille de Chenay &#8211; Kazak Productions myfrenchfilmfestival<\/figcaption><\/figure>\n<h3>Selecci\u00f3n 2020 por categor\u00edas<\/h3>\n<p><strong><u>Secci\u00f3n\u00a0<em>Is This Real?<\/em><\/u><\/strong><\/p>\n<p><em>Una pel\u00edcula de suspense en Dordo\u00f1a, una f\u00e1bula po\u00e9tica sobre un grupo de j\u00f3venes marginales, un\u00a0<\/em>biopic<em>\u00a0sobre una leyenda urbana, una bajada a los infiernos junto a un periodista o una inmersi\u00f3n nocturna en una\u00a0<\/em>rave party<em>\u00a0en Marsella; estas cinco singulares pel\u00edculas conseguir\u00e1n desconcertar al p\u00fablico y borrar los l\u00edmites que separan al sue\u00f1o de la realidad:<\/em><\/p>\n<ul>\n<li><i><a class=\"richLink\" href=\"https:\/\/www.myfrenchfilmfestival.com\/es\/movie?movie=44758\" target=\"_blank\" rel=\"noopener\" data-type=\"film\">Las fieras<\/a><\/i>\u00a0de Vincent Mariette<\/li>\n<li><i><a class=\"richLink\" href=\"https:\/\/www.myfrenchfilmfestival.com\/es\/movie?movie=44182\" target=\"_blank\" rel=\"noopener\" data-type=\"film\">Jessica Forever<\/a>\u00a0<\/i>de Caroline Poggi y Jonathan Vinel<\/li>\n<li><i><a class=\"richLink\" href=\"https:\/\/www.myfrenchfilmfestival.com\/es\/movie?movie=46341\" target=\"_blank\" rel=\"noopener\" data-type=\"film\">El glorioso discurso de aceptaci\u00f3n de Nicolas Chauvin<\/a><\/i>\u00a0de Benjamin Crotty<\/li>\n<li><i><a class=\"richLink\" href=\"https:\/\/www.myfrenchfilmfestival.com\/es\/movie?movie=46344\" target=\"_blank\" rel=\"noopener\" data-type=\"film\">Distracci\u00f3n<\/a>\u00a0<\/i>de Mathieu M\u00e9gemont<\/li>\n<li><i><a class=\"richLink\" href=\"https:\/\/www.myfrenchfilmfestival.com\/es\/movie?movie=45851\" target=\"_blank\" rel=\"noopener\" data-type=\"film\">La noche de las bolsas de pl\u00e1stico<\/a><\/i>\u00a0de Gabriel Harel<\/li>\n<\/ul>\n<p><strong><u>Secci\u00f3n<em>\u00a0Say Cheese!<\/em><\/u><\/strong><\/p>\n<p><i>En inmersi\u00f3n con los verdaderos hinchas del Tour de Francia, atrapado en el remolino de una comedia rom\u00e1ntica de un nuevo g\u00e9nero, en busca de un modelo para pasar el examen de depilaci\u00f3n o la persecuci\u00f3n de un cerdo desaparecido;\u00a0\u00a1el cine franc\u00f3fono tiene claro que les quiere hacer reir!<\/i><\/p>\n<ul>\n<li><i><a class=\"richLink\" href=\"https:\/\/www.myfrenchfilmfestival.com\/es\/movie?movie=46503\" target=\"_blank\" rel=\"noopener\" data-type=\"film\">La caravana<\/a><\/i>\u00a0de M\u00e9ryl Fortunat-Rossi y Val\u00e9ry Rosier (pel\u00edcula belga con la participaci\u00f3n de\u00a0<a class=\"richLink\" href=\"https:\/\/gestion.unifrance.org\/annuaires\/societe\/62156\/consultation\" target=\"_blank\" rel=\"noopener\" data-type=\"societe\">Wallonie-Bruxelles Images (WBI)<\/a>)<\/li>\n<li><i><a class=\"richLink\" href=\"https:\/\/www.myfrenchfilmfestival.com\/es\/movie?movie=46884\" target=\"_blank\" rel=\"noopener\" data-type=\"film\">Perdrix<\/a><\/i>\u00a0de Erwan Le Duc<\/li>\n<li><i><a class=\"richLink\" href=\"https:\/\/www.myfrenchfilmfestival.com\/es\/movie?movie=46853\" target=\"_blank\" rel=\"noopener\" data-type=\"film\">Ni un pelo m\u00e1s, ni un pelo menos<\/a>\u00a0<\/i>de Lauriane Escaffre e Yvonnick Muller<\/li>\n<li><i><a class=\"richLink\" href=\"https:\/\/www.myfrenchfilmfestival.com\/es\/movie?movie=47422\" target=\"_blank\" rel=\"noopener\" data-type=\"film\">Los Los Polos Se Atraen<\/a>\u00a0<\/i>de Marine Lev\u00e9el<\/li>\n<\/ul>\n<p><strong><u>Secci\u00f3n<em>\u00a0On the Frontline<\/em><\/u><\/strong><\/p>\n<p><i>Indochina tras la Segunda Guerra Mundial, Argelia en el despertar de la independencia o Siria en plena guerra civi; tres escenarios que inspiran al cine de hoy en d\u00eda:<\/i><\/p>\n<ul>\n<li><i><a class=\"richLink\" href=\"https:\/\/www.myfrenchfilmfestival.com\/es\/movie?movie=44066\" target=\"_blank\" rel=\"noopener\" data-type=\"film\">Los confines del mundo<\/a><\/i>\u00a0de Guillaume Nicloux<\/li>\n<li><i><a class=\"richLink\" href=\"https:\/\/www.myfrenchfilmfestival.com\/es\/movie?movie=46080\" target=\"_blank\" rel=\"noopener\" data-type=\"film\">El escape<\/a><\/i>\u00a0de\u00a0Emmanuel Hamon<\/li>\n<li><i><a class=\"richLink\" href=\"https:\/\/www.myfrenchfilmfestival.com\/es\/movie?movie=47875\" target=\"_blank\" rel=\"noopener\" data-type=\"film\">La aventura at\u00f3mica<\/a><\/i>\u00a0de Lo\u00efc Barch\u00e9<\/li>\n<\/ul>\n<p><strong><u>Secci\u00f3n<em>\u00a0All About Women<\/em><\/u><\/strong><\/p>\n<p><i>Ama de casa, rebelde, campesina, joven adolescente o hermana durante una llamada telef\u00f3nica, esta secci\u00f3n rinde homenaje a la mujer en todas sus variantes:<\/i><\/p>\n<ul>\n<li><i><a class=\"richLink\" href=\"https:\/\/www.myfrenchfilmfestival.com\/es\/movie?movie=43912\" target=\"_blank\" rel=\"noopener\" data-type=\"film\">Instinto maternal<\/a><\/i>\u00a0de\u00a0Olivier Masset-Depasse (pel\u00edcula belga con la participaci\u00f3n de\u00a0<a class=\"richLink\" href=\"https:\/\/gestion.unifrance.org\/annuaires\/societe\/62156\/consultation\" target=\"_blank\" rel=\"noopener\" data-type=\"societe\">Wallonie-Bruxelles Images (WBI)<\/a>)<\/li>\n<li><i><a class=\"richLink\" href=\"https:\/\/www.myfrenchfilmfestival.com\/es\/movie?movie=42567\" target=\"_blank\" rel=\"noopener\" data-type=\"film\">Las golondrinas de Kabul<\/a><\/i>\u00a0de Zabou Breitman y \u00c9l\u00e9a Gobb\u00e9-M\u00e9vellec<\/li>\n<li><i><a class=\"richLink\" href=\"https:\/\/www.myfrenchfilmfestival.com\/es\/movie?movie=44554\" target=\"_blank\" rel=\"noopener\" data-type=\"film\">Con el viento<\/a><\/i>\u00a0de Bettina Oberli (pel\u00edcula suiza con la participaci\u00f3n de\u00a0<a class=\"richLink\" href=\"https:\/\/gestion.unifrance.org\/annuaires\/societe\/307214\/consultation\" target=\"_blank\" rel=\"noopener\" data-type=\"societe\">SWISS FILMS<\/a>)<\/li>\n<li><i><a class=\"richLink\" href=\"https:\/\/www.myfrenchfilmfestival.com\/es\/movie?movie=47812\" target=\"_blank\" rel=\"noopener\" data-type=\"film\">Pleno Oeste<\/a><\/i>\u00a0de\u00a0Alice Douard<\/li>\n<li><i><a class=\"richLink\" href=\"https:\/\/www.myfrenchfilmfestival.com\/es\/movie?movie=49365\" target=\"_blank\" rel=\"noopener\" data-type=\"film\">Una hermana<\/a>\u00a0<\/i>de Delphine Girard (pel\u00edcula belga con la participaci\u00f3n de\u00a0<a class=\"richLink\" href=\"https:\/\/gestion.unifrance.org\/annuaires\/societe\/62156\/consultation\" target=\"_blank\" rel=\"noopener\" data-type=\"societe\">Wallonie-Bruxelles Images (WBI)<\/a>)<\/li>\n<\/ul>\n<figure id=\"attachment_59950\" aria-describedby=\"caption-attachment-59950\" style=\"width: 500px\" class=\"wp-caption aligncenter\"><a href=\"http:\/\/www.eloriente.net\/home\/wp-content\/uploads\/2020\/01\/con-el-viento-All-about-woman-Myfrenchfilmfestival.jpg\"><img loading=\"lazy\" decoding=\"async\" class=\" wp-image-59950\" src=\"http:\/\/www.eloriente.net\/home\/wp-content\/uploads\/2020\/01\/con-el-viento-All-about-woman-Myfrenchfilmfestival.jpg\" alt=\"\" width=\"500\" height=\"333\" srcset=\"http:\/\/www.eloriente.net\/home\/wp-content\/uploads\/2020\/01\/con-el-viento-All-about-woman-Myfrenchfilmfestival.jpg 1023w, http:\/\/www.eloriente.net\/home\/wp-content\/uploads\/2020\/01\/con-el-viento-All-about-woman-Myfrenchfilmfestival-300x200.jpg 300w, http:\/\/www.eloriente.net\/home\/wp-content\/uploads\/2020\/01\/con-el-viento-All-about-woman-Myfrenchfilmfestival-768x512.jpg 768w, http:\/\/www.eloriente.net\/home\/wp-content\/uploads\/2020\/01\/con-el-viento-All-about-woman-Myfrenchfilmfestival-696x464.jpg 696w, http:\/\/www.eloriente.net\/home\/wp-content\/uploads\/2020\/01\/con-el-viento-All-about-woman-Myfrenchfilmfestival-630x420.jpg 630w, http:\/\/www.eloriente.net\/home\/wp-content\/uploads\/2020\/01\/con-el-viento-All-about-woman-Myfrenchfilmfestival-600x400.jpg 600w\" sizes=\"(max-width: 500px) 100vw, 500px\" \/><\/a><figcaption id=\"caption-attachment-59950\" class=\"wp-caption-text\">Con el viento, All about woman Myfrenchfilmfestival<\/figcaption><\/figure>\n<p><script async src=\"https:\/\/pagead2.googlesyndication.com\/pagead\/js\/adsbygoogle.js\"><\/script><br \/>\n<ins class=\"adsbygoogle\" style=\"display: block; text-align: center;\" data-ad-layout=\"in-article\" data-ad-format=\"fluid\" data-ad-client=\"ca-pub-1136171134853753\" data-ad-slot=\"5545504441\"><\/ins><br \/>\n<script>\n     (adsbygoogle = window.adsbygoogle || []).push({});\n<\/script><strong><u>Secci\u00f3n<i>\u00a0Teen Spirit<\/i><\/u><\/strong><\/p>\n<p><em>Una muestra de las dudas y planteamientos diversos de una juventud que vive en una sociedad que no le aporta seguridad:<\/em><\/p>\n<ul>\n<li><i><a class=\"richLink\" href=\"https:\/\/www.myfrenchfilmfestival.com\/es\/movie?movie=44227\" target=\"_blank\" rel=\"noopener\" data-type=\"film\">La \u00faltima lecci\u00f3n<\/a><\/i>\u00a0de S\u00e9bastien Marnier<\/li>\n<li><i><a class=\"richLink\" href=\"https:\/\/www.myfrenchfilmfestival.com\/es\/movie?movie=44848\" target=\"_blank\" rel=\"noopener\" data-type=\"film\">Los meteoritos<\/a><\/i>\u00a0de Romain Laguna<\/li>\n<li><i><a class=\"richLink\" href=\"https:\/\/www.myfrenchfilmfestival.com\/es\/movie?movie=47127\" target=\"_blank\" rel=\"noopener\" data-type=\"film\">El canto de Ahmed<\/a><\/i>\u00a0de Foued Mansour<\/li>\n<li><i><a class=\"richLink\" href=\"https:\/\/www.myfrenchfilmfestival.com\/es\/movie?movie=47186\" target=\"_blank\" rel=\"noopener\" data-type=\"film\">La danza de la lluvia<\/a><\/i>\u00a0de Cl\u00e9mentine Carri\u00e9<\/li>\n<\/ul>\n<p><strong><u>Secci\u00f3n<em>\u00a0Special Screenings<\/em><\/u><\/strong><\/p>\n<p><i>Con\u00a0<\/i>Los Miserables<i>, dirigida por Ladj Ly, representando a Francia en la carrera al \u00d3scar de la Mejor Pel\u00edcula Internacional, volvemos a la representaci\u00f3n de las\u00a0<\/i>banlieues<i>\u00a0francesas con<\/i><i>:<\/i><\/p>\n<ul>\n<li><i><a class=\"richLink\" href=\"https:\/\/www.myfrenchfilmfestival.com\/es\/movie?movie=15098\" target=\"_blank\" rel=\"noopener\" data-type=\"film\">Crack 6T<\/a>\u00a0<\/i>de Jean-Fran\u00e7ois Richet<\/li>\n<li><i><a class=\"richLink\" href=\"https:\/\/www.myfrenchfilmfestival.com\/es\/movie?movie=34279\" target=\"_blank\" rel=\"noopener\" data-type=\"film\">Entre amigos<\/a><\/i>\u00a0de Yassine Qnia<\/li>\n<\/ul>\n<p><strong><u>Secci\u00f3n<em>\u00a0My Little Zoo<\/em><\/u><\/strong><\/p>\n<p><em>Por primera vez, MyFrenchFilmFestival rinde homenaje al cine de animaci\u00f3n para ni\u00f1os y propone en esta 10.\u00aa edici\u00f3n una secci\u00f3n de cinco cortometrajes para disfrutarla en familia:<\/em><\/p>\n<ul>\n<li><em><a class=\"richLink\" href=\"https:\/\/www.myfrenchfilmfestival.com\/es\/movie?movie=47901\" target=\"_blank\" rel=\"noopener\" data-type=\"film\">Despu\u00e9s de la lluvia<\/a><\/em>\u00a0de Val\u00e9rian Desterne, Juan Olarte Zu\u00f1iga, Carlos Osmar Salazar Tornero, Lucile Palomino, Juan Pablo de la Rosa Zalamea, C\u00e9line Cllin y Rebecca Black<\/li>\n<li><i><a class=\"richLink\" href=\"https:\/\/www.myfrenchfilmfestival.com\/es\/movie?movie=47626\" target=\"_blank\" rel=\"noopener\" data-type=\"film\">El sue\u00f1o de Sam<\/a><\/i>\u00a0de N\u00f6lwenn Roberts<\/li>\n<li><i><a class=\"richLink\" href=\"https:\/\/www.myfrenchfilmfestival.com\/es\/movie?movie=48374\" target=\"_blank\" rel=\"noopener\" data-type=\"film\">Peluche<\/a><\/i>\u00a0de\u00a0\u00c9douard Heutte, Clotilde Bonnotte, \u00c9lise Simoulin, Anna Komaromi, Marisa Di Vora Peixoto y Helena Bastioni<\/li>\n<li><i><a class=\"richLink\" href=\"https:\/\/www.myfrenchfilmfestival.com\/es\/movie?movie=47455\" target=\"_blank\" rel=\"noopener\" data-type=\"film\">El tigre sin rayas<\/a><\/i>\u00a0de Ra\u00f9l Robin Morales Reyes<\/li>\n<li><i><a class=\"richLink\" href=\"https:\/\/www.myfrenchfilmfestival.com\/es\/movie?movie=47689\" target=\"_blank\" rel=\"noopener\" data-type=\"film\">Turbop\u00e9ra<\/a><\/i>\u00a0de Fabien Meyran, Beno\u00eet de Geyer d\u2019Orth, Antoine Marchand, Paul-Eug\u00e8ne Dannaud<\/li>\n<\/ul>\n<p><strong><u>Secci\u00f3n<i>\u00a0New Horizons<\/i><\/u><\/strong><\/p>\n<p><em>MyFrenchFilmFestival desea subrayar la capacidad creativa del cine franc\u00e9s, en perpetua renovaci\u00f3n\u2026 Estas nuevas formas de hacer imagen y de escribir les causar\u00e1n emociones e inquietudes inolvidables.<\/em><\/p>\n<ul>\n<li><a class=\"richLink\" href=\"https:\/\/www.myfrenchfilmfestival.com\/es\/movie?movie=47693\" target=\"_blank\" rel=\"noopener\" data-type=\"film\">El grito VR<\/a>\u00a0de Sandra Paugam y Charles Ayats<\/li>\n<li><i><a class=\"richLink\" href=\"https:\/\/www.myfrenchfilmfestival.com\/es\/movie?movie=45886\" target=\"_blank\" rel=\"noopener\" data-type=\"film\">La isla de los muertos VR<\/a><\/i>\u00a0de Benjamin Nuel<\/li>\n<li><i><a class=\"richLink\" href=\"https:\/\/www.myfrenchfilmfestival.com\/es\/movie?movie=45891\" target=\"_blank\" rel=\"noopener\" data-type=\"film\">Un bar en Folies Berg\u00e8re VR<\/a><\/i>\u00a0de Gabrielle Lissot<\/li>\n<\/ul>\n<p>La selecci\u00f3n de esta edici\u00f3n puedes consultarla en\u00a0<a href=\"https:\/\/www.myfrenchfilmfestival.com\/es\/selection\" target=\"_blank\" rel=\"noopener\">myfrenchfilmfestival.com<\/a><\/p>\n\n\t\t\t  <div \n\t\t\t  \tclass = \"fb-comments\" \n\t\t\t  \tdata-href = \"http:\/\/www.eloriente.net\/home\/2020\/01\/14\/ya-viene-my-french-film-festival-2020\/\"\n\t\t\t  \tdata-numposts = \"10\"\n\t\t\t\tdata-colorscheme = \"dark\"\n\t\t\t\tdata-order-by = \"social\"\n\t\t\t\tdata-mobile=true>\n\t\t\t  <\/div>\n\t\t  <style>\n\t\t\t.fb_iframe_widget_fluid_desktop iframe {\n\t\t\t    width: 100% !important;\n\t\t\t}\n\t\t  <\/style>\n\t\t  ","protected":false},"excerpt":{"rendered":"<p>My French Film Festival\u00a0es un concepto in\u00e9dito ideado para dar visibilidad a la joven generaci\u00f3n de cineastas franc\u00f3fonos y para permitir a los internautas del mundo entero de compartir el amor que sienten por el cine franc\u00e9s. En esta d\u00e9cima edici\u00f3n, del 16 de enero al 16 de febrero\u00a0del\u00a02020, vuelve el festival con nuevas pel\u00edculas, [&hellip;]<\/p>\n","protected":false},"author":57,"featured_media":59928,"comment_status":"open","ping_status":"open","sticky":false,"template":"","format":"video","meta":{"_jetpack_memberships_contains_paid_content":false,"footnotes":""},"categories":[56,26,18,32,10504],"tags":[4076,3571,11003,11001],"class_list":["post-59926","post","type-post","status-publish","format-video","has-post-thumbnail","hentry","category-cine","category-convocatorias","category-educacion-y-cultura","category-entradas","category-las-ultimas-12","tag-cine","tag-cine-frances","tag-cine-online","tag-my-french-film-festival","post_format-post-format-video"],"jetpack_featured_media_url":"http:\/\/www.eloriente.net\/home\/wp-content\/uploads\/2020\/01\/maxresdefault-1.jpg","jetpack_sharing_enabled":true,"_links":{"self":[{"href":"http:\/\/www.eloriente.net\/home\/wp-json\/wp\/v2\/posts\/59926"}],"collection":[{"href":"http:\/\/www.eloriente.net\/home\/wp-json\/wp\/v2\/posts"}],"about":[{"href":"http:\/\/www.eloriente.net\/home\/wp-json\/wp\/v2\/types\/post"}],"author":[{"embeddable":true,"href":"http:\/\/www.eloriente.net\/home\/wp-json\/wp\/v2\/users\/57"}],"replies":[{"embeddable":true,"href":"http:\/\/www.eloriente.net\/home\/wp-json\/wp\/v2\/comments?post=59926"}],"version-history":[{"count":5,"href":"http:\/\/www.eloriente.net\/home\/wp-json\/wp\/v2\/posts\/59926\/revisions"}],"predecessor-version":[{"id":59951,"href":"http:\/\/www.eloriente.net\/home\/wp-json\/wp\/v2\/posts\/59926\/revisions\/59951"}],"wp:featuredmedia":[{"embeddable":true,"href":"http:\/\/www.eloriente.net\/home\/wp-json\/wp\/v2\/media\/59928"}],"wp:attachment":[{"href":"http:\/\/www.eloriente.net\/home\/wp-json\/wp\/v2\/media?parent=59926"}],"wp:term":[{"taxonomy":"category","embeddable":true,"href":"http:\/\/www.eloriente.net\/home\/wp-json\/wp\/v2\/categories?post=59926"},{"taxonomy":"post_tag","embeddable":true,"href":"http:\/\/www.eloriente.net\/home\/wp-json\/wp\/v2\/tags?post=59926"}],"curies":[{"name":"wp","href":"https:\/\/api.w.org\/{rel}","templated":true}]}}