{"id":60064,"date":"2020-01-26T08:39:59","date_gmt":"2020-01-26T14:39:59","guid":{"rendered":"http:\/\/www.eloriente.net\/home\/?p=60064"},"modified":"2022-12-26T10:59:58","modified_gmt":"2022-12-26T16:59:58","slug":"debut-de-alondra-de-la-parra-en-viena","status":"publish","type":"post","link":"http:\/\/www.eloriente.net\/home\/2020\/01\/26\/debut-de-alondra-de-la-parra-en-viena\/","title":{"rendered":"Debut de Alondra de la Parra en Viena"},"content":{"rendered":"<p>Es verdad que la inmensa directora de orquesta mexicana Alondra de la Parra comenzar\u00e1 el a\u00f1o a tambor batiente. Nunca mejor dicho para una mujer que ha hecho de la m\u00fasica su vida entera.<\/p>\n<p><script async src=\"https:\/\/pagead2.googlesyndication.com\/pagead\/js\/adsbygoogle.js\"><\/script><br \/>\n<ins class=\"adsbygoogle\" style=\"display: block; text-align: center;\" data-ad-layout=\"in-article\" data-ad-format=\"fluid\" data-ad-client=\"ca-pub-1136171134853753\" data-ad-slot=\"1904291222\"><\/ins><br \/>\n<script>\n     (adsbygoogle = window.adsbygoogle || []).push({});\n<\/script><\/p>\n<p>Lo har\u00e1, debutando en la temporada 2019\/20 de la Vienna Radio Symphony Orchesta con un programa ecl\u00e9ctico, que ir\u00e1 desde el Danz\u00f3n No. 2 de Arturo M\u00e1rquez (una de las piezas que De la Parra ha convertido en emblem\u00e1ticas), hasta un recient\u00edsimo concierto de Georg Friedrich Hass, apenas registrado en los a\u00f1os 2018-2019.<\/p>\n<p>El programa tambi\u00e9n incluir\u00e1 las Bachianas brasileiras No. 7 de Heitor Villalobos (una pieza que data de 1942) y por si fuera poco la Sinfon\u00eda No. 1 de Prokofiev. Adem\u00e1s en las multipercusiones se presentar\u00e1 Chirstoph Sietzen.<\/p>\n<h3>El danz\u00f3n No. 2 de Arturo M\u00e1rquez<\/h3>\n<p><iframe loading=\"lazy\" src=\"https:\/\/www.youtube.com\/embed\/92Ktk_V9YpA\" width=\"450\" height=\"315\" frameborder=\"0\" allowfullscreen=\"allowfullscreen\"><span data-mce-type=\"bookmark\" style=\"display: inline-block; width: 0px; overflow: hidden; line-height: 0;\" class=\"mce_SELRES_start\">\ufeff<\/span><\/iframe><\/p>\n<p><script async src=\"https:\/\/pagead2.googlesyndication.com\/pagead\/js\/adsbygoogle.js\"><\/script><br \/>\n<ins class=\"adsbygoogle\" style=\"display: block; text-align: center;\" data-ad-layout=\"in-article\" data-ad-format=\"fluid\" data-ad-client=\"ca-pub-1136171134853753\" data-ad-slot=\"5545504441\"><\/ins><br \/>\n<script>\n     (adsbygoogle = window.adsbygoogle || []).push({});\n<\/script><\/p>\n<h3>Alondra de la Parra<\/h3>\n<p>Cabe recordar que Alondra ya ha acumulado la direcci\u00f3n de m\u00e1s de 100 orquestas alrededor del mundo. De hecho, entre ellas se encuentra la Orquesta de Par\u00eds, la London Philharmonic Orchesta, as\u00ed como las de Zurich, la radio sueca, la sinf\u00f3nica de Sao Paulo, y la sinf\u00f3nica de la radio de Berl\u00f3n.<\/p>\n<p>La labor que le ha merecido casi dos a\u00f1os de tiempo y colaboraciones, ha sido la direcci\u00f3n musical de la Orquesta Sinf\u00f3nica de Queensland. Actualmente es embajadora cultural oficial de M\u00e9xico y diversas marcas, como Mercedes Benz, la han convertido en su propia embajadora internacional.<\/p>\n<p>A la fecha de este debut en Viena, programado para este lunes 27 de enero, le seguir\u00e1n en los pr\u00f3ximos d\u00edas intervenciones en la Komische Oper Orchesta en Berl\u00edn para el 31 de este mismo enero; luego en la Deutsche Kammerphilarmonie en Hamburgo para el primero y dos de marzo.<\/p>\n<h3>M\u00e1s videos en el Facebook de El Oriente:<\/h3>\n<p><iframe loading=\"lazy\" style=\"border: none; overflow: hidden;\" src=\"https:\/\/www.facebook.com\/plugins\/video.php?height=314&amp;href=https%3A%2F%2Fwww.facebook.com%2Feloriente.net%2Fvideos%2F457605212137479%2F&amp;show_text=true&amp;width=560&amp;t=0\" width=\"560\" height=\"429\" frameborder=\"0\" scrolling=\"no\" allowfullscreen=\"allowfullscreen\"><\/iframe><\/p>\n<p><script async src=\"https:\/\/pagead2.googlesyndication.com\/pagead\/js\/adsbygoogle.js\"><\/script><br \/>\n<ins class=\"adsbygoogle\" style=\"display: block;\" data-ad-format=\"autorelaxed\" data-ad-client=\"ca-pub-1136171134853753\" data-ad-slot=\"4595267748\"><\/ins><br \/>\n<script>\n     (adsbygoogle = window.adsbygoogle || []).push({});\n<\/script><\/p>\n\n\t\t\t  <div \n\t\t\t  \tclass = \"fb-comments\" \n\t\t\t  \tdata-href = \"http:\/\/www.eloriente.net\/home\/2020\/01\/26\/debut-de-alondra-de-la-parra-en-viena\/\"\n\t\t\t  \tdata-numposts = \"10\"\n\t\t\t\tdata-colorscheme = \"dark\"\n\t\t\t\tdata-order-by = \"social\"\n\t\t\t\tdata-mobile=true>\n\t\t\t  <\/div>\n\t\t  <style>\n\t\t\t.fb_iframe_widget_fluid_desktop iframe {\n\t\t\t    width: 100% !important;\n\t\t\t}\n\t\t  <\/style>\n\t\t  ","protected":false},"excerpt":{"rendered":"<p>Es verdad que la inmensa directora de orquesta mexicana Alondra de la Parra comenzar\u00e1 el a\u00f1o a tambor batiente. Nunca mejor dicho para una mujer que ha hecho de la m\u00fasica su vida entera. Lo har\u00e1, debutando en la temporada 2019\/20 de la Vienna Radio Symphony Orchesta con un programa ecl\u00e9ctico, que ir\u00e1 desde el [&hellip;]<\/p>\n","protected":false},"author":57,"featured_media":60065,"comment_status":"open","ping_status":"open","sticky":false,"template":"","format":"standard","meta":{"_jetpack_memberships_contains_paid_content":false,"footnotes":""},"categories":[5,18,32,10504,10,24],"tags":[11026,11027,10579,1977],"class_list":["post-60064","post","type-post","status-publish","format-standard","has-post-thumbnail","hentry","category-canal-3-musica","category-educacion-y-cultura","category-entradas","category-las-ultimas-12","category-lo-mas-reciente","category-mexico-y-el-mundo","tag-alondra-de-la-parra","tag-directora-mexicana","tag-mujeres-sin-limites","tag-viena"],"jetpack_featured_media_url":"http:\/\/www.eloriente.net\/home\/wp-content\/uploads\/2020\/01\/ADLP-BY-OSCAR-TURCO-03.jpg","jetpack_sharing_enabled":true,"_links":{"self":[{"href":"http:\/\/www.eloriente.net\/home\/wp-json\/wp\/v2\/posts\/60064"}],"collection":[{"href":"http:\/\/www.eloriente.net\/home\/wp-json\/wp\/v2\/posts"}],"about":[{"href":"http:\/\/www.eloriente.net\/home\/wp-json\/wp\/v2\/types\/post"}],"author":[{"embeddable":true,"href":"http:\/\/www.eloriente.net\/home\/wp-json\/wp\/v2\/users\/57"}],"replies":[{"embeddable":true,"href":"http:\/\/www.eloriente.net\/home\/wp-json\/wp\/v2\/comments?post=60064"}],"version-history":[{"count":2,"href":"http:\/\/www.eloriente.net\/home\/wp-json\/wp\/v2\/posts\/60064\/revisions"}],"predecessor-version":[{"id":65981,"href":"http:\/\/www.eloriente.net\/home\/wp-json\/wp\/v2\/posts\/60064\/revisions\/65981"}],"wp:featuredmedia":[{"embeddable":true,"href":"http:\/\/www.eloriente.net\/home\/wp-json\/wp\/v2\/media\/60065"}],"wp:attachment":[{"href":"http:\/\/www.eloriente.net\/home\/wp-json\/wp\/v2\/media?parent=60064"}],"wp:term":[{"taxonomy":"category","embeddable":true,"href":"http:\/\/www.eloriente.net\/home\/wp-json\/wp\/v2\/categories?post=60064"},{"taxonomy":"post_tag","embeddable":true,"href":"http:\/\/www.eloriente.net\/home\/wp-json\/wp\/v2\/tags?post=60064"}],"curies":[{"name":"wp","href":"https:\/\/api.w.org\/{rel}","templated":true}]}}