{"id":60142,"date":"2020-02-04T12:42:17","date_gmt":"2020-02-04T18:42:17","guid":{"rendered":"http:\/\/www.eloriente.net\/home\/?p=60142"},"modified":"2022-12-05T09:28:58","modified_gmt":"2022-12-05T15:28:58","slug":"quien-es-emilio-de-leo","status":"publish","type":"post","link":"http:\/\/www.eloriente.net\/home\/2020\/02\/04\/quien-es-emilio-de-leo\/","title":{"rendered":"\u00bfQui\u00e9n es Emilio de Leo?"},"content":{"rendered":"<p>Esta ma\u00f1ana, la entidad encargada de las Culturas y las Artes en el estado de Oaxaca, ha tomado posesi\u00f3n como director de la <a href=\"http:\/\/www.eloriente.net\/home\/2017\/07\/10\/la-cultura-nuestra-casa-la-cultura-juan-pablo-vasconcelos\/\" target=\"_blank\" rel=\"noopener\">Casa de la Cultura Oaxaque\u00f1a<\/a>, al licenciado Emilio de Leo Blanco.<\/p>\n<p>Una de las m\u00e1s emblem\u00e1ticas instituciones culturales del Estado, ser\u00e1 ahora dirigida por quien hasta hace algunas semanas, ocupaba el cargo de Director General del Archivo General del Estado de Oaxaca, durante un periodo de cerca de tres a\u00f1os.<\/p>\n<p>En el Archivo, se le recuerda porque en ese periodo, se ech\u00f3 a andar el nuevo inmueble que lo alberga en toda su capacidad; se mud\u00f3 el archivo hist\u00f3rico a este nuevo edificio; y adem\u00e1s se le dot\u00f3 de estructura administrativa y normativa.<\/p>\n<p>Ahora en la Casa de la Cultura Oaxaque\u00f1a, el ahora director fue recibido a este cargo con el mensaje \u00abBienvenido al equipo\u00bb, por parte de la titular de la Secretar\u00eda de las Culturas y Artes de Oaxaca (SECULTA), <a href=\"http:\/\/www.eloriente.net\/home\/2019\/10\/09\/39-filo-proyecta-reinventar-la-vida\/\" target=\"_blank\" rel=\"noopener\">Adriana Aguilar<\/a>, quien se\u00f1al\u00f3 tomarle protesta por instrucciones del gobernador del Estado.<\/p>\n<h3><script async src=\"https:\/\/pagead2.googlesyndication.com\/pagead\/js\/adsbygoogle.js\"><\/script><br \/>\n<ins class=\"adsbygoogle\" style=\"display: block; text-align: center;\" data-ad-layout=\"in-article\" data-ad-format=\"fluid\" data-ad-client=\"ca-pub-1136171134853753\" data-ad-slot=\"5545504441\"><\/ins><br \/>\n<script>\n     (adsbygoogle = window.adsbygoogle || []).push({});\n<\/script>Antecedentes<\/h3>\n<p>Cabe recordar que De Leo fue Director General de <a href=\"http:\/\/www.eloriente.net\/home\/2014\/11\/08\/objetivo-cortv-la-educacion-a-traves-de-los-medios\/\" target=\"_blank\" rel=\"noopener\">Corporaci\u00f3n Oaxaque\u00f1a de Radio y Televisi\u00f3n (CORTV)<\/a> en el periodo de mayo de 2014 a noviembre de 2016.<\/p>\n<p>Antes, fue encargado del despacho de la Secretar\u00eda de Cultura, fungiendo previamente como Subsecretario tanto de Fomento Cultural como de Planeaci\u00f3n Cultural, durante los a\u00f1os 2008 a 2014.<\/p>\n<p>Fue subdirector del Patronato de las Unidades de Servicios Culturales y Tur\u00edsticos del Estado de Oaxaca, desde septiembre de 2006 a Enero de 2007.<\/p>\n<p>Su formaci\u00f3n es como licenciado en Comunicaci\u00f3n, egresado de la Universidad Mesoamericana y tiene diplomados en Cultura y Negocios; Mercadotecnia Pol\u00edtica; Informaci\u00f3n P\u00fablica y Periodismo Cultural.<\/p>\n<p>Algunas de sus principales ponencias han sido: Medios P\u00fablicos, comunitarios e ind\u00edgenas, ante la Asociaci\u00f3n Mexicana de Investigadores de la Comunicaci\u00f3n, A.C., as\u00ed como Cultura, arte y pol\u00edticas p\u00fablicas, tanto en la Universidad Iberoamericana en Puebla como en la Universidad de Guadalajara.<\/p>\n<p>Ahora en la Casa de la Cultura Oaxaque\u00f1a sustituye a Gabriela Cueto Cruz.<\/p>\n<p><script async src=\"https:\/\/pagead2.googlesyndication.com\/pagead\/js\/adsbygoogle.js\"><\/script><br \/>\n<ins class=\"adsbygoogle\"\n     style=\"display:block; text-align:center;\"\n     data-ad-layout=\"in-article\"\n     data-ad-format=\"fluid\"\n     data-ad-client=\"ca-pub-1136171134853753\"\n     data-ad-slot=\"1904291222\"><\/ins><br \/>\n<script>\n     (adsbygoogle = window.adsbygoogle || []).push({});\n<\/script>&nbsp;<\/p>\n\n\t\t\t  <div \n\t\t\t  \tclass = \"fb-comments\" \n\t\t\t  \tdata-href = \"http:\/\/www.eloriente.net\/home\/2020\/02\/04\/quien-es-emilio-de-leo\/\"\n\t\t\t  \tdata-numposts = \"10\"\n\t\t\t\tdata-colorscheme = \"dark\"\n\t\t\t\tdata-order-by = \"social\"\n\t\t\t\tdata-mobile=true>\n\t\t\t  <\/div>\n\t\t  <style>\n\t\t\t.fb_iframe_widget_fluid_desktop iframe {\n\t\t\t    width: 100% !important;\n\t\t\t}\n\t\t  <\/style>\n\t\t  ","protected":false},"excerpt":{"rendered":"<p>Esta ma\u00f1ana, la entidad encargada de las Culturas y las Artes en el estado de Oaxaca, ha tomado posesi\u00f3n como director de la Casa de la Cultura Oaxaque\u00f1a, al licenciado Emilio de Leo Blanco. Una de las m\u00e1s emblem\u00e1ticas instituciones culturales del Estado, ser\u00e1 ahora dirigida por quien hasta hace algunas semanas, ocupaba el cargo [&hellip;]<\/p>\n","protected":false},"author":1,"featured_media":60143,"comment_status":"open","ping_status":"open","sticky":false,"template":"","format":"standard","meta":{"_jetpack_memberships_contains_paid_content":false,"footnotes":""},"categories":[49,18,32,63,10504,10,464],"tags":[5795,4205,11054],"class_list":["post-60142","post","type-post","status-publish","format-standard","has-post-thumbnail","hentry","category-destacadas","category-educacion-y-cultura","category-entradas","category-estados","category-las-ultimas-12","category-lo-mas-reciente","category-oaxaca-estados","tag-casa-de-la-cultura-oaxaquena","tag-emilio-de-leo","tag-emilio-de-leo-blanco"],"jetpack_featured_media_url":"http:\/\/www.eloriente.net\/home\/wp-content\/uploads\/2020\/02\/emilio-de-leo.jpg","jetpack_sharing_enabled":true,"_links":{"self":[{"href":"http:\/\/www.eloriente.net\/home\/wp-json\/wp\/v2\/posts\/60142"}],"collection":[{"href":"http:\/\/www.eloriente.net\/home\/wp-json\/wp\/v2\/posts"}],"about":[{"href":"http:\/\/www.eloriente.net\/home\/wp-json\/wp\/v2\/types\/post"}],"author":[{"embeddable":true,"href":"http:\/\/www.eloriente.net\/home\/wp-json\/wp\/v2\/users\/1"}],"replies":[{"embeddable":true,"href":"http:\/\/www.eloriente.net\/home\/wp-json\/wp\/v2\/comments?post=60142"}],"version-history":[{"count":3,"href":"http:\/\/www.eloriente.net\/home\/wp-json\/wp\/v2\/posts\/60142\/revisions"}],"predecessor-version":[{"id":65946,"href":"http:\/\/www.eloriente.net\/home\/wp-json\/wp\/v2\/posts\/60142\/revisions\/65946"}],"wp:featuredmedia":[{"embeddable":true,"href":"http:\/\/www.eloriente.net\/home\/wp-json\/wp\/v2\/media\/60143"}],"wp:attachment":[{"href":"http:\/\/www.eloriente.net\/home\/wp-json\/wp\/v2\/media?parent=60142"}],"wp:term":[{"taxonomy":"category","embeddable":true,"href":"http:\/\/www.eloriente.net\/home\/wp-json\/wp\/v2\/categories?post=60142"},{"taxonomy":"post_tag","embeddable":true,"href":"http:\/\/www.eloriente.net\/home\/wp-json\/wp\/v2\/tags?post=60142"}],"curies":[{"name":"wp","href":"https:\/\/api.w.org\/{rel}","templated":true}]}}