{"id":60151,"date":"2020-02-05T13:55:24","date_gmt":"2020-02-05T19:55:24","guid":{"rendered":"http:\/\/www.eloriente.net\/home\/?p=60151"},"modified":"2020-02-10T20:37:32","modified_gmt":"2020-02-11T02:37:32","slug":"mensaje-en-vivo-del-rector-de-la-unam","status":"publish","type":"post","link":"http:\/\/www.eloriente.net\/home\/2020\/02\/05\/mensaje-en-vivo-del-rector-de-la-unam\/","title":{"rendered":"Mensaje en vivo del Rector de la UNAM"},"content":{"rendered":"<p>Esta tarde, el #RectorGraue dar\u00e1 un mensaje a la comunidad universitaria y del pa\u00eds en su conjunto ante la situaci\u00f3n que se vive en nuestra Universidad Nacional Aut\u00f3noma de M\u00e9xico.<\/p>\n<p>Como sabemos, eloriente.net es la casa de los universitarios de Oaxaca y del Sur de M\u00e9xico. Por ello, consideramos de primera importancia retransmitir de manera simult\u00e1nea este mensaje.<\/p>\n<p><script async src=\"https:\/\/pagead2.googlesyndication.com\/pagead\/js\/adsbygoogle.js\"><\/script><br \/>\n<ins class=\"adsbygoogle\" style=\"display: block; text-align: center;\" data-ad-layout=\"in-article\" data-ad-format=\"fluid\" data-ad-client=\"ca-pub-1136171134853753\" data-ad-slot=\"5545504441\"><\/ins><br \/>\n<script>\n     (adsbygoogle = window.adsbygoogle || []).push({});\n<\/script><\/p>\n\n\t\t\t  <div \n\t\t\t  \tclass = \"fb-comments\" \n\t\t\t  \tdata-href = \"http:\/\/www.eloriente.net\/home\/2020\/02\/05\/mensaje-en-vivo-del-rector-de-la-unam\/\"\n\t\t\t  \tdata-numposts = \"10\"\n\t\t\t\tdata-colorscheme = \"dark\"\n\t\t\t\tdata-order-by = \"social\"\n\t\t\t\tdata-mobile=true>\n\t\t\t  <\/div>\n\t\t  <style>\n\t\t\t.fb_iframe_widget_fluid_desktop iframe {\n\t\t\t    width: 100% !important;\n\t\t\t}\n\t\t  <\/style>\n\t\t  ","protected":false},"excerpt":{"rendered":"<p>Esta tarde, el #RectorGraue dar\u00e1 un mensaje a la comunidad universitaria y del pa\u00eds en su conjunto ante la situaci\u00f3n que se vive en nuestra Universidad Nacional Aut\u00f3noma de M\u00e9xico. Como sabemos, eloriente.net es la casa de los universitarios de Oaxaca y del Sur de M\u00e9xico. Por ello, consideramos de primera importancia retransmitir de manera [&hellip;]<\/p>\n","protected":false},"author":57,"featured_media":60194,"comment_status":"open","ping_status":"open","sticky":false,"template":"","format":"video","meta":{"_jetpack_memberships_contains_paid_content":false,"footnotes":""},"categories":[18,32,10504,10,24],"tags":[11058,11057,683],"class_list":["post-60151","post","type-post","status-publish","format-video","has-post-thumbnail","hentry","category-educacion-y-cultura","category-entradas","category-las-ultimas-12","category-lo-mas-reciente","category-mexico-y-el-mundo","tag-huelga-unam","tag-rector-graue","tag-unam","post_format-post-format-video"],"jetpack_featured_media_url":"http:\/\/www.eloriente.net\/home\/wp-content\/uploads\/2020\/02\/maxresdefault-3.jpg","jetpack_sharing_enabled":true,"_links":{"self":[{"href":"http:\/\/www.eloriente.net\/home\/wp-json\/wp\/v2\/posts\/60151"}],"collection":[{"href":"http:\/\/www.eloriente.net\/home\/wp-json\/wp\/v2\/posts"}],"about":[{"href":"http:\/\/www.eloriente.net\/home\/wp-json\/wp\/v2\/types\/post"}],"author":[{"embeddable":true,"href":"http:\/\/www.eloriente.net\/home\/wp-json\/wp\/v2\/users\/57"}],"replies":[{"embeddable":true,"href":"http:\/\/www.eloriente.net\/home\/wp-json\/wp\/v2\/comments?post=60151"}],"version-history":[{"count":1,"href":"http:\/\/www.eloriente.net\/home\/wp-json\/wp\/v2\/posts\/60151\/revisions"}],"predecessor-version":[{"id":60153,"href":"http:\/\/www.eloriente.net\/home\/wp-json\/wp\/v2\/posts\/60151\/revisions\/60153"}],"wp:featuredmedia":[{"embeddable":true,"href":"http:\/\/www.eloriente.net\/home\/wp-json\/wp\/v2\/media\/60194"}],"wp:attachment":[{"href":"http:\/\/www.eloriente.net\/home\/wp-json\/wp\/v2\/media?parent=60151"}],"wp:term":[{"taxonomy":"category","embeddable":true,"href":"http:\/\/www.eloriente.net\/home\/wp-json\/wp\/v2\/categories?post=60151"},{"taxonomy":"post_tag","embeddable":true,"href":"http:\/\/www.eloriente.net\/home\/wp-json\/wp\/v2\/tags?post=60151"}],"curies":[{"name":"wp","href":"https:\/\/api.w.org\/{rel}","templated":true}]}}