{"id":60160,"date":"2020-02-07T14:59:00","date_gmt":"2020-02-07T20:59:00","guid":{"rendered":"http:\/\/www.eloriente.net\/home\/?p=60160"},"modified":"2020-02-07T15:51:15","modified_gmt":"2020-02-07T21:51:15","slug":"fin-de-semana-en-oaxaca-ed-2","status":"publish","type":"post","link":"http:\/\/www.eloriente.net\/home\/2020\/02\/07\/fin-de-semana-en-oaxaca-ed-2\/","title":{"rendered":"Fin de semana en Oaxaca Ed. 2"},"content":{"rendered":"<p style=\"text-align: right;\">Por: Sama Manuel Ch\u00e1vez<\/p>\n<p>Ya es fin de semana, esos d\u00edas tan anhelados para muchos. En estos fines de semana,\u00a0 aprovechamos para ver a nuestros amigos, familia y nos damos un tiempo para recrear nuestras mentes. En la pasada edici\u00f3n te mostramos actividades grandiosas.<\/p>\n<p>Esta edici\u00f3n, te sumergir\u00e1 nuevamente en maravillosas opciones para disfrutar y despejarte de la vida laboral y escolar por un momento.<\/p>\n<p>Nuestra recopilaci\u00f3n pareciera estar dirigida a los peque\u00f1os y padres, pero no es as\u00ed. Todos tenemos sobrinos, primos e hijos. Aprovecha y lleva a tu familia a disfrutar. Y si eres adolescente no te preocupes hay actividades para ti.<\/p>\n<h3>Semilleritos<\/h3>\n<p>Como es costumbre escuchar por todos lados, el planeta necesita ayuda. Pero no lograremos frenar el cambio clim\u00e1tico si antes no nos educamos. Por eso es importante que asistas a<a href=\"https:\/\/www.facebook.com\/museoinfantildeoaxaca\/photos\/a.256216591486128\/850667735374341\/?type=3&amp;theater\" target=\"_blank\" rel=\"noopener\">\u00abSemilleritos\u00bb.<\/a><\/p>\n<p>En este taller, tus peque\u00f1os de 6 a 12 a\u00f1os de edad ser\u00e1n instruidos con educaci\u00f3n ambiental, al finalizar esta educaci\u00f3n ambiental (taller) tendr\u00e1n amplia informaci\u00f3n y sabr\u00e1n elaborar casitas (nidos).<\/p>\n<p><a href=\"https:\/\/www.facebook.com\/museoinfantildeoaxaca\/photos\/a.256216591486128\/850667735374341\/?type=3&amp;theater\"><img loading=\"lazy\" decoding=\"async\" class=\"aligncenter wp-image-60164\" src=\"http:\/\/www.eloriente.net\/home\/wp-content\/uploads\/2020\/02\/MIO.jpg\" alt=\"\" width=\"499\" height=\"599\" srcset=\"http:\/\/www.eloriente.net\/home\/wp-content\/uploads\/2020\/02\/MIO.jpg 800w, http:\/\/www.eloriente.net\/home\/wp-content\/uploads\/2020\/02\/MIO-250x300.jpg 250w, http:\/\/www.eloriente.net\/home\/wp-content\/uploads\/2020\/02\/MIO-768x922.jpg 768w, http:\/\/www.eloriente.net\/home\/wp-content\/uploads\/2020\/02\/MIO-696x835.jpg 696w, http:\/\/www.eloriente.net\/home\/wp-content\/uploads\/2020\/02\/MIO-350x420.jpg 350w, http:\/\/www.eloriente.net\/home\/wp-content\/uploads\/2020\/02\/MIO-600x720.jpg 600w\" sizes=\"(max-width: 499px) 100vw, 499px\" \/><\/a><\/p>\n<p><script async src=\"https:\/\/pagead2.googlesyndication.com\/pagead\/js\/adsbygoogle.js\"><\/script><br \/>\n<ins class=\"adsbygoogle\" style=\"display: block; text-align: center;\" data-ad-layout=\"in-article\" data-ad-format=\"fluid\" data-ad-client=\"ca-pub-1136171134853753\" data-ad-slot=\"5545504441\"><\/ins><br \/>\n<script>\n     (adsbygoogle = window.adsbygoogle || []).push({});\n<\/script><\/p>\n<h3>Ciclo Cine<\/h3>\n<p>El s\u00e9ptimo arte es fundamental en\u00a0los fines de semana, puedes relajarte con las funciones de\u00a0<a href=\"https:\/\/www.facebook.com\/events\/172819410711905\/\" target=\"_blank\" rel=\"noopener\">CICLO CINE<\/a> ofrecido por La Capital, Centro de Arte. Ser\u00eda un pena que te perdieras producciones nominadas al Oscar. Funciones: Horse Girl, viernes 19:00hrs y The Coldest game, s\u00e1bado 19:00hrs, Entrada general 25 pesos. \u00a1No Faltes!<a href=\"http:\/\/www.eloriente.net\/home\/wp-content\/uploads\/2020\/02\/85013453_201895727868762_145965752044748800_o.jpg\"><img loading=\"lazy\" decoding=\"async\" class=\"wp-image-60176 aligncenter\" src=\"http:\/\/www.eloriente.net\/home\/wp-content\/uploads\/2020\/02\/85013453_201895727868762_145965752044748800_o.jpg\" alt=\"\" width=\"500\" height=\"262\" srcset=\"http:\/\/www.eloriente.net\/home\/wp-content\/uploads\/2020\/02\/85013453_201895727868762_145965752044748800_o.jpg 1024w, http:\/\/www.eloriente.net\/home\/wp-content\/uploads\/2020\/02\/85013453_201895727868762_145965752044748800_o-300x157.jpg 300w, http:\/\/www.eloriente.net\/home\/wp-content\/uploads\/2020\/02\/85013453_201895727868762_145965752044748800_o-768x402.jpg 768w, http:\/\/www.eloriente.net\/home\/wp-content\/uploads\/2020\/02\/85013453_201895727868762_145965752044748800_o-696x364.jpg 696w, http:\/\/www.eloriente.net\/home\/wp-content\/uploads\/2020\/02\/85013453_201895727868762_145965752044748800_o-802x420.jpg 802w, http:\/\/www.eloriente.net\/home\/wp-content\/uploads\/2020\/02\/85013453_201895727868762_145965752044748800_o-600x314.jpg 600w\" sizes=\"(max-width: 500px) 100vw, 500px\" \/><\/a><\/p>\n<h3>Talleres para la primera infancia<\/h3>\n<p>La familia es muy importante. Es donde se forjan muchas de las actitudes, claro que varias de ellas se van enriqueciendo con la m\u00fasica, danza, lectura, entre otras. Dales esta oportunidad a tus bebes de 0 a 2 a\u00f1os con <a href=\"https:\/\/www.facebook.com\/museoinfantildeoaxaca\/photos\/a.256216591486128\/850760245365090\/?type=3&amp;theater\" target=\"_blank\" rel=\"noopener\">SuperMam\u00e1s y SuperPap\u00e1s<\/a>\u00a0ciclo de talleres para la primera infancia.<\/p>\n<p>Un total de 3 talleres, 0-2 a\u00f1os 2-4 y 4-6. \u00a1Date prisa a inscribirte!.\u00a0<a href=\"https:\/\/www.facebook.com\/museoinfantildeoaxaca\/photos\/a.256216591486128\/850760245365090\/?type=3&amp;theater\"><img loading=\"lazy\" decoding=\"async\" class=\"aligncenter wp-image-60165\" src=\"http:\/\/www.eloriente.net\/home\/wp-content\/uploads\/2020\/02\/MIO-2-.jpg\" alt=\"\" width=\"500\" height=\"416\" srcset=\"http:\/\/www.eloriente.net\/home\/wp-content\/uploads\/2020\/02\/MIO-2-.jpg 2048w, http:\/\/www.eloriente.net\/home\/wp-content\/uploads\/2020\/02\/MIO-2--300x250.jpg 300w, http:\/\/www.eloriente.net\/home\/wp-content\/uploads\/2020\/02\/MIO-2--768x640.jpg 768w, http:\/\/www.eloriente.net\/home\/wp-content\/uploads\/2020\/02\/MIO-2--1024x853.jpg 1024w, http:\/\/www.eloriente.net\/home\/wp-content\/uploads\/2020\/02\/MIO-2--696x580.jpg 696w, http:\/\/www.eloriente.net\/home\/wp-content\/uploads\/2020\/02\/MIO-2--1068x890.jpg 1068w, http:\/\/www.eloriente.net\/home\/wp-content\/uploads\/2020\/02\/MIO-2--504x420.jpg 504w, http:\/\/www.eloriente.net\/home\/wp-content\/uploads\/2020\/02\/MIO-2--600x500.jpg 600w\" sizes=\"(max-width: 500px) 100vw, 500px\" \/><\/a><\/p>\n<h3><script async src=\"https:\/\/pagead2.googlesyndication.com\/pagead\/js\/adsbygoogle.js\"><\/script><br \/>\n<ins class=\"adsbygoogle\" style=\"display: block; text-align: center;\" data-ad-layout=\"in-article\" data-ad-format=\"fluid\" data-ad-client=\"ca-pub-1136171134853753\" data-ad-slot=\"5545504441\"><\/ins><br \/>\n<script>\n     (adsbygoogle = window.adsbygoogle || []).push({});\n<\/script>Los Mon\u00f3logos de la Vagina de Eve Ensler<\/h3>\n<p>Pasemos a una funci\u00f3n teatral para otras edades.\u00a0<a href=\"https:\/\/www.facebook.com\/events\/610643816388481\/\" target=\"_blank\" rel=\"noopener\">Los Mon\u00f3logos de la Vagina de Eve Ensler<\/a>. Act\u00faan\u00a0Silvia Martell y Claudia Monet este viernes en la ya conocida\u00a0La Locomotora Foro Esc\u00e9nico. Apres\u00farate a comprar tus entradas\u00a0$80 PREV. $100 GRAL.<a href=\"http:\/\/www.eloriente.net\/home\/wp-content\/uploads\/2020\/02\/los-monologos-de-.jpg\"><img loading=\"lazy\" decoding=\"async\" class=\"wp-image-60178 aligncenter\" src=\"http:\/\/www.eloriente.net\/home\/wp-content\/uploads\/2020\/02\/los-monologos-de-.jpg\" alt=\"\" width=\"500\" height=\"647\" srcset=\"http:\/\/www.eloriente.net\/home\/wp-content\/uploads\/2020\/02\/los-monologos-de-.jpg 741w, http:\/\/www.eloriente.net\/home\/wp-content\/uploads\/2020\/02\/los-monologos-de--232x300.jpg 232w, http:\/\/www.eloriente.net\/home\/wp-content\/uploads\/2020\/02\/los-monologos-de--696x902.jpg 696w, http:\/\/www.eloriente.net\/home\/wp-content\/uploads\/2020\/02\/los-monologos-de--324x420.jpg 324w, http:\/\/www.eloriente.net\/home\/wp-content\/uploads\/2020\/02\/los-monologos-de--600x777.jpg 600w\" sizes=\"(max-width: 500px) 100vw, 500px\" \/><\/a><\/p>\n<h3>Expo-Concierto<\/h3>\n<p>Llego el turno de la m\u00fasica. El Archivo General del Estado de Oaxaca en colaboraci\u00f3n con\u00a0la Banda de M\u00fasica del Estado, invitan a visitar la\u00a0Expo-Concierto <a href=\"https:\/\/twitter.com\/Admon_GobOax\/status\/1225827151900856320\">\u00abLos sonidos de Oaxaca en el Archivo\u00bb<\/a>. Se llevara a cabo en el AGEO este domingo, 12:00. Entrada gratuita.\u00a0<a href=\"https:\/\/twitter.com\/Admon_GobOax\/status\/1225827151900856320\"><img loading=\"lazy\" decoding=\"async\" class=\"wp-image-60175 aligncenter\" src=\"http:\/\/www.eloriente.net\/home\/wp-content\/uploads\/2020\/02\/EQMDSpaVAAAeF8G.jpeg\" alt=\"\" width=\"500\" height=\"773\" srcset=\"http:\/\/www.eloriente.net\/home\/wp-content\/uploads\/2020\/02\/EQMDSpaVAAAeF8G.jpeg 582w, http:\/\/www.eloriente.net\/home\/wp-content\/uploads\/2020\/02\/EQMDSpaVAAAeF8G-194x300.jpeg 194w, http:\/\/www.eloriente.net\/home\/wp-content\/uploads\/2020\/02\/EQMDSpaVAAAeF8G-272x420.jpeg 272w\" sizes=\"(max-width: 500px) 100vw, 500px\" \/><\/a><\/p>\n<p>&nbsp;<\/p>\n\n\t\t\t  <div \n\t\t\t  \tclass = \"fb-comments\" \n\t\t\t  \tdata-href = \"http:\/\/www.eloriente.net\/home\/2020\/02\/07\/fin-de-semana-en-oaxaca-ed-2\/\"\n\t\t\t  \tdata-numposts = \"10\"\n\t\t\t\tdata-colorscheme = \"dark\"\n\t\t\t\tdata-order-by = \"social\"\n\t\t\t\tdata-mobile=true>\n\t\t\t  <\/div>\n\t\t  <style>\n\t\t\t.fb_iframe_widget_fluid_desktop iframe {\n\t\t\t    width: 100% !important;\n\t\t\t}\n\t\t  <\/style>\n\t\t  ","protected":false},"excerpt":{"rendered":"<p>Por: Sama Manuel Ch\u00e1vez Ya es fin de semana, esos d\u00edas tan anhelados para muchos. En estos fines de semana,\u00a0 aprovechamos para ver a nuestros amigos, familia y nos damos un tiempo para recrear nuestras mentes. En la pasada edici\u00f3n te mostramos actividades grandiosas. Esta edici\u00f3n, te sumergir\u00e1 nuevamente en maravillosas opciones para disfrutar y [&hellip;]<\/p>\n","protected":false},"author":57,"featured_media":57494,"comment_status":"open","ping_status":"open","sticky":false,"template":"","format":"standard","meta":{"_jetpack_memberships_contains_paid_content":false,"footnotes":""},"categories":[2015,8,18,32,10504],"tags":[2596,11036,11035,11062,11061],"class_list":["post-60160","post","type-post","status-publish","format-standard","has-post-thumbnail","hentry","category-viernesdefelicidad","category-agenda","category-educacion-y-cultura","category-entradas","category-las-ultimas-12","tag-viernesderecomendaciones","tag-5-actividades-en-oaxaca","tag-agenda-oaxaca","tag-ageo","tag-que-hacer-este-fin"],"jetpack_featured_media_url":"http:\/\/www.eloriente.net\/home\/wp-content\/uploads\/2019\/08\/algunos-derechos-reservados-phylevn-ciudad-de-oaxaca-Filtro.jpg","jetpack_sharing_enabled":true,"_links":{"self":[{"href":"http:\/\/www.eloriente.net\/home\/wp-json\/wp\/v2\/posts\/60160"}],"collection":[{"href":"http:\/\/www.eloriente.net\/home\/wp-json\/wp\/v2\/posts"}],"about":[{"href":"http:\/\/www.eloriente.net\/home\/wp-json\/wp\/v2\/types\/post"}],"author":[{"embeddable":true,"href":"http:\/\/www.eloriente.net\/home\/wp-json\/wp\/v2\/users\/57"}],"replies":[{"embeddable":true,"href":"http:\/\/www.eloriente.net\/home\/wp-json\/wp\/v2\/comments?post=60160"}],"version-history":[{"count":5,"href":"http:\/\/www.eloriente.net\/home\/wp-json\/wp\/v2\/posts\/60160\/revisions"}],"predecessor-version":[{"id":60182,"href":"http:\/\/www.eloriente.net\/home\/wp-json\/wp\/v2\/posts\/60160\/revisions\/60182"}],"wp:featuredmedia":[{"embeddable":true,"href":"http:\/\/www.eloriente.net\/home\/wp-json\/wp\/v2\/media\/57494"}],"wp:attachment":[{"href":"http:\/\/www.eloriente.net\/home\/wp-json\/wp\/v2\/media?parent=60160"}],"wp:term":[{"taxonomy":"category","embeddable":true,"href":"http:\/\/www.eloriente.net\/home\/wp-json\/wp\/v2\/categories?post=60160"},{"taxonomy":"post_tag","embeddable":true,"href":"http:\/\/www.eloriente.net\/home\/wp-json\/wp\/v2\/tags?post=60160"}],"curies":[{"name":"wp","href":"https:\/\/api.w.org\/{rel}","templated":true}]}}