{"id":60161,"date":"2020-02-06T13:00:07","date_gmt":"2020-02-06T19:00:07","guid":{"rendered":"http:\/\/www.eloriente.net\/home\/?p=60161"},"modified":"2021-06-03T12:56:24","modified_gmt":"2021-06-03T18:56:24","slug":"max-sanz-artista-de-oaxaca","status":"publish","type":"post","link":"http:\/\/www.eloriente.net\/home\/2020\/02\/06\/max-sanz-artista-de-oaxaca\/","title":{"rendered":"Max Sanz: Artista de Oaxaca"},"content":{"rendered":"<p><center><script async src=\"https:\/\/pagead2.googlesyndication.com\/pagead\/js\/adsbygoogle.js\"><\/script><br \/>\n<!-- BANNER ELORIENTE INCRUSTADO NOTAS --><br \/>\n<ins class=\"adsbygoogle\" style=\"display: inline-block; width: 300px; height: 250px;\" data-ad-client=\"ca-pub-1136171134853753\" data-ad-slot=\"7974633627\"><\/ins><br \/>\n<script>\n     (adsbygoogle = window.adsbygoogle || []).push({});\n<\/script><center>\u00a0<\/center><\/center>Es verdad que en los \u00faltimos d\u00edas, numerosos medios de comunicaci\u00f3n e instituciones han puesto en el gran lugar que se merece al artista pl\u00e1stico de Oaxaca, Max Sanz.<\/p>\n<p>Lo han hecho, porque se acerca la Feria Internacional de Arte \u00abArt Capita\u00bb, en Par\u00eds \u2014celebrada en el Grand Palais\u2014, y all\u00ed el pintor presentar\u00e1 dos importantes obras: Amores que miran adentro y Buena Suerte.<\/p>\n<p>Ambas, presentadas a continuaci\u00f3n por ELORIENTE.NET:<\/p>\n<h3>Amores que miran adentro<\/h3>\n<figure id=\"attachment_60162\" aria-describedby=\"caption-attachment-60162\" style=\"width: 450px\" class=\"wp-caption aligncenter\"><a href=\"http:\/\/www.eloriente.net\/home\/wp-content\/uploads\/2020\/02\/Obra-Amores-que-miran-adentro-obra-Paris-Final-2.jpg\"><img loading=\"lazy\" decoding=\"async\" class=\" wp-image-60162\" src=\"http:\/\/www.eloriente.net\/home\/wp-content\/uploads\/2020\/02\/Obra-Amores-que-miran-adentro-obra-Paris-Final-2.jpg\" alt=\"\" width=\"450\" height=\"631\" srcset=\"http:\/\/www.eloriente.net\/home\/wp-content\/uploads\/2020\/02\/Obra-Amores-que-miran-adentro-obra-Paris-Final-2.jpg 2415w, http:\/\/www.eloriente.net\/home\/wp-content\/uploads\/2020\/02\/Obra-Amores-que-miran-adentro-obra-Paris-Final-2-214x300.jpg 214w, http:\/\/www.eloriente.net\/home\/wp-content\/uploads\/2020\/02\/Obra-Amores-que-miran-adentro-obra-Paris-Final-2-768x1078.jpg 768w, http:\/\/www.eloriente.net\/home\/wp-content\/uploads\/2020\/02\/Obra-Amores-que-miran-adentro-obra-Paris-Final-2-729x1024.jpg 729w, http:\/\/www.eloriente.net\/home\/wp-content\/uploads\/2020\/02\/Obra-Amores-que-miran-adentro-obra-Paris-Final-2-696x977.jpg 696w, http:\/\/www.eloriente.net\/home\/wp-content\/uploads\/2020\/02\/Obra-Amores-que-miran-adentro-obra-Paris-Final-2-1068x1499.jpg 1068w, http:\/\/www.eloriente.net\/home\/wp-content\/uploads\/2020\/02\/Obra-Amores-que-miran-adentro-obra-Paris-Final-2-299x420.jpg 299w, http:\/\/www.eloriente.net\/home\/wp-content\/uploads\/2020\/02\/Obra-Amores-que-miran-adentro-obra-Paris-Final-2-600x842.jpg 600w\" sizes=\"(max-width: 450px) 100vw, 450px\" \/><\/a><figcaption id=\"caption-attachment-60162\" class=\"wp-caption-text\">Obra Amores que miran adentro, MAX SANZ<\/figcaption><\/figure>\n<p>Mixta sobre Papel. 100cm. x 70cm.<\/p>\n<h3>Buena suerte<\/h3>\n<figure id=\"attachment_60163\" aria-describedby=\"caption-attachment-60163\" style=\"width: 449px\" class=\"wp-caption aligncenter\"><a href=\"http:\/\/www.eloriente.net\/home\/wp-content\/uploads\/2020\/02\/Obra-Buena-suerte-obra-Paris-Final.jpg\"><img loading=\"lazy\" decoding=\"async\" class=\" wp-image-60163\" src=\"http:\/\/www.eloriente.net\/home\/wp-content\/uploads\/2020\/02\/Obra-Buena-suerte-obra-Paris-Final.jpg\" alt=\"\" width=\"449\" height=\"366\" srcset=\"http:\/\/www.eloriente.net\/home\/wp-content\/uploads\/2020\/02\/Obra-Buena-suerte-obra-Paris-Final.jpg 2345w, http:\/\/www.eloriente.net\/home\/wp-content\/uploads\/2020\/02\/Obra-Buena-suerte-obra-Paris-Final-300x244.jpg 300w, http:\/\/www.eloriente.net\/home\/wp-content\/uploads\/2020\/02\/Obra-Buena-suerte-obra-Paris-Final-768x626.jpg 768w, http:\/\/www.eloriente.net\/home\/wp-content\/uploads\/2020\/02\/Obra-Buena-suerte-obra-Paris-Final-1024x834.jpg 1024w, http:\/\/www.eloriente.net\/home\/wp-content\/uploads\/2020\/02\/Obra-Buena-suerte-obra-Paris-Final-696x567.jpg 696w, http:\/\/www.eloriente.net\/home\/wp-content\/uploads\/2020\/02\/Obra-Buena-suerte-obra-Paris-Final-1068x870.jpg 1068w, http:\/\/www.eloriente.net\/home\/wp-content\/uploads\/2020\/02\/Obra-Buena-suerte-obra-Paris-Final-515x420.jpg 515w, http:\/\/www.eloriente.net\/home\/wp-content\/uploads\/2020\/02\/Obra-Buena-suerte-obra-Paris-Final-600x489.jpg 600w\" sizes=\"(max-width: 449px) 100vw, 449px\" \/><\/a><figcaption id=\"caption-attachment-60163\" class=\"wp-caption-text\">Buena Suerte, MAX SANZ, eloriente.net<\/figcaption><\/figure>\n<p>Mixta sobre papel, 25cm. x 20cm.<\/p>\n<h3>Max Sanz trayectoria<\/h3>\n<p>Nace un 24 de abril de 1992 en una comunidad de la Sierra Norte del Estado de Oaxaca, M\u00e9xico; desde muy ni\u00f1o mostr\u00f3 un gusto por lo que ser\u00eda su pasi\u00f3n: las artes pl\u00e1sticas.<\/p>\n<p>A la edad de 12 a\u00f1os ingres\u00f3 al Taller \u201cRufino Tamayo\u201d en la ciudad de Oaxaca, gracias al apoyo decidido del entonces director el Maestro <a href=\"http:\/\/www.eloriente.net\/home\/2013\/01\/01\/homenaje-a-juan-alcazar\/\" target=\"_blank\" rel=\"noopener\">Juan Alc\u00e1zar<\/a>.<\/p>\n<p>Es ah\u00ed en donde conoce al Maestro Marco Palma quien lo inicia en la escultura y posteriormente es el Maestro Barry Head quien le ense\u00f1a pintura, a lo largo de su formaci\u00f3n profesional ha tenido la fortuna de contar con distintos maestros, pero quienes impactaron m\u00e1s en \u00e9l son tres, el Maestro Barry Head, la Maestra Marie Jos\u00e9 Lav\u00edn y el Maestro Francisco Castro Le\u00f1ero.<\/p>\n<p>A la par de este aprendizaje de manera particular con sus maestros, toma distintos talleres en Centro de las Artes de San Agust\u00edn, Etla, tales como: Taller de dise\u00f1o de cartel impartido por el maestro Leonel Sagahon; Taller de punta seca impartido por el Maestro Fernando Sandoval; Taller Cr\u00edtico de producci\u00f3n impartido por el maestro Francisco Castro Le\u00f1ero y Taller de escultura de peque\u00f1o y mediano formato impartido por la Maestra Mar\u00eda Jos\u00e9 Lav\u00edn Moroto.<\/p>\n<p>Estudia el Bachillerato en Artes y Humanidades en el CEDART \u201cMiguel Cabrera\u00bb y posteriormente estudia la Licenciatura en Artes Pl\u00e1sticas en el Universitario Bauhaus de la Ciudad de Puebla de donde es egresado.<\/p>\n<p><script async src=\"https:\/\/pagead2.googlesyndication.com\/pagead\/js\/adsbygoogle.js\"><\/script><br \/>\n<ins class=\"adsbygoogle\" style=\"display: block; text-align: center;\" data-ad-layout=\"in-article\" data-ad-format=\"fluid\" data-ad-client=\"ca-pub-1136171134853753\" data-ad-slot=\"5545504441\"><\/ins><br \/>\n<script>\n     (adsbygoogle = window.adsbygoogle || []).push({});\n<\/script>Ha expuesto de manera individual desde el a\u00f1o 2010 a la fecha y sus exposiciones son: \u201cEntre Apolo y Dionisio\u201d en el Mupal; \u201cRojo Circo\u201d en la Galer\u00eda Monte Alb\u00e1n de la Casa de la Cultura Oaxaque\u00f1a; \u201cSue\u00f1os y mentir del circo\u201d en el H. Congreso de la Uni\u00f3n en la ciudad de M\u00e9xico; \u201cCirco Urbano\u201d en la Galer\u00eda Plaza de las Estrellas en la ciudad de M\u00e9xico; \u201cMilagros de circo\u201d en la estaci\u00f3n del metro Pino Suarez en la ciudad de M\u00e9xico; \u201cPresencias\u201d en el H. Ayuntamiento de Huixquilucan, Estado de M\u00e9xico; \u201cC\u00f3digos y signos\u201d en Oaxaca Taller espacio alternativo; \u201cEl olor a color no se me quita de los ojos\u201d en Torre Mayor del Distrito Federal; \u201cLos santos\u201d, en la CANACO Oaxaca; \u201cMezcalomaquia\u201d en el H. Congreso del Estado de Oaxaca; \u201cLas puertas de Marruecos\u201d mezzanine de la Asamblea Legislativa del Distrito Federal; \u201cCartas a Don Porfirio\u201d en la Casa de la Cultura Jur\u00eddica de la Suprema Corte de Justicia de la Naci\u00f3n-Oaxaca; \u201cEl \u00faltimo acto\u201d en la Galer\u00eda Carlos &amp; Albert en Oaxaca; \u201cSobreviviendo a Max Sanz\u201d en el Museo de la ciudad de Veracruz; \u201cTextiles\u201d en la Galer\u00eda El cuadro en la ciudad de Quer\u00e9taro; y \u201cLa flota de la armada invencible\u201d sala Rufino Tamayo de la Casa de la Cultura Oaxaque\u00f1a.<\/p>\n<p>Cuenta con exposiciones individuales internacionales las cuales son: \u201cBurgueses rojos\u201d en la galer\u00eda \u201cThe Hangar Gallery\u201d en Miami, Florida EEUU; y \u201cLa Nao de China\u201d organizada y gestionada por el Consulado General de M\u00e9xico en Guangzhou present\u00e1ndose de manera itinerante durante los a\u00f1os 2014 y 2015 en: Museo de Arte de Guangzhou-China, Centro Cultural Haicang en la ciudad de Xiamen-China, en la Galer\u00eda C1 Gallery Redtory-Guangzhou-China, Centro Cultural Bandao de la ciudad de Sanya-China, \u201cMezcalomaquia el \u00faltimo trago\u201d en el Centro Cultural Casa Mexic en Barcelona Espa\u00f1a, \u201cTierra Roja\u201d en el Centro Cultural Maisson de M.A.I. en Paris-Francia, \u201cEl mar de los enamorados en el Centro Cultural Casa Mexic en Barcelona Espa\u00f1a.<\/p>\n<p><script async src=\"https:\/\/pagead2.googlesyndication.com\/pagead\/js\/adsbygoogle.js\"><\/script><br \/>\n<ins class=\"adsbygoogle\" style=\"display: block; text-align: center;\" data-ad-layout=\"in-article\" data-ad-format=\"fluid\" data-ad-client=\"ca-pub-1136171134853753\" data-ad-slot=\"5545504441\"><\/ins><br \/>\n<script>\n     (adsbygoogle = window.adsbygoogle || []).push({});\n<\/script><\/p>\n<h3>La Nao de China<\/h3>\n<p>Por su duraci\u00f3n \u201cLa Nao de China\u201d organizada y gestionada por el Consulado General de M\u00e9xico en Guangzhou, es una de las m\u00e1s importantes Exposiciones de Max Sanz, ya que logr\u00f3 m\u00e1s de 31 mil visitas.<\/p>\n<p>Respecto a esta exposici\u00f3n el C\u00f3nsul General de M\u00e9xico David N\u00e1jera en la primavera del 2014 escribi\u00f3: \u201c\u2026Cuando Max Sanz pens\u00f3 en este viaje consider\u00f3 qu\u00e9 mercanc\u00eda llevar\u00eda, que productos mostrar\u00eda a los ojos asi\u00e1ticos de la otra ribera del Pacifico. La colecci\u00f3n de animales fant\u00e1sticos y de colores plenos es el desfile de sensaciones que pueblan los sue\u00f1os despiertos de<\/p>\n<p>\u00abMax quien ahora, generoso, los comparte con nosotros. Proveniente de una tierra prodiga en creadores, Oaxaca, no oculta la influencia de otros artistas y otras generaciones y sin embargo, en su joven trayectoria construye ya para s\u00ed una escuela propia. La vitalidad de su paleta de colores y el recurso de t\u00e9cnicas mixtas y nuevas tecnolog\u00edas hacen pensar que su obra crecer\u00e1 m\u00e1s en diversidad de recursos a partir de una fuerte simiente, la de su sensibilidad y complejidad cultural. A partir de sus herencias est\u00e9ticas y su s\u00f3lida formaci\u00f3n acad\u00e9mica, Sanz desembarca en China con una Nao llena de sugerencias e invitaciones, viajan en su barco los productos culturales de su imaginaci\u00f3n y de la mirada en el horizonte de un viajero de otros siglos que descubre, que establece rutas y que seduce y divierte a los espectadores. Bienvenidos a bordo de la \u201cnao de China\u201d\u2026\u201d<\/p>\n<h3>Espa\u00f1a<\/h3>\n<p>Ha expuesto de forma individual en la comunidad auton\u00f3mica de Zaragoza, Espa\u00f1a, desde el 2016 a la fecha en diferentes centros culturales como: El Centro Cultural Santa Isabel, La Sala de Arte Joven Antonio Saura del Consejo de la Juventud, El centro Cultural CUBIT, y en paralelo realiz\u00f3 en el 2018 a iniciatativa del gobierno de Zaragoza su primer mural fuera del pa\u00eds, configur\u00e1ndose como su primera obra p\u00fablica en el extranjero.<\/p>\n<p><script async src=\"https:\/\/pagead2.googlesyndication.com\/pagead\/js\/adsbygoogle.js\"><\/script><br \/>\n<ins class=\"adsbygoogle\" style=\"display: block; text-align: center;\" data-ad-layout=\"in-article\" data-ad-format=\"fluid\" data-ad-client=\"ca-pub-1136171134853753\" data-ad-slot=\"5545504441\"><\/ins><br \/>\n<script>\n     (adsbygoogle = window.adsbygoogle || []).push({});\n<\/script><\/p>\n<h3>Su taller<\/h3>\n<p>El taller de Max Sanz est\u00e1 ubicado en pleno coraz\u00f3n de la ciudad de Oaxaca.<\/p>\n<p>De hecho, no el \u00fanico artista que lo mantiene abierto para que propios, turistas y conocedores del arte lo visiten. En el video especial preparado para esta edici\u00f3n de ELORIENTE.NET, Sanz explica las razones por las cuales le gusta recibir a las personas en este espacio, que conjuga su personalidad, su arte y su visi\u00f3n del mundo.<\/p>\n<p>El taller de Sanz puede recibirte, previa cita. Si requieres m\u00e1s datos o informes sobre ello, escribe a direccioneditorial@eloriente.net o env\u00eda mensaje v\u00eda Facebook dando click <a href=\"https:\/\/www.facebook.com\/eloriente.net\/\" target=\"_blank\" rel=\"noopener\">AQU\u00cd.<\/a><\/p>\n<h3>M\u00e1s videos en el Canal de Youtube de El Oriente<\/h3>\n<p><iframe loading=\"lazy\" title=\"YouTube video player\" src=\"https:\/\/www.youtube.com\/embed\/C5w6ePdwtRM\" width=\"560\" height=\"315\" frameborder=\"0\" allowfullscreen=\"allowfullscreen\"><\/iframe><\/p>\n<p><script async src=\"https:\/\/pagead2.googlesyndication.com\/pagead\/js\/adsbygoogle.js\"><\/script><br \/>\n<ins class=\"adsbygoogle\" style=\"display: block;\" data-ad-format=\"autorelaxed\" data-ad-client=\"ca-pub-1136171134853753\" data-ad-slot=\"4595267748\"><\/ins><br \/>\n<script>\n     (adsbygoogle = window.adsbygoogle || []).push({});\n<\/script><\/p>\n\n\t\t\t  <div \n\t\t\t  \tclass = \"fb-comments\" \n\t\t\t  \tdata-href = \"http:\/\/www.eloriente.net\/home\/2020\/02\/06\/max-sanz-artista-de-oaxaca\/\"\n\t\t\t  \tdata-numposts = \"10\"\n\t\t\t\tdata-colorscheme = \"dark\"\n\t\t\t\tdata-order-by = \"social\"\n\t\t\t\tdata-mobile=true>\n\t\t\t  <\/div>\n\t\t  <style>\n\t\t\t.fb_iframe_widget_fluid_desktop iframe {\n\t\t\t    width: 100% !important;\n\t\t\t}\n\t\t  <\/style>\n\t\t  ","protected":false},"excerpt":{"rendered":"<p>\u00a0Es verdad que en los \u00faltimos d\u00edas, numerosos medios de comunicaci\u00f3n e instituciones han puesto en el gran lugar que se merece al artista pl\u00e1stico de Oaxaca, Max Sanz. Lo han hecho, porque se acerca la Feria Internacional de Arte \u00abArt Capita\u00bb, en Par\u00eds \u2014celebrada en el Grand Palais\u2014, y all\u00ed el pintor presentar\u00e1 dos [&hellip;]<\/p>\n","protected":false},"author":57,"featured_media":60193,"comment_status":"open","ping_status":"open","sticky":false,"template":"","format":"video","meta":{"_jetpack_memberships_contains_paid_content":false,"footnotes":""},"categories":[8,6,18,32,63,10504,10,464,12,19],"tags":[8907,800,4024,73,3275],"class_list":["post-60161","post","type-post","status-publish","format-video","has-post-thumbnail","hentry","category-agenda","category-canal-4-especiales","category-educacion-y-cultura","category-entradas","category-estados","category-las-ultimas-12","category-lo-mas-reciente","category-oaxaca-estados","category-todo-oaxaca-radio","category-turismo-y-negocios","tag-artistas-de-oaxaca","tag-exposiciones","tag-max-sanz","tag-oaxaca","tag-paris","post_format-post-format-video"],"jetpack_featured_media_url":"http:\/\/www.eloriente.net\/home\/wp-content\/uploads\/2020\/02\/maxresdefault-2.jpg","jetpack_sharing_enabled":true,"_links":{"self":[{"href":"http:\/\/www.eloriente.net\/home\/wp-json\/wp\/v2\/posts\/60161"}],"collection":[{"href":"http:\/\/www.eloriente.net\/home\/wp-json\/wp\/v2\/posts"}],"about":[{"href":"http:\/\/www.eloriente.net\/home\/wp-json\/wp\/v2\/types\/post"}],"author":[{"embeddable":true,"href":"http:\/\/www.eloriente.net\/home\/wp-json\/wp\/v2\/users\/57"}],"replies":[{"embeddable":true,"href":"http:\/\/www.eloriente.net\/home\/wp-json\/wp\/v2\/comments?post=60161"}],"version-history":[{"count":2,"href":"http:\/\/www.eloriente.net\/home\/wp-json\/wp\/v2\/posts\/60161\/revisions"}],"predecessor-version":[{"id":64574,"href":"http:\/\/www.eloriente.net\/home\/wp-json\/wp\/v2\/posts\/60161\/revisions\/64574"}],"wp:featuredmedia":[{"embeddable":true,"href":"http:\/\/www.eloriente.net\/home\/wp-json\/wp\/v2\/media\/60193"}],"wp:attachment":[{"href":"http:\/\/www.eloriente.net\/home\/wp-json\/wp\/v2\/media?parent=60161"}],"wp:term":[{"taxonomy":"category","embeddable":true,"href":"http:\/\/www.eloriente.net\/home\/wp-json\/wp\/v2\/categories?post=60161"},{"taxonomy":"post_tag","embeddable":true,"href":"http:\/\/www.eloriente.net\/home\/wp-json\/wp\/v2\/tags?post=60161"}],"curies":[{"name":"wp","href":"https:\/\/api.w.org\/{rel}","templated":true}]}}