{"id":60190,"date":"2020-02-10T09:29:50","date_gmt":"2020-02-10T15:29:50","guid":{"rendered":"http:\/\/www.eloriente.net\/home\/?p=60190"},"modified":"2020-02-10T20:35:57","modified_gmt":"2020-02-11T02:35:57","slug":"jose-lagunas-mexicano-en-el-artico","status":"publish","type":"post","link":"http:\/\/www.eloriente.net\/home\/2020\/02\/10\/jose-lagunas-mexicano-en-el-artico\/","title":{"rendered":"Jos\u00e9 Lagunas, mexicano en el \u00c1rtico"},"content":{"rendered":"<p style=\"text-align: right;\"><em>Por:\u00a0<a href=\"https:\/\/noticias.canal22.org.mx\/\" target=\"_blank\" rel=\"noopener\">N22<\/a>\/Karen Rivera<\/em><\/p>\n<p>Para Jos\u00e9 Lagunas todas las ma\u00f1anas son una aventura extrema. Despu\u00e9s de realizar ejercicios de estiramiento, un t\u00e9 de jengibre con romero y chile en polvo es su mejor remedio para tolerar los 22 grados bajo cero de un d\u00eda fr\u00edo en el \u00c1rtico canadiense.<\/p>\n<p>Su uniforme laboral requiere varias capas de prendas, ropa interior de cuerpo completo, pantalones de nieve, abrigo para temperaturas bajas, calcetas de lana, botas sumergibles, guantes, pasamonta\u00f1as, gorro y lentes de Sol. Su vestimenta exterior debe ser impermeable y la interior de fibras que no atrapen la humedad.<\/p>\n<div class=\"wp-block-image\">\n<figure class=\"aligncenter size-large\">\n<p><figure id=\"attachment_45687\" aria-describedby=\"caption-attachment-45687\" style=\"width: 500px\" class=\"wp-caption aligncenter\"><img loading=\"lazy\" decoding=\"async\" class=\" td-modal-image wp-image-45687\" src=\"https:\/\/noticias.canal22.org.mx\/wp-content\/uploads\/2020\/02\/1.jpg\" alt=\"\" width=\"500\" height=\"350\" \/><figcaption id=\"caption-attachment-45687\" class=\"wp-caption-text\">Jos\u00e9 Lagunas, Mexicano en el \u00c1rtico, Noticias 22 1<\/figcaption><\/figure><\/figure>\n<\/div>\n<p>Originario del Puerto de Veracruz, es curioso pensar que, despu\u00e9s de luchar contra las temperaturas altas de la costa del Golfo de M\u00e9xico, ahora se cubra del hielo. Lagunas trabaja desde el 2013 en el laboratorio Takuvik de la Universidad Laval, en Quebec, Canad\u00e1. Un centro de exploraci\u00f3n formado por el Consejo Nacional de Investigaci\u00f3n Cient\u00edfica de Francia (CNRS) y la C\u00e1tedra de Excelencia en la Teledetecci\u00f3n de la nueva Frontera \u00c1rtica Canadiense (Canad\u00e1). Ocupa el puesto de ingeniero en investigaci\u00f3n, nivel III y su misi\u00f3n es dise\u00f1ar y desarrollar robots para oc\u00e9anos polares que permitan estudiar los impactos clim\u00e1ticos provocados por el ser humano.<\/p>\n<p>Participa en numerosas misiones a bordo del rompehielos cient\u00edfico canadiense Amundsen y en expediciones cient\u00edficas sobre la banquisa (hielo marino). \u00abDurante la \u00faltima d\u00e9cada, la rob\u00f3tica marina se ha posicionado como una tecnolog\u00eda madura en la caracterizaci\u00f3n de los oc\u00e9anos, de manera espec\u00edfica, los veh\u00edculos aut\u00f3nomos submarinos (AUVs por sus siglas en ingl\u00e9s)\u00bb, asegura el cient\u00edfico mexicano. Son precisamente estas nuevas formas de investigaci\u00f3n submarina las que hacen especial su trabajo en el estudio del \u00c1rtico.<\/p>\n<p><script async src=\"https:\/\/pagead2.googlesyndication.com\/pagead\/js\/adsbygoogle.js\"><\/script><br \/>\n<ins class=\"adsbygoogle\" style=\"display: block; text-align: center;\" data-ad-layout=\"in-article\" data-ad-format=\"fluid\" data-ad-client=\"ca-pub-1136171134853753\" data-ad-slot=\"5545504441\"><\/ins><br \/>\n<script>\n     (adsbygoogle = window.adsbygoogle || []).push({});\n<\/script><\/p>\n<div class=\"wp-block-image\">\n<figure class=\"aligncenter size-large\">\n<p><figure id=\"attachment_45688\" aria-describedby=\"caption-attachment-45688\" style=\"width: 500px\" class=\"wp-caption aligncenter\"><img loading=\"lazy\" decoding=\"async\" class=\" td-modal-image wp-image-45688\" src=\"https:\/\/noticias.canal22.org.mx\/wp-content\/uploads\/2020\/02\/2.jpg\" alt=\"\" width=\"500\" height=\"357\" \/><figcaption id=\"caption-attachment-45688\" class=\"wp-caption-text\">Jos\u00e9 Lagunas, Mexicano en el \u00c1rtico, Noticias 22 2<\/figcaption><\/figure><\/figure>\n<\/div>\n<h4><strong>\u00bfQu\u00e9 son las plataformas submarinas aut\u00f3nomas y c\u00f3mo funcionan?<\/strong><\/h4>\n<p>Los estudios oceanogr\u00e1ficos en el \u00c1rtico son operaciones que requieren una log\u00edstica precisa, recursos financieros amplios y estables. El buque oceanogr\u00e1fico es un elemento clave para estos estudios. Desde esta plataforma se realiza la ciencia que hace posible aumentar nuestra comprensi\u00f3n de los oc\u00e9anos y de la vida en este planeta. En el oc\u00e9ano \u00c1rtico (y en la Ant\u00e1rtica), el hielo de mar hace imposible la navegaci\u00f3n. S\u00f3lo los rompehielos pueden abrir su camino en la banquisa.<\/p>\n<p>Estos robots se desplazan por cuenta propia en los oc\u00e9anos. Pueden ser controlados desde una embarcaci\u00f3n o desde una base terrestre y son capaces de cubrir un volumen oce\u00e1nico considerable. Su uso requiere menos recursos que un buque oceanogr\u00e1fico y los datos obtenidos son igualmente valiosos, m\u00e1s numerosos y menos costosos. Es una tecnolog\u00eda que complementa el esfuerzo hecho a bordo de las embarcaciones oceanogr\u00e1ficas y potencializa el monitoreo global de los mares.<\/p>\n<p>El \u00c1rtico es considerado el escenario principal del cambio clim\u00e1tico en el norte, porque los efectos son m\u00e1s notorios, r\u00e1pidos e intensos. Un ejemplo, es la p\u00e9rdida acelerada del hielo marino durante el verano, lo que modifica la temperatura del agua, las condiciones de luz y la cadena alimenticia.<\/p>\n<p>Trabajar en este sitio requiere conocimiento del tiempo y el espacio. Las operaciones se realizan durante el verano y parte del oto\u00f1o, porque son las temporadas en las que la temperatura aumenta, el hielo cede, y la luz regresa, esto \u00faltimo es fundamental, si se recuerda que la noche \u00e1rtica tiene m\u00e1s de 18 horas de oscuridad por d\u00eda.<\/p>\n<p>Entre los objetivos principales de trabajar con AUVs se encuentran, comprender el impacto de la proliferaci\u00f3n del fitoplancton (organismos acu\u00e1ticos con capacidad fotosint\u00e9tica que viven dispersos en el agua) en la primavera \u00e1rtica.<\/p>\n<div class=\"wp-block-image\">\n<figure class=\"aligncenter size-large\">\n<p><figure id=\"attachment_45689\" aria-describedby=\"caption-attachment-45689\" style=\"width: 500px\" class=\"wp-caption aligncenter\"><img loading=\"lazy\" decoding=\"async\" class=\"wp-image-45689\" src=\"https:\/\/noticias.canal22.org.mx\/wp-content\/uploads\/2020\/02\/7.jpg\" alt=\"\" width=\"500\" height=\"353\" \/><figcaption id=\"caption-attachment-45689\" class=\"wp-caption-text\">Jos\u00e9 Lagunas, Mexicano en el \u00c1rtico, Noticias 22 3<\/figcaption><\/figure><\/figure>\n<\/div>\n<h4><strong>\u00bfPor qu\u00e9 enfocarse en las comunidades biol\u00f3gicas que emiten luz y que forman parte de la cadena alimenticia?<\/strong><\/h4>\n<p>En la primavera, cuando la noche \u00e1rtica llega a su fin, la temperatura aumenta, la nieve se derrite, la banquisa pierde presencia y se forman estanques de agua fresca en su superficie debido al deshielo. Estas condiciones permiten el paso de la luz solar hacia el interior del oc\u00e9ano y es entonces cuando el fitoplancton recomienza el proceso de fotos\u00edntesis pausado durante el invierno. La luz y la vida van de la mano.<\/p>\n<p>El fitoplancton es primordial en esta regi\u00f3n: se encuentra al inicio de la cadena alimenticia y controla el ritmo de los organismos vivos. El esfuerzo de Takuvik se concentra en comprender el impacto de la proliferaci\u00f3n del fitoplancton en la primavera \u00e1rtica, bajo las nuevas condiciones de luz en el oc\u00e9ano, derivadas de la disminuci\u00f3n en la superficie de la banquisa.<\/p>\n<p>Una proliferaci\u00f3n de fitoplancton no es muy diferente a una proliferaci\u00f3n de macroalgas, como lo es el sargazo. Los fen\u00f3menos que se han observado recientemente en el mar Caribe pueden ser mejor comprendidos y anticipados utilizando una metodolog\u00eda similar.<\/p>\n<p>Lagunas es piloto de dos tipos de AUVs, los flotadores biogeoqu\u00edmicos de la red Argo y el submarino aut\u00f3nomo Hugin-1000, del cual tambi\u00e9n es coordinador cient\u00edfico, este \u00faltimo es impulsado por una h\u00e9lice capaz de descender hasta 3 mil metros bajo el agua. Contrario a los buques de investigaci\u00f3n, la tecnolog\u00eda de los robots marinos permite que las operaciones de muestreo no se interrumpan por la presencia de hielo, ni por la noche \u00e1rtica.<\/p>\n<div class=\"wp-block-image\">\n<figure class=\"aligncenter size-large\">\n<p><figure id=\"attachment_45690\" aria-describedby=\"caption-attachment-45690\" style=\"width: 499px\" class=\"wp-caption aligncenter\"><img loading=\"lazy\" decoding=\"async\" class=\" td-modal-image wp-image-45690\" src=\"https:\/\/noticias.canal22.org.mx\/wp-content\/uploads\/2020\/02\/5.jpg\" alt=\"\" width=\"499\" height=\"353\" \/><figcaption id=\"caption-attachment-45690\" class=\"wp-caption-text\">Jos\u00e9 Lagunas, Mexicano en el \u00c1rtico, Noticias 22 4<\/figcaption><\/figure><\/figure>\n<\/div>\n<h4><strong>\u00bfCu\u00e1les son los principales cambios que experimenta el Oc\u00e9ano \u00c1rtico?<\/strong><\/h4>\n<p>La comunidad cient\u00edfica concuerda en los siguientes cambios sist\u00e9micos: la p\u00e9rdida de hielo de mar en verano, cambios en la circulaci\u00f3n oce\u00e1nica, acidificaci\u00f3n, p\u00e9rdida o derretimiento de los glaciares de Groenlandia, he visto los efectos personalmente, y el deshielo de la capa del suelo que permanece congelado.<\/p>\n<p>Dentro de los cambios biol\u00f3gicos se puede esperar lo siguiente: perturbaciones en la cadena tr\u00f3fica, el desplazamiento o disminuci\u00f3n de la flora y faunas locales y el reemplazo de especies locales debido a la invasi\u00f3n de especies del sur. El oc\u00e9ano \u00c1rtico tambi\u00e9n experimentar\u00e1 cambios sociales, econ\u00f3micos y de seguridad, como el desplazamiento de los habitantes originarios la cultura inuit, el incremento en la densidad demogr\u00e1fica debido al aumento del tr\u00e1fico mar\u00edtimo, el aumento en la explotaci\u00f3n mineral y de hidrocarburos y, tal vez, hasta le redefinici\u00f3n de las fronteras actuales. Los principales pa\u00edses interesados y cuyas fronteras est\u00e1n o van m\u00e1s all\u00e1 del c\u00edrculo \u00e1rtico son: Canad\u00e1, Dinamarca, Finlandia, Islandia, Noruega, Rusia, Suecia y EEUU; China ha demostrado de manera insistente un inter\u00e9s econ\u00f3mico en la regi\u00f3n.<\/p>\n<h4><script async src=\"https:\/\/pagead2.googlesyndication.com\/pagead\/js\/adsbygoogle.js\"><\/script><br \/>\n<ins class=\"adsbygoogle\" style=\"display: block; text-align: center;\" data-ad-layout=\"in-article\" data-ad-format=\"fluid\" data-ad-client=\"ca-pub-1136171134853753\" data-ad-slot=\"5545504441\"><\/ins><br \/>\n<script>\n     (adsbygoogle = window.adsbygoogle || []).push({});\n<\/script>\u00a0<strong>\u00bfQu\u00e9 representa para ti, como mexicano, hacer ciencia en beneficio de la humanidad?<\/strong><\/h4>\n<p>La rob\u00f3tica y los sistemas de comunicaciones en el medio submarino presentan dificultades \u00fanicas y a decir verdad me siento muy bien haciendo ciencia en la intemperie. Creo que describir el trabajo que se lleva a cabo durante las misiones oceanogr\u00e1ficas en el \u00c1rtico es una muy buena idea. La banquisa, la fauna marina, los riesgos, la organizaci\u00f3n para disminuirlos, lo inesperado \u2014que es tanto\u2014, los inuit que son una cultura valiente, el equipo del cual eres parte, el fr\u00edo. En el futuro, me gustar\u00eda participar en el desarrollo de la rob\u00f3tica submarina de mi pa\u00eds, tal vez, en el Puerto de Veracruz.<\/p>\n<div class=\"wp-block-image\">\n<figure class=\"aligncenter size-large\">\n<p><figure id=\"attachment_45691\" aria-describedby=\"caption-attachment-45691\" style=\"width: 501px\" class=\"wp-caption aligncenter\"><img loading=\"lazy\" decoding=\"async\" class=\" td-modal-image wp-image-45691\" src=\"https:\/\/noticias.canal22.org.mx\/wp-content\/uploads\/2020\/02\/6.jpg\" alt=\"\" width=\"501\" height=\"250\" \/><figcaption id=\"caption-attachment-45691\" class=\"wp-caption-text\">Jos\u00e9 Lagunas, Mexicano en el \u00c1rtico, Noticias 22 5<\/figcaption><\/figure><\/figure>\n<\/div>\n<p>Todas las im\u00e1genes cortes\u00eda de Jos\u00e9 Lagunas<\/p>\n\n\t\t\t  <div \n\t\t\t  \tclass = \"fb-comments\" \n\t\t\t  \tdata-href = \"http:\/\/www.eloriente.net\/home\/2020\/02\/10\/jose-lagunas-mexicano-en-el-artico\/\"\n\t\t\t  \tdata-numposts = \"10\"\n\t\t\t\tdata-colorscheme = \"dark\"\n\t\t\t\tdata-order-by = \"social\"\n\t\t\t\tdata-mobile=true>\n\t\t\t  <\/div>\n\t\t  <style>\n\t\t\t.fb_iframe_widget_fluid_desktop iframe {\n\t\t\t    width: 100% !important;\n\t\t\t}\n\t\t  <\/style>\n\t\t  ","protected":false},"excerpt":{"rendered":"<p>Por:\u00a0N22\/Karen Rivera Para Jos\u00e9 Lagunas todas las ma\u00f1anas son una aventura extrema. Despu\u00e9s de realizar ejercicios de estiramiento, un t\u00e9 de jengibre con romero y chile en polvo es su mejor remedio para tolerar los 22 grados bajo cero de un d\u00eda fr\u00edo en el \u00c1rtico canadiense. Su uniforme laboral requiere varias capas de prendas, [&hellip;]<\/p>\n","protected":false},"author":57,"featured_media":60192,"comment_status":"open","ping_status":"open","sticky":false,"template":"","format":"standard","meta":{"_jetpack_memberships_contains_paid_content":false,"footnotes":""},"categories":[49,32,13,10504,10,20,24],"tags":[621,11063,956,11064,6770],"class_list":["post-60190","post","type-post","status-publish","format-standard","has-post-thumbnail","hentry","category-destacadas","category-entradas","category-especiales","category-las-ultimas-12","category-lo-mas-reciente","category-medio-ambiente","category-mexico-y-el-mundo","tag-historias","tag-jose-lagunas","tag-medio-ambiente-2","tag-mexicanos-en-el-mundo","tag-n22"],"jetpack_featured_media_url":"http:\/\/www.eloriente.net\/home\/wp-content\/uploads\/2020\/02\/Jose\u0301-Lagunas-N22.jpg","jetpack_sharing_enabled":true,"_links":{"self":[{"href":"http:\/\/www.eloriente.net\/home\/wp-json\/wp\/v2\/posts\/60190"}],"collection":[{"href":"http:\/\/www.eloriente.net\/home\/wp-json\/wp\/v2\/posts"}],"about":[{"href":"http:\/\/www.eloriente.net\/home\/wp-json\/wp\/v2\/types\/post"}],"author":[{"embeddable":true,"href":"http:\/\/www.eloriente.net\/home\/wp-json\/wp\/v2\/users\/57"}],"replies":[{"embeddable":true,"href":"http:\/\/www.eloriente.net\/home\/wp-json\/wp\/v2\/comments?post=60190"}],"version-history":[{"count":1,"href":"http:\/\/www.eloriente.net\/home\/wp-json\/wp\/v2\/posts\/60190\/revisions"}],"predecessor-version":[{"id":60191,"href":"http:\/\/www.eloriente.net\/home\/wp-json\/wp\/v2\/posts\/60190\/revisions\/60191"}],"wp:featuredmedia":[{"embeddable":true,"href":"http:\/\/www.eloriente.net\/home\/wp-json\/wp\/v2\/media\/60192"}],"wp:attachment":[{"href":"http:\/\/www.eloriente.net\/home\/wp-json\/wp\/v2\/media?parent=60190"}],"wp:term":[{"taxonomy":"category","embeddable":true,"href":"http:\/\/www.eloriente.net\/home\/wp-json\/wp\/v2\/categories?post=60190"},{"taxonomy":"post_tag","embeddable":true,"href":"http:\/\/www.eloriente.net\/home\/wp-json\/wp\/v2\/tags?post=60190"}],"curies":[{"name":"wp","href":"https:\/\/api.w.org\/{rel}","templated":true}]}}