{"id":60321,"date":"2020-03-06T11:22:38","date_gmt":"2020-03-06T17:22:38","guid":{"rendered":"http:\/\/www.eloriente.net\/home\/?p=60321"},"modified":"2020-03-06T13:09:49","modified_gmt":"2020-03-06T19:09:49","slug":"fin-de-semana-en-oaxaca-ed-6","status":"publish","type":"post","link":"http:\/\/www.eloriente.net\/home\/2020\/03\/06\/fin-de-semana-en-oaxaca-ed-6\/","title":{"rendered":"Fin de semana en Oaxaca Ed. 6"},"content":{"rendered":"<p style=\"text-align: right;\">Por: Neiel German<\/p>\n<p>Estamos contentos de presentarles la 6\u00aa edici\u00f3n de Fin de semana en Oaxaca. El Oriente te trae los eventos y actividades que puedes disfrutar del 6 al 8 de marzo en la entidad oaxaque\u00f1a.<\/p>\n<h5>Reflejos de la Mujer Oaxaque\u00f1a<\/h5>\n<p>En el marco de la conmemoraci\u00f3n del D\u00eda Internacional de la Mujer, se realizar\u00e1n diversos eventos para dar visibilidad a la importancia que tiene la mujer en la sociedad oaxaque\u00f1a as\u00ed como en la\u00a0difusi\u00f3n de la cultura y el arte en el mundo.<\/p>\n<p>La exposici\u00f3n <a href=\"https:\/\/www.facebook.com\/events\/212306616555042\/\" target=\"_blank\" rel=\"noopener\">\u00abReflejos de la Mujer Oaxaque\u00f1a\u00bb<\/a>\u00a0es presentada por Doris Arellano, reconocida artista que ha participado en\u00a018 exposiciones individuales y 5 colectivas, a nivel nacional e internacional, as\u00ed como Margarita Cancino. La inauguraci\u00f3n ser\u00e1 este 6 de marzo a las 10:00 horas en el Palacio Municipal de Oaxaca de Juarez.<a href=\"http:\/\/www.eloriente.net\/home\/wp-content\/uploads\/2020\/03\/Expo.jpg\"><img loading=\"lazy\" decoding=\"async\" class=\"wp-image-60327 aligncenter\" src=\"http:\/\/www.eloriente.net\/home\/wp-content\/uploads\/2020\/03\/Expo.jpg\" alt=\"\" width=\"549\" height=\"355\" srcset=\"http:\/\/www.eloriente.net\/home\/wp-content\/uploads\/2020\/03\/Expo.jpg 612w, http:\/\/www.eloriente.net\/home\/wp-content\/uploads\/2020\/03\/Expo-300x194.jpg 300w, http:\/\/www.eloriente.net\/home\/wp-content\/uploads\/2020\/03\/Expo-600x388.jpg 600w\" sizes=\"(max-width: 549px) 100vw, 549px\" \/><\/a><\/p>\n<h5 data-testid=\"event-permalink-event-name\"><script async src=\"https:\/\/pagead2.googlesyndication.com\/pagead\/js\/adsbygoogle.js\"><\/script><br \/>\n<ins class=\"adsbygoogle\" style=\"display: block; text-align: center;\" data-ad-layout=\"in-article\" data-ad-format=\"fluid\" data-ad-client=\"ca-pub-1136171134853753\" data-ad-slot=\"5545504441\"><\/ins><br \/>\n<script>\n     (adsbygoogle = window.adsbygoogle || []).push({});\n<\/script><\/h5>\n<h5><a href=\"https:\/\/www.facebook.com\/events\/507413609958763\/\" target=\"_blank\" rel=\"noopener\">Encuentro de Arquitectura ACTO DE PROTESTA<\/a><\/h5>\n<h5 class=\"_5gmx\" data-testid=\"event-permalink-event-name\">Del 6 al 8 de marzo se reunir\u00e1n en Oaxaca las arquitectas m\u00e1s reconocidas de M\u00e9xico para abrir la conversaci\u00f3n mediante conferencias y di\u00e1logos\u00a0sobre la violencia de g\u00e9nero que aqueja al pa\u00eds.<\/h5>\n<h5 class=\"_5gmx\" data-testid=\"event-permalink-event-name\">Los\u00a0conversatorios se concentrar\u00e1n en el Centro Cultural San Pablo y el Teatro Ju\u00e1rez. Los antecedentes e historia de las mujeres participantes se pueden encontrar dando <a href=\"http:\/\/www.eloriente.net\/home\/2020\/03\/05\/grandes-arquitectas-en-oaxaca\/\" target=\"_blank\" rel=\"noopener\">click aqu\u00ed<\/a>.<a href=\"http:\/\/www.eloriente.net\/home\/wp-content\/uploads\/2020\/03\/lasarquis.jpg\"><img loading=\"lazy\" decoding=\"async\" class=\" wp-image-60329 aligncenter\" src=\"http:\/\/www.eloriente.net\/home\/wp-content\/uploads\/2020\/03\/lasarquis.jpg\" alt=\"\" width=\"550\" height=\"514\" srcset=\"http:\/\/www.eloriente.net\/home\/wp-content\/uploads\/2020\/03\/lasarquis.jpg 960w, http:\/\/www.eloriente.net\/home\/wp-content\/uploads\/2020\/03\/lasarquis-300x281.jpg 300w, http:\/\/www.eloriente.net\/home\/wp-content\/uploads\/2020\/03\/lasarquis-768x718.jpg 768w, http:\/\/www.eloriente.net\/home\/wp-content\/uploads\/2020\/03\/lasarquis-696x651.jpg 696w, http:\/\/www.eloriente.net\/home\/wp-content\/uploads\/2020\/03\/lasarquis-449x420.jpg 449w, http:\/\/www.eloriente.net\/home\/wp-content\/uploads\/2020\/03\/lasarquis-600x561.jpg 600w\" sizes=\"(max-width: 550px) 100vw, 550px\" \/><\/a><\/h5>\n<h5>Exposici\u00f3n de mujeres y barro<\/h5>\n<h5>En el Museo Estatal de Arte Popular Oaxaca se llevar\u00e1 a cabo la expo-venta y muestra colectiva <a href=\"https:\/\/www.facebook.com\/events\/618765392280912\/\" target=\"_blank\" rel=\"noopener\">\u201cDe mujeres y barro\u201d<\/a>, en la que se presentar\u00e1n las diferentes t\u00e9cnicas tradicionales sobre barro de los pueblos de San Marcos Tlapazola, Santa Mar\u00eda Atzompa y San Bartolo Coyotepec.<\/h5>\n<h5><a href=\"http:\/\/www.eloriente.net\/home\/wp-content\/uploads\/2020\/03\/mujeres-de-barro.jpg\"><img loading=\"lazy\" decoding=\"async\" class=\"wp-image-60330 aligncenter\" src=\"http:\/\/www.eloriente.net\/home\/wp-content\/uploads\/2020\/03\/mujeres-de-barro.jpg\" alt=\"\" width=\"550\" height=\"550\" srcset=\"http:\/\/www.eloriente.net\/home\/wp-content\/uploads\/2020\/03\/mujeres-de-barro.jpg 960w, http:\/\/www.eloriente.net\/home\/wp-content\/uploads\/2020\/03\/mujeres-de-barro-150x150.jpg 150w, http:\/\/www.eloriente.net\/home\/wp-content\/uploads\/2020\/03\/mujeres-de-barro-300x300.jpg 300w, http:\/\/www.eloriente.net\/home\/wp-content\/uploads\/2020\/03\/mujeres-de-barro-768x768.jpg 768w, http:\/\/www.eloriente.net\/home\/wp-content\/uploads\/2020\/03\/mujeres-de-barro-696x696.jpg 696w, http:\/\/www.eloriente.net\/home\/wp-content\/uploads\/2020\/03\/mujeres-de-barro-420x420.jpg 420w, http:\/\/www.eloriente.net\/home\/wp-content\/uploads\/2020\/03\/mujeres-de-barro-600x600.jpg 600w, http:\/\/www.eloriente.net\/home\/wp-content\/uploads\/2020\/03\/mujeres-de-barro-100x100.jpg 100w\" sizes=\"(max-width: 550px) 100vw, 550px\" \/><\/a><\/h5>\n<h5><\/h5>\n<figure id=\"attachment_60355\" aria-describedby=\"caption-attachment-60355\" style=\"width: 550px\" class=\"wp-caption aligncenter\"><a href=\"https:\/\/www.google.com\/maps\/place\/Museo+Estatal+de+Arte+Popular+de+Oaxaca+%22MEAP%C3%93%22\/@16.9582306,-96.7078194,15z\/data=!4m2!3m1!1s0x0:0x90fdc934889e26a2?sa=X&amp;ved=2ahUKEwjugIWOnoToAhUSnawKHWAYDjEQ_BIwE3oECBIQCA\" target=\"_blank\" rel=\"noopener\"><img loading=\"lazy\" decoding=\"async\" class=\" wp-image-60355\" src=\"http:\/\/www.eloriente.net\/home\/wp-content\/uploads\/2020\/03\/Captura-de-pantalla-2020-03-05-a-las-15.04.59.png\" alt=\"\" width=\"550\" height=\"566\" srcset=\"http:\/\/www.eloriente.net\/home\/wp-content\/uploads\/2020\/03\/Captura-de-pantalla-2020-03-05-a-las-15.04.59.png 439w, http:\/\/www.eloriente.net\/home\/wp-content\/uploads\/2020\/03\/Captura-de-pantalla-2020-03-05-a-las-15.04.59-291x300.png 291w, http:\/\/www.eloriente.net\/home\/wp-content\/uploads\/2020\/03\/Captura-de-pantalla-2020-03-05-a-las-15.04.59-408x420.png 408w\" sizes=\"(max-width: 550px) 100vw, 550px\" \/><\/a><figcaption id=\"caption-attachment-60355\" class=\"wp-caption-text\">Fuente: Google Maps<\/figcaption><\/figure>\n<h5>Firmemos la paz<\/h5>\n<p>El 8 de marzo se ofrecer\u00e1 en el Teatro Ju\u00e1rez la puesta en escena\u00a0<a href=\"https:\/\/www.mexicoescultura.com\/actividad\/234220\/firmemos-la-paz.html\" target=\"_blank\" rel=\"noopener\">Firmemos la paz<\/a>, una obra reflexiva\u00a0referente a las confesiones, historias amorosas y aprendizajes de cuatro mujeres.<\/p>\n<p>Dirigida por Cristian David, fundador y director art\u00edstico de la premiada compa\u00f1\u00eda teatral\u00a0 independiente Idiotas Teatro, contar\u00e1 con la participaci\u00f3n especial de\u00a0Sonia Sol\u00f3rzano.<\/p>\n<p><a href=\"http:\/\/www.eloriente.net\/home\/wp-content\/uploads\/2020\/03\/84876009_2853652614692454_3057794385769922560_o.jpg\"><img loading=\"lazy\" decoding=\"async\" class=\"wp-image-60331 aligncenter\" src=\"http:\/\/www.eloriente.net\/home\/wp-content\/uploads\/2020\/03\/84876009_2853652614692454_3057794385769922560_o.jpg\" alt=\"\" width=\"550\" height=\"850\" srcset=\"http:\/\/www.eloriente.net\/home\/wp-content\/uploads\/2020\/03\/84876009_2853652614692454_3057794385769922560_o.jpg 621w, http:\/\/www.eloriente.net\/home\/wp-content\/uploads\/2020\/03\/84876009_2853652614692454_3057794385769922560_o-194x300.jpg 194w, http:\/\/www.eloriente.net\/home\/wp-content\/uploads\/2020\/03\/84876009_2853652614692454_3057794385769922560_o-272x420.jpg 272w, http:\/\/www.eloriente.net\/home\/wp-content\/uploads\/2020\/03\/84876009_2853652614692454_3057794385769922560_o-600x928.jpg 600w\" sizes=\"(max-width: 550px) 100vw, 550px\" \/><\/a><\/p>\n<p>&nbsp;<\/p>\n<h5 id=\"seo_h1_tag\" class=\"_5gmx\" data-testid=\"event-permalink-event-name\">Global Mentoring Walk Oaxaca 2020<\/h5>\n<p>El\u00a0Centro Universitario para el Liderazgo de la Mujer tiene preparado un evento magn\u00edfico en el que re\u00fane a mujeres l\u00edderes en distintos \u00e1mbitos que\u00a0con su experiencia acompa\u00f1ar\u00e1n y guiar\u00e1n a otras. Algunas de las invitadas especiales son Erika Woolrich colaboradora en el oriente.net y Directora General de <a href=\"https:\/\/www.facebook.com\/staffcom.oaxaca\/\" target=\"_blank\" rel=\"noopener\">Staffcom<\/a> as\u00ed c\u00f3mo Romina Sacre, escritora y seleccionada en 2017 como una de las 50 influencers digitales m\u00e1s importantes de M\u00e9xico quien tambi\u00e9n ha sido panelista en el Women\u2019s Forum de la Ciudad de M\u00e9xico. \u00a1No puedes faltar! La cita es este domingo a las\u00a008:30 en la Galer\u00eda \u00abLa Calera\u00bb.\u00a0<a href=\"http:\/\/www.eloriente.net\/home\/wp-content\/uploads\/2020\/03\/mujergg.png\"><img loading=\"lazy\" decoding=\"async\" class=\"wp-image-60358 aligncenter\" src=\"http:\/\/www.eloriente.net\/home\/wp-content\/uploads\/2020\/03\/mujergg.png\" alt=\"\" width=\"550\" height=\"275\" srcset=\"http:\/\/www.eloriente.net\/home\/wp-content\/uploads\/2020\/03\/mujergg.png 2000w, http:\/\/www.eloriente.net\/home\/wp-content\/uploads\/2020\/03\/mujergg-300x150.png 300w, http:\/\/www.eloriente.net\/home\/wp-content\/uploads\/2020\/03\/mujergg-768x384.png 768w, http:\/\/www.eloriente.net\/home\/wp-content\/uploads\/2020\/03\/mujergg-1024x512.png 1024w, http:\/\/www.eloriente.net\/home\/wp-content\/uploads\/2020\/03\/mujergg-696x348.png 696w, http:\/\/www.eloriente.net\/home\/wp-content\/uploads\/2020\/03\/mujergg-1068x534.png 1068w, http:\/\/www.eloriente.net\/home\/wp-content\/uploads\/2020\/03\/mujergg-840x420.png 840w, http:\/\/www.eloriente.net\/home\/wp-content\/uploads\/2020\/03\/mujergg-600x300.png 600w\" sizes=\"(max-width: 550px) 100vw, 550px\" \/><\/a><\/p>\n\n\t\t\t  <div \n\t\t\t  \tclass = \"fb-comments\" \n\t\t\t  \tdata-href = \"http:\/\/www.eloriente.net\/home\/2020\/03\/06\/fin-de-semana-en-oaxaca-ed-6\/\"\n\t\t\t  \tdata-numposts = \"10\"\n\t\t\t\tdata-colorscheme = \"dark\"\n\t\t\t\tdata-order-by = \"social\"\n\t\t\t\tdata-mobile=true>\n\t\t\t  <\/div>\n\t\t  <style>\n\t\t\t.fb_iframe_widget_fluid_desktop iframe {\n\t\t\t    width: 100% !important;\n\t\t\t}\n\t\t  <\/style>\n\t\t  ","protected":false},"excerpt":{"rendered":"<p>Por: Neiel German Estamos contentos de presentarles la 6\u00aa edici\u00f3n de Fin de semana en Oaxaca. El Oriente te trae los eventos y actividades que puedes disfrutar del 6 al 8 de marzo en la entidad oaxaque\u00f1a. Reflejos de la Mujer Oaxaque\u00f1a En el marco de la conmemoraci\u00f3n del D\u00eda Internacional de la Mujer, se [&hellip;]<\/p>\n","protected":false},"author":57,"featured_media":60361,"comment_status":"open","ping_status":"open","sticky":false,"template":"","format":"standard","meta":{"_jetpack_memberships_contains_paid_content":false,"footnotes":""},"categories":[2015,8,18,32,16,10504,11094,464,1],"tags":[239,241,6051,11067,73],"class_list":["post-60321","post","type-post","status-publish","format-standard","has-post-thumbnail","hentry","category-viernesdefelicidad","category-agenda","category-educacion-y-cultura","category-entradas","category-salud-y-estilo-de-vida","category-las-ultimas-12","category-mujeres","category-oaxaca-estados","category-uncategorized","tag-arte","tag-cultura","tag-dia-internacional-de-la-mujer","tag-fin-de-semana-en-oaxaca","tag-oaxaca"],"jetpack_featured_media_url":"http:\/\/www.eloriente.net\/home\/wp-content\/uploads\/2020\/03\/LAROMS.jpg","jetpack_sharing_enabled":true,"_links":{"self":[{"href":"http:\/\/www.eloriente.net\/home\/wp-json\/wp\/v2\/posts\/60321"}],"collection":[{"href":"http:\/\/www.eloriente.net\/home\/wp-json\/wp\/v2\/posts"}],"about":[{"href":"http:\/\/www.eloriente.net\/home\/wp-json\/wp\/v2\/types\/post"}],"author":[{"embeddable":true,"href":"http:\/\/www.eloriente.net\/home\/wp-json\/wp\/v2\/users\/57"}],"replies":[{"embeddable":true,"href":"http:\/\/www.eloriente.net\/home\/wp-json\/wp\/v2\/comments?post=60321"}],"version-history":[{"count":6,"href":"http:\/\/www.eloriente.net\/home\/wp-json\/wp\/v2\/posts\/60321\/revisions"}],"predecessor-version":[{"id":60362,"href":"http:\/\/www.eloriente.net\/home\/wp-json\/wp\/v2\/posts\/60321\/revisions\/60362"}],"wp:featuredmedia":[{"embeddable":true,"href":"http:\/\/www.eloriente.net\/home\/wp-json\/wp\/v2\/media\/60361"}],"wp:attachment":[{"href":"http:\/\/www.eloriente.net\/home\/wp-json\/wp\/v2\/media?parent=60321"}],"wp:term":[{"taxonomy":"category","embeddable":true,"href":"http:\/\/www.eloriente.net\/home\/wp-json\/wp\/v2\/categories?post=60321"},{"taxonomy":"post_tag","embeddable":true,"href":"http:\/\/www.eloriente.net\/home\/wp-json\/wp\/v2\/tags?post=60321"}],"curies":[{"name":"wp","href":"https:\/\/api.w.org\/{rel}","templated":true}]}}