{"id":60470,"date":"2020-03-15T18:55:28","date_gmt":"2020-03-16T00:55:28","guid":{"rendered":"http:\/\/www.eloriente.net\/home\/?p=60470"},"modified":"2020-03-18T16:32:43","modified_gmt":"2020-03-18T22:32:43","slug":"jalisco-se-rebela-y-suspende-clases-desde-el-17-de-marzo","status":"publish","type":"post","link":"http:\/\/www.eloriente.net\/home\/2020\/03\/15\/jalisco-se-rebela-y-suspende-clases-desde-el-17-de-marzo\/","title":{"rendered":"Jalisco se rebela y suspende clases desde el 17 de marzo"},"content":{"rendered":"<p>En una determinaci\u00f3n unilateral y \u00fanica en toda la Rep\u00fablica, el gobernador de Jalisco y funcionarios de la mesa de seguimiento de la contingencia por Coronavirus en el estado, informaron que a diferencia de lo anunciado por las autoridades federales, en dicha entidad se suspender\u00e1n clases desde el martes y no a partir de finalizado el viernes 20 de marzo.<\/p>\n<p>La medida de la Secretar\u00eda de Educaci\u00f3n P\u00fablica nos parece \u00ababsurda\u00bb se\u00f1al\u00f3 el ejecutivo jalisciense, Enrique Alfaro. \u00abPor 4 d\u00edas no puede aplazarse la decisi\u00f3n\u00bb.<\/p>\n<p>Lo anterior, dijo el mandatario se determin\u00f3 despu\u00e9s de analizar las pol\u00edticas que otros pa\u00edses han tomado para evitar llegar a una crisis de mayores proporciones. Son los casos de Hong Kong, Singapur o Jap\u00f3n, que de acuerdo a lo se\u00f1alado por el gobernador s\u00ed tomaron medidas a tiempo.<\/p>\n<p>\u00abNosotros no compartimos el mensaje de que hay que estar tranquilos, sino activos\u00bb, se\u00f1al\u00f3.<\/p>\n<p>Adicionalmente, se tomar\u00e1n una serie de medidas en relaci\u00f3n a las afectaciones que puedan darse con madres jefas de familia, luego de la suspensi\u00f3n de clases. Asimismo, establecer un plan de trabajo con profesores.<\/p>\n<p><script async src=\"https:\/\/pagead2.googlesyndication.com\/pagead\/js\/adsbygoogle.js\"><\/script><br \/>\n<ins class=\"adsbygoogle\" style=\"display: block; text-align: center;\" data-ad-layout=\"in-article\" data-ad-format=\"fluid\" data-ad-client=\"ca-pub-1136171134853753\" data-ad-slot=\"5545504441\"><\/ins><br \/>\n<script>\n     (adsbygoogle = window.adsbygoogle || []).push({});\n<\/script><\/p>\n\n\t\t\t  <div \n\t\t\t  \tclass = \"fb-comments\" \n\t\t\t  \tdata-href = \"http:\/\/www.eloriente.net\/home\/2020\/03\/15\/jalisco-se-rebela-y-suspende-clases-desde-el-17-de-marzo\/\"\n\t\t\t  \tdata-numposts = \"10\"\n\t\t\t\tdata-colorscheme = \"dark\"\n\t\t\t\tdata-order-by = \"social\"\n\t\t\t\tdata-mobile=true>\n\t\t\t  <\/div>\n\t\t  <style>\n\t\t\t.fb_iframe_widget_fluid_desktop iframe {\n\t\t\t    width: 100% !important;\n\t\t\t}\n\t\t  <\/style>\n\t\t  ","protected":false},"excerpt":{"rendered":"<p>En una determinaci\u00f3n unilateral y \u00fanica en toda la Rep\u00fablica, el gobernador de Jalisco y funcionarios de la mesa de seguimiento de la contingencia por Coronavirus en el estado, informaron que a diferencia de lo anunciado por las autoridades federales, en dicha entidad se suspender\u00e1n clases desde el martes y no a partir de finalizado [&hellip;]<\/p>\n","protected":false},"author":57,"featured_media":60471,"comment_status":"open","ping_status":"open","sticky":false,"template":"","format":"video","meta":{"_jetpack_memberships_contains_paid_content":false,"footnotes":""},"categories":[6,1588,32,63,2628,10504,10,24,30],"tags":[11033,11117,2485,1605],"class_list":["post-60470","post","type-post","status-publish","format-video","has-post-thumbnail","hentry","category-canal-4-especiales","category-comunicados-y-boletines","category-entradas","category-estados","category-jalisco-estados","category-las-ultimas-12","category-lo-mas-reciente","category-mexico-y-el-mundo","category-salud","tag-coronavirus","tag-enrique-alfaro","tag-guadalajara","tag-jalisco","post_format-post-format-video"],"jetpack_featured_media_url":"http:\/\/www.eloriente.net\/home\/wp-content\/uploads\/2020\/03\/Captura-de-Pantalla-2020-03-15-a-las-18.52.22.jpg","jetpack_sharing_enabled":true,"_links":{"self":[{"href":"http:\/\/www.eloriente.net\/home\/wp-json\/wp\/v2\/posts\/60470"}],"collection":[{"href":"http:\/\/www.eloriente.net\/home\/wp-json\/wp\/v2\/posts"}],"about":[{"href":"http:\/\/www.eloriente.net\/home\/wp-json\/wp\/v2\/types\/post"}],"author":[{"embeddable":true,"href":"http:\/\/www.eloriente.net\/home\/wp-json\/wp\/v2\/users\/57"}],"replies":[{"embeddable":true,"href":"http:\/\/www.eloriente.net\/home\/wp-json\/wp\/v2\/comments?post=60470"}],"version-history":[{"count":1,"href":"http:\/\/www.eloriente.net\/home\/wp-json\/wp\/v2\/posts\/60470\/revisions"}],"predecessor-version":[{"id":60472,"href":"http:\/\/www.eloriente.net\/home\/wp-json\/wp\/v2\/posts\/60470\/revisions\/60472"}],"wp:featuredmedia":[{"embeddable":true,"href":"http:\/\/www.eloriente.net\/home\/wp-json\/wp\/v2\/media\/60471"}],"wp:attachment":[{"href":"http:\/\/www.eloriente.net\/home\/wp-json\/wp\/v2\/media?parent=60470"}],"wp:term":[{"taxonomy":"category","embeddable":true,"href":"http:\/\/www.eloriente.net\/home\/wp-json\/wp\/v2\/categories?post=60470"},{"taxonomy":"post_tag","embeddable":true,"href":"http:\/\/www.eloriente.net\/home\/wp-json\/wp\/v2\/tags?post=60470"}],"curies":[{"name":"wp","href":"https:\/\/api.w.org\/{rel}","templated":true}]}}