{"id":60943,"date":"2020-04-11T19:26:53","date_gmt":"2020-04-12T01:26:53","guid":{"rendered":"http:\/\/www.eloriente.net\/home\/?p=60943"},"modified":"2020-04-11T19:26:53","modified_gmt":"2020-04-12T01:26:53","slug":"hoy-tercera-muerte-por-coronavirus-en-oaxaca","status":"publish","type":"post","link":"http:\/\/www.eloriente.net\/home\/2020\/04\/11\/hoy-tercera-muerte-por-coronavirus-en-oaxaca\/","title":{"rendered":"Hoy tercera muerte por Coronavirus en Oaxaca"},"content":{"rendered":"<p>Fue el gobernador del estado desde su cuenta de redes sociales quien confirm\u00f3 esta tarde el tercer deceso por Coronavirus en Oaxaca.<\/p>\n<p>Mensaje<\/p>\n<blockquote class=\"twitter-tweet\" data-theme=\"dark\">\n<p dir=\"ltr\" lang=\"es\">Hoy se ha registrado el tercer deceso provocado por el COVID-19 en nuestro estado. Es importante tomar en cuenta que la \u00fanica forma de prevenir esta enfermedad es qued\u00e1ndonos en casa.<\/p>\n<p>\u2014 Alejandro Murat (@alejandromurat) <a href=\"https:\/\/twitter.com\/alejandromurat\/status\/1249126018146852864?ref_src=twsrc%5Etfw\">April 12, 2020<\/a><\/p><\/blockquote>\n<p><script async src=\"https:\/\/platform.twitter.com\/widgets.js\" charset=\"utf-8\"><\/script><\/p>\n<p><script async src=\"https:\/\/pagead2.googlesyndication.com\/pagead\/js\/adsbygoogle.js\"><\/script><br \/>\n<ins class=\"adsbygoogle\" style=\"display: block; text-align: center;\" data-ad-layout=\"in-article\" data-ad-format=\"fluid\" data-ad-client=\"ca-pub-1136171134853753\" data-ad-slot=\"5545504441\"><\/ins><br \/>\n<script>\n     (adsbygoogle = window.adsbygoogle || []).push({});\n<\/script>Se trata desafortunadamente de una personas de 72 a\u00f1os, originario de la regi\u00f3n de la Costa del estado, var\u00f3n, quien adem\u00e1s presentaba antecedentes de hipertensi\u00f3n arterial y diabetes mellitus.<\/p>\n<p>Esta es informaci\u00f3n oficial de los Servicios de Salud de Oaxaca, que en efecto a\u00fan no se reflejan en la base de datos de car\u00e1cter federal, cuyo cierre hoy fue a las 14:30 horas. El deceso fue confirmado horas m\u00e1s tarde.<\/p>\n<figure id=\"attachment_60944\" aria-describedby=\"caption-attachment-60944\" style=\"width: 509px\" class=\"wp-caption aligncenter\"><a href=\"http:\/\/www.eloriente.net\/home\/wp-content\/uploads\/2020\/04\/Captura-de-Pantalla-2020-04-11-a-las-20.22.24.png\"><img loading=\"lazy\" decoding=\"async\" class=\" wp-image-60944\" src=\"http:\/\/www.eloriente.net\/home\/wp-content\/uploads\/2020\/04\/Captura-de-Pantalla-2020-04-11-a-las-20.22.24.png\" alt=\"\" width=\"509\" height=\"335\" srcset=\"http:\/\/www.eloriente.net\/home\/wp-content\/uploads\/2020\/04\/Captura-de-Pantalla-2020-04-11-a-las-20.22.24.png 865w, http:\/\/www.eloriente.net\/home\/wp-content\/uploads\/2020\/04\/Captura-de-Pantalla-2020-04-11-a-las-20.22.24-300x197.png 300w, http:\/\/www.eloriente.net\/home\/wp-content\/uploads\/2020\/04\/Captura-de-Pantalla-2020-04-11-a-las-20.22.24-768x504.png 768w, http:\/\/www.eloriente.net\/home\/wp-content\/uploads\/2020\/04\/Captura-de-Pantalla-2020-04-11-a-las-20.22.24-696x457.png 696w, http:\/\/www.eloriente.net\/home\/wp-content\/uploads\/2020\/04\/Captura-de-Pantalla-2020-04-11-a-las-20.22.24-741x486.png 741w, http:\/\/www.eloriente.net\/home\/wp-content\/uploads\/2020\/04\/Captura-de-Pantalla-2020-04-11-a-las-20.22.24-640x420.png 640w, http:\/\/www.eloriente.net\/home\/wp-content\/uploads\/2020\/04\/Captura-de-Pantalla-2020-04-11-a-las-20.22.24-600x394.png 600w\" sizes=\"(max-width: 509px) 100vw, 509px\" \/><\/a><figcaption id=\"caption-attachment-60944\" class=\"wp-caption-text\">Mapa interactivo COVID. Gobierno Federal 11 de abril de 2020.<\/figcaption><\/figure>\n<p>En efecto, en el reporte diario de la federaci\u00f3n, se contabilizan a\u00fan 2 defunciones, con 41 casos positivos y 76 sospechosos.<\/p>\n<p>A diario, en la cuenta de twitter de @El_Oriente puede consultarse por la noche el reporte, con las actualizaciones m\u00e1s recientes.<\/p>\n<blockquote class=\"twitter-tweet\" data-theme=\"dark\">\n<p dir=\"ltr\" lang=\"es\">Reporte oficial cierre 10\/abril <a href=\"https:\/\/twitter.com\/hashtag\/Oaxaca?src=hash&amp;ref_src=twsrc%5Etfw\">#Oaxaca<\/a> <a href=\"https:\/\/twitter.com\/hashtag\/Coronavirus?src=hash&amp;ref_src=twsrc%5Etfw\">#Coronavirus<\/a> <a href=\"https:\/\/twitter.com\/alejandromurat?ref_src=twsrc%5Etfw\">@alejandromurat<\/a><br \/>\n5 Anclas <a href=\"https:\/\/t.co\/IvLQ3lPC5U\">https:\/\/t.co\/IvLQ3lPC5U<\/a><br \/>\n\u2693QEPD segunda persona<br \/>\n\u2693Acumulan regiones segundos positivos<br \/>\n\u2693Sospechosos aumentan Mixteca<br \/>\n\u2693Necesaria revisi\u00f3n de recuperados<br \/>\n\u269353 de 87 sospechosos son de Valles<a href=\"https:\/\/twitter.com\/Cambio2030_?ref_src=twsrc%5Etfw\">@Cambio2030_<\/a> <a href=\"https:\/\/t.co\/izLUJdHdY1\">https:\/\/t.co\/izLUJdHdY1<\/a> <a href=\"https:\/\/t.co\/cg7RFYopEH\">pic.twitter.com\/cg7RFYopEH<\/a><\/p>\n<p>\u2014 El Oriente (@El_Oriente) <a href=\"https:\/\/twitter.com\/El_Oriente\/status\/1248808131242659840?ref_src=twsrc%5Etfw\">April 11, 2020<\/a><\/p><\/blockquote>\n<p><script async src=\"https:\/\/platform.twitter.com\/widgets.js\" charset=\"utf-8\"><\/script><\/p>\n\n\t\t\t  <div \n\t\t\t  \tclass = \"fb-comments\" \n\t\t\t  \tdata-href = \"http:\/\/www.eloriente.net\/home\/2020\/04\/11\/hoy-tercera-muerte-por-coronavirus-en-oaxaca\/\"\n\t\t\t  \tdata-numposts = \"10\"\n\t\t\t\tdata-colorscheme = \"dark\"\n\t\t\t\tdata-order-by = \"social\"\n\t\t\t\tdata-mobile=true>\n\t\t\t  <\/div>\n\t\t  <style>\n\t\t\t.fb_iframe_widget_fluid_desktop iframe {\n\t\t\t    width: 100% !important;\n\t\t\t}\n\t\t  <\/style>\n\t\t  ","protected":false},"excerpt":{"rendered":"<p>Fue el gobernador del estado desde su cuenta de redes sociales quien confirm\u00f3 esta tarde el tercer deceso por Coronavirus en Oaxaca. Mensaje Hoy se ha registrado el tercer deceso provocado por el COVID-19 en nuestro estado. Es importante tomar en cuenta que la \u00fanica forma de prevenir esta enfermedad es qued\u00e1ndonos en casa. \u2014 [&hellip;]<\/p>\n","protected":false},"author":1,"featured_media":60743,"comment_status":"open","ping_status":"open","sticky":false,"template":"","format":"standard","meta":{"_jetpack_memberships_contains_paid_content":false,"footnotes":""},"categories":[32,10504,10,23,21],"tags":[11185,11182,11164,11183,11184],"class_list":["post-60943","post","type-post","status-publish","format-standard","has-post-thumbnail","hentry","category-entradas","category-las-ultimas-12","category-lo-mas-reciente","category-municipios","category-politica-y-gobierno","tag-coronavirus-en-oaxaca","tag-covid-oaxaca","tag-covid-19","tag-muerte-oaxaca-coronavirus","tag-oaxaca-covid"],"jetpack_featured_media_url":"http:\/\/www.eloriente.net\/home\/wp-content\/uploads\/2020\/03\/Fondo-negro.jpg","jetpack_sharing_enabled":true,"_links":{"self":[{"href":"http:\/\/www.eloriente.net\/home\/wp-json\/wp\/v2\/posts\/60943"}],"collection":[{"href":"http:\/\/www.eloriente.net\/home\/wp-json\/wp\/v2\/posts"}],"about":[{"href":"http:\/\/www.eloriente.net\/home\/wp-json\/wp\/v2\/types\/post"}],"author":[{"embeddable":true,"href":"http:\/\/www.eloriente.net\/home\/wp-json\/wp\/v2\/users\/1"}],"replies":[{"embeddable":true,"href":"http:\/\/www.eloriente.net\/home\/wp-json\/wp\/v2\/comments?post=60943"}],"version-history":[{"count":1,"href":"http:\/\/www.eloriente.net\/home\/wp-json\/wp\/v2\/posts\/60943\/revisions"}],"predecessor-version":[{"id":60945,"href":"http:\/\/www.eloriente.net\/home\/wp-json\/wp\/v2\/posts\/60943\/revisions\/60945"}],"wp:featuredmedia":[{"embeddable":true,"href":"http:\/\/www.eloriente.net\/home\/wp-json\/wp\/v2\/media\/60743"}],"wp:attachment":[{"href":"http:\/\/www.eloriente.net\/home\/wp-json\/wp\/v2\/media?parent=60943"}],"wp:term":[{"taxonomy":"category","embeddable":true,"href":"http:\/\/www.eloriente.net\/home\/wp-json\/wp\/v2\/categories?post=60943"},{"taxonomy":"post_tag","embeddable":true,"href":"http:\/\/www.eloriente.net\/home\/wp-json\/wp\/v2\/tags?post=60943"}],"curies":[{"name":"wp","href":"https:\/\/api.w.org\/{rel}","templated":true}]}}