{"id":61277,"date":"2020-04-26T14:59:15","date_gmt":"2020-04-26T20:59:15","guid":{"rendered":"http:\/\/www.eloriente.net\/home\/?p=61277"},"modified":"2020-04-26T14:59:15","modified_gmt":"2020-04-26T20:59:15","slug":"perdida-por-vania-rizo","status":"publish","type":"post","link":"http:\/\/www.eloriente.net\/home\/2020\/04\/26\/perdida-por-vania-rizo\/","title":{"rendered":"P\u00e9rdida, por Vania Rizo"},"content":{"rendered":"<p style=\"text-align: right;\">Por: Vania Rizo<\/p>\n<p class=\"p1\"><span class=\"s1\">Pienso en las p\u00e9rdidas y emprendo un camino de emociones fuertes.<\/span><\/p>\n<p class=\"p1\"><span class=\"s1\">Las l\u00e1grimas me han servido para no colapsar de dolor. Me recuerdo viajando de un estado a otro, llorando la carretera por su muerte. O la vez aquella donde acud\u00ed al cine y alg\u00fan detalle de la pel\u00edcula me presionaba y volv\u00eda a llorar. <\/span><\/p>\n<p class=\"p1\"><span class=\"s1\">Las veces en las que he estado en cama, en posici\u00f3n fetal, d\u00e1ndome golpecitos en el pecho por un adi\u00f3s. Ojos hinchados, nariz tapada, raqu\u00edticas ganas que te sostienen.<\/span><\/p>\n<p class=\"p1\"><span class=\"s1\">Pienso en la p\u00e9rdida, revivo la pinche sensaci\u00f3n, temo acercarme a una nueva. Sabemos que somos semillas hasta que experimentamos el nuevo inicio. Hasta que sospechamos que esta vida consiste en adaptarse. <\/span><\/p>\n<p class=\"p1\"><span class=\"s1\">Aprendemos a vivir sin (eso) o sin (aquella) persona. Pero hay<span class=\"Apple-converted-space\">\u00a0 <\/span>algo que siempre se queda. Por eso hay veces que todo recobra vida y te ataca por las noches, te abre el pecho y te toca como un tambor impaciente.<\/span><\/p>\n<p class=\"p1\"><span class=\"s1\">Pienso en la p\u00e9rdidas y me diluyo como un papel de colores en contacto con el agua. Pero tambi\u00e9n me prendo como luz de bengala al recordar que sigo de pie, creyendo en que el \u00e1rbol vuelve a florecer.<\/span><\/p>\n<p class=\"p1\"><span class=\"s1\">Cuando llueve, el ciclo del agua tiene doble efecto en m\u00ed: me calma o me barre. La lluvia puede trasladarse a lo que sucede por dentro. Algo riega o algo inunda. La p\u00e9rdida tambi\u00e9n fluye.<\/span><\/p>\n<p class=\"p1\"><span class=\"s1\">Pienso en las p\u00e9rdidas pero ya no me estaciono en ellas. Mejor les regalo una flor en agradecimiento, y me dispongo abrir mis sentidos para recibir su transformaci\u00f3n.<\/span><\/p>\n<figure id=\"attachment_61278\" aria-describedby=\"caption-attachment-61278\" style=\"width: 504px\" class=\"wp-caption aligncenter\"><a href=\"http:\/\/www.eloriente.net\/home\/wp-content\/uploads\/2020\/04\/Captura-de-Pantalla-2020-04-26-a-las-15.55.57.png\"><img loading=\"lazy\" decoding=\"async\" class=\"size-full wp-image-61278\" src=\"http:\/\/www.eloriente.net\/home\/wp-content\/uploads\/2020\/04\/Captura-de-Pantalla-2020-04-26-a-las-15.55.57.png\" alt=\"\" width=\"504\" height=\"403\" srcset=\"http:\/\/www.eloriente.net\/home\/wp-content\/uploads\/2020\/04\/Captura-de-Pantalla-2020-04-26-a-las-15.55.57.png 504w, http:\/\/www.eloriente.net\/home\/wp-content\/uploads\/2020\/04\/Captura-de-Pantalla-2020-04-26-a-las-15.55.57-300x240.png 300w\" sizes=\"(max-width: 504px) 100vw, 504px\" \/><\/a><figcaption id=\"caption-attachment-61278\" class=\"wp-caption-text\">Imagen: Vania Rizo<\/figcaption><\/figure>\n<p><script async src=\"https:\/\/pagead2.googlesyndication.com\/pagead\/js\/adsbygoogle.js\"><\/script><br \/>\n<ins class=\"adsbygoogle\" style=\"display: block; text-align: center;\" data-ad-layout=\"in-article\" data-ad-format=\"fluid\" data-ad-client=\"ca-pub-1136171134853753\" data-ad-slot=\"5545504441\"><\/ins><br \/>\n<script>\n     (adsbygoogle = window.adsbygoogle || []).push({});\n<\/script><\/p>\n\n\t\t\t  <div \n\t\t\t  \tclass = \"fb-comments\" \n\t\t\t  \tdata-href = \"http:\/\/www.eloriente.net\/home\/2020\/04\/26\/perdida-por-vania-rizo\/\"\n\t\t\t  \tdata-numposts = \"10\"\n\t\t\t\tdata-colorscheme = \"dark\"\n\t\t\t\tdata-order-by = \"social\"\n\t\t\t\tdata-mobile=true>\n\t\t\t  <\/div>\n\t\t  <style>\n\t\t\t.fb_iframe_widget_fluid_desktop iframe {\n\t\t\t    width: 100% !important;\n\t\t\t}\n\t\t  <\/style>\n\t\t  ","protected":false},"excerpt":{"rendered":"<p>Por: Vania Rizo Pienso en las p\u00e9rdidas y emprendo un camino de emociones fuertes. Las l\u00e1grimas me han servido para no colapsar de dolor. Me recuerdo viajando de un estado a otro, llorando la carretera por su muerte. O la vez aquella donde acud\u00ed al cine y alg\u00fan detalle de la pel\u00edcula me presionaba y [&hellip;]<\/p>\n","protected":false},"author":1,"featured_media":61278,"comment_status":"open","ping_status":"open","sticky":false,"template":"","format":"standard","meta":{"_jetpack_memberships_contains_paid_content":false,"footnotes":""},"categories":[11,49,18,32,10504,3153,10,11094,8501],"tags":[8694,11224,10319,8544],"class_list":["post-61277","post","type-post","status-publish","format-standard","has-post-thumbnail","hentry","category-colaboradores","category-destacadas","category-educacion-y-cultura","category-entradas","category-las-ultimas-12","category-letras-educacion-y-cultura","category-lo-mas-reciente","category-mujeres","category-vania-rizo","tag-columna-vania-rizo","tag-ensayistas","tag-escritoras","tag-vania-rizo"],"jetpack_featured_media_url":"http:\/\/www.eloriente.net\/home\/wp-content\/uploads\/2020\/04\/Captura-de-Pantalla-2020-04-26-a-las-15.55.57.png","jetpack_sharing_enabled":true,"_links":{"self":[{"href":"http:\/\/www.eloriente.net\/home\/wp-json\/wp\/v2\/posts\/61277"}],"collection":[{"href":"http:\/\/www.eloriente.net\/home\/wp-json\/wp\/v2\/posts"}],"about":[{"href":"http:\/\/www.eloriente.net\/home\/wp-json\/wp\/v2\/types\/post"}],"author":[{"embeddable":true,"href":"http:\/\/www.eloriente.net\/home\/wp-json\/wp\/v2\/users\/1"}],"replies":[{"embeddable":true,"href":"http:\/\/www.eloriente.net\/home\/wp-json\/wp\/v2\/comments?post=61277"}],"version-history":[{"count":1,"href":"http:\/\/www.eloriente.net\/home\/wp-json\/wp\/v2\/posts\/61277\/revisions"}],"predecessor-version":[{"id":61279,"href":"http:\/\/www.eloriente.net\/home\/wp-json\/wp\/v2\/posts\/61277\/revisions\/61279"}],"wp:featuredmedia":[{"embeddable":true,"href":"http:\/\/www.eloriente.net\/home\/wp-json\/wp\/v2\/media\/61278"}],"wp:attachment":[{"href":"http:\/\/www.eloriente.net\/home\/wp-json\/wp\/v2\/media?parent=61277"}],"wp:term":[{"taxonomy":"category","embeddable":true,"href":"http:\/\/www.eloriente.net\/home\/wp-json\/wp\/v2\/categories?post=61277"},{"taxonomy":"post_tag","embeddable":true,"href":"http:\/\/www.eloriente.net\/home\/wp-json\/wp\/v2\/tags?post=61277"}],"curies":[{"name":"wp","href":"https:\/\/api.w.org\/{rel}","templated":true}]}}