{"id":61373,"date":"2020-04-29T08:54:38","date_gmt":"2020-04-29T14:54:38","guid":{"rendered":"http:\/\/www.eloriente.net\/home\/?p=61373"},"modified":"2020-04-29T09:28:03","modified_gmt":"2020-04-29T15:28:03","slug":"dia-del-nino-y-la-nina-por-la-casa-de-la-cultura-oaxaquena","status":"publish","type":"post","link":"http:\/\/www.eloriente.net\/home\/2020\/04\/29\/dia-del-nino-y-la-nina-por-la-casa-de-la-cultura-oaxaquena\/","title":{"rendered":"D\u00eda del Ni\u00f1o y la Ni\u00f1a por la Casa de la Cultura Oaxaque\u00f1a"},"content":{"rendered":"<p>*Para contribuir a la jornada de Sana Distancia, la CCO acercar\u00e1 los cuentacuentos a ni\u00f1os y ni\u00f1as a trav\u00e9s de una transmisi\u00f3n en vivo este 30 de abril.<span class=\"Apple-converted-space\">\u00a0<\/span><\/p>\n<p>En el marco del D\u00eda del Ni\u00f1o y la Ni\u00f1a, la Secretar\u00eda de las Culturas y Artes de Oaxaca, a trav\u00e9s de la Casa de la Cultura Oaxaque\u00f1a, realizar\u00e1 la actividad denominada \u201cAdormi-lados\u201d que consta de una serie de cuentacuentos dirigidos a este sector de la poblaci\u00f3n con la finalidad de fomentar la lectura.<span class=\"Apple-converted-space\">\u00a0<\/span><\/p>\n<p>Dicha actividad se realizar\u00e1 este jueves 30 de abril en punto de las 20 horas y se transmitir\u00e1 en vivo a trav\u00e9s de la p\u00e1gina de Facebook de la Casa de la Cultura Oaxaque\u00f1a.<span class=\"Apple-converted-space\">\u00a0<\/span><\/p>\n<p>Al respecto, la titular de la Seculta, Karla Villaca\u00f1a Quevedo, destac\u00f3 que esta acci\u00f3n forma parte del contenido cultural para toda la familia instruida por el gobernador Alejandro Murat Hinojosa, para que puedan disfrutarla desde la comodidad de su casa durante la contingencia sanitaria por el COVID-19.<span class=\"Apple-converted-space\">\u00a0<\/span><\/p>\n<p>\u201cAdormi-lados ofrecer\u00e1 una opci\u00f3n literaria y de entretenimiento a las ni\u00f1as y ni\u00f1os y sus familias que se encuentran en aislamiento a causa de la pandemia del COVID-19\u201d, enfatiz\u00f3 la titular de la Seculta.<span class=\"Apple-converted-space\">\u00a0<\/span><\/p>\n<p>Por su parte, el director general de la Casa de la Cultura Oaxaque\u00f1a, Emilio de Leo Blanco, expuso<span class=\"Apple-converted-space\">\u00a0 <\/span>que incentivar la lectura en las ni\u00f1as y los ni\u00f1os, es lograr que echen a volar su imaginaci\u00f3n.<span class=\"Apple-converted-space\">\u00a0<\/span><\/p>\n<p>\u201cDebemos buscar como promotores del arte y la cultura la f\u00f3rmula para atraer a ese p\u00fablico y motivar su imaginaci\u00f3n a trav\u00e9s del cuento\u201d, dijo.<span class=\"Apple-converted-space\">\u00a0<\/span><\/p>\n<p>Cabe destacar que la actividad \u201cAdormi-lados\u201d estar\u00e1 a cargo de Charlie A. Secas destacado cuentacuentos oaxaque\u00f1o.<\/p>\n<p><script async src=\"https:\/\/pagead2.googlesyndication.com\/pagead\/js\/adsbygoogle.js\"><\/script><br \/>\n<ins class=\"adsbygoogle\" style=\"display: block; text-align: center;\" data-ad-layout=\"in-article\" data-ad-format=\"fluid\" data-ad-client=\"ca-pub-1136171134853753\" data-ad-slot=\"5545504441\"><\/ins><br \/>\n<script>\n     (adsbygoogle = window.adsbygoogle || []).push({});\n<\/script><\/p>\n<blockquote class=\"twitter-tweet\" data-width=\"550\" data-dnt=\"true\">\n<p lang=\"es\" dir=\"ltr\">Amiguito \ud83d\udc66\ud83c\udffb, amiguita \ud83d\udc67\ud83c\udffb. Queremos invitarte a que no te pierdas la actividad que hemos preparado para celebrar el <a href=\"https:\/\/twitter.com\/hashtag\/D%C3%ADaDelNi%C3%B1oYLaNi%C3%B1a?src=hash&amp;ref_src=twsrc%5Etfw\">#D\u00edaDelNi\u00f1oYLaNi\u00f1a<\/a>. Vamos a echar a volar nuestra imaginaci\u00f3n con una serie de cuentacuentos que Charlie A. Secas nos leer\u00e1 en nuestra p\u00e1gina de <a href=\"https:\/\/twitter.com\/hashtag\/Facebook?src=hash&amp;ref_src=twsrc%5Etfw\">#Facebook<\/a>. <a href=\"https:\/\/t.co\/9X2TAkuFNS\">pic.twitter.com\/9X2TAkuFNS<\/a><\/p>\n<p>&mdash; Casa de la Cultura Oaxaque\u00f1a (@CCO_GobOax) <a href=\"https:\/\/twitter.com\/CCO_GobOax\/status\/1255273863757381633?ref_src=twsrc%5Etfw\">April 28, 2020<\/a><\/p><\/blockquote>\n<p><script async src=\"https:\/\/platform.twitter.com\/widgets.js\" charset=\"utf-8\"><\/script><\/p>\n\n\t\t\t  <div \n\t\t\t  \tclass = \"fb-comments\" \n\t\t\t  \tdata-href = \"http:\/\/www.eloriente.net\/home\/2020\/04\/29\/dia-del-nino-y-la-nina-por-la-casa-de-la-cultura-oaxaquena\/\"\n\t\t\t  \tdata-numposts = \"10\"\n\t\t\t\tdata-colorscheme = \"dark\"\n\t\t\t\tdata-order-by = \"social\"\n\t\t\t\tdata-mobile=true>\n\t\t\t  <\/div>\n\t\t  <style>\n\t\t\t.fb_iframe_widget_fluid_desktop iframe {\n\t\t\t    width: 100% !important;\n\t\t\t}\n\t\t  <\/style>\n\t\t  ","protected":false},"excerpt":{"rendered":"<p>*Para contribuir a la jornada de Sana Distancia, la CCO acercar\u00e1 los cuentacuentos a ni\u00f1os y ni\u00f1as a trav\u00e9s de una transmisi\u00f3n en vivo este 30 de abril.\u00a0 En el marco del D\u00eda del Ni\u00f1o y la Ni\u00f1a, la Secretar\u00eda de las Culturas y Artes de Oaxaca, a trav\u00e9s de la Casa de la Cultura [&hellip;]<\/p>\n","protected":false},"author":59,"featured_media":61377,"comment_status":"open","ping_status":"open","sticky":false,"template":"","format":"standard","meta":{"_jetpack_memberships_contains_paid_content":false,"footnotes":""},"categories":[8,1588,32,10504,10],"tags":[1509,5795,11243,73],"class_list":["post-61373","post","type-post","status-publish","format-standard","has-post-thumbnail","hentry","category-agenda","category-comunicados-y-boletines","category-entradas","category-las-ultimas-12","category-lo-mas-reciente","tag-casa-de-la-cultura","tag-casa-de-la-cultura-oaxaquena","tag-dia-del-nino-y-la-nina","tag-oaxaca"],"jetpack_featured_media_url":"http:\/\/www.eloriente.net\/home\/wp-content\/uploads\/2020\/04\/5ea98c5fdfdb5_cuentos.jpg","jetpack_sharing_enabled":true,"_links":{"self":[{"href":"http:\/\/www.eloriente.net\/home\/wp-json\/wp\/v2\/posts\/61373"}],"collection":[{"href":"http:\/\/www.eloriente.net\/home\/wp-json\/wp\/v2\/posts"}],"about":[{"href":"http:\/\/www.eloriente.net\/home\/wp-json\/wp\/v2\/types\/post"}],"author":[{"embeddable":true,"href":"http:\/\/www.eloriente.net\/home\/wp-json\/wp\/v2\/users\/59"}],"replies":[{"embeddable":true,"href":"http:\/\/www.eloriente.net\/home\/wp-json\/wp\/v2\/comments?post=61373"}],"version-history":[{"count":2,"href":"http:\/\/www.eloriente.net\/home\/wp-json\/wp\/v2\/posts\/61373\/revisions"}],"predecessor-version":[{"id":61388,"href":"http:\/\/www.eloriente.net\/home\/wp-json\/wp\/v2\/posts\/61373\/revisions\/61388"}],"wp:featuredmedia":[{"embeddable":true,"href":"http:\/\/www.eloriente.net\/home\/wp-json\/wp\/v2\/media\/61377"}],"wp:attachment":[{"href":"http:\/\/www.eloriente.net\/home\/wp-json\/wp\/v2\/media?parent=61373"}],"wp:term":[{"taxonomy":"category","embeddable":true,"href":"http:\/\/www.eloriente.net\/home\/wp-json\/wp\/v2\/categories?post=61373"},{"taxonomy":"post_tag","embeddable":true,"href":"http:\/\/www.eloriente.net\/home\/wp-json\/wp\/v2\/tags?post=61373"}],"curies":[{"name":"wp","href":"https:\/\/api.w.org\/{rel}","templated":true}]}}