{"id":61652,"date":"2020-05-07T07:00:13","date_gmt":"2020-05-07T13:00:13","guid":{"rendered":"http:\/\/www.eloriente.net\/home\/?p=61652"},"modified":"2020-05-07T07:56:39","modified_gmt":"2020-05-07T13:56:39","slug":"arboleda-de-rosendo-vega-segunda-exposicion-pictorica-virtual-de-la-cco","status":"publish","type":"post","link":"http:\/\/www.eloriente.net\/home\/2020\/05\/07\/arboleda-de-rosendo-vega-segunda-exposicion-pictorica-virtual-de-la-cco\/","title":{"rendered":"\u00abArboleda\u00bb de Rosendo Vega, segunda exposici\u00f3n pict\u00f3rica virtual de la CCO"},"content":{"rendered":"<h5>Luego del \u00e9xito obtenido en la primera exposici\u00f3n pict\u00f3rica virtual, la Casa de la Cultura Oaxaque\u00f1a inaugurar\u00e1 este jueves 7 de mayo la segunda exhibici\u00f3n de arte pl\u00e1stica con la obra <span style=\"color: #00ccff;\"><a style=\"color: #00ccff;\" href=\"https:\/\/www.oaxaca.gob.mx\/cco\/obra-de-rosendo-vega\/\" target=\"_blank\" rel=\"noopener\">\u201cArboleda\u201d<\/a><\/span> del artista oaxaque\u00f1o <span style=\"color: #00ccff;\"><a style=\"color: #00ccff;\" href=\"http:\/\/www.eloriente.net\/home\/2020\/04\/02\/1221-con-juan-pablo-vasconcelos-1221xeloriente-en-vivo\/\" target=\"_blank\" rel=\"noopener\">Rosendo Vega<\/a><\/span> en la p\u00e1gina web de la <span style=\"color: #00ccff;\"><a style=\"color: #00ccff;\" href=\"https:\/\/www.oaxaca.gob.mx\/cco\/\" target=\"_blank\" rel=\"noopener\">CCO\u00a0www.oaxaca.gob.mx\/cco.<\/a><\/span><\/h5>\n<p>Al respecto, la titular de la Secretar\u00eda de las Culturas y Artes de Oaxaca, Karla Villaca\u00f1a Quevedo, indic\u00f3 que dicha exposici\u00f3n forma parte de las actividades culturales dirigidas a las familias oaxaque\u00f1as para acompa\u00f1ar la Jornada de Sana Distancia como lo ha instruido el gobernador Alejandro Murat Hinojosa y as\u00ed evitar la propagaci\u00f3n del Covid 19.<\/p>\n<p><script async src=\"https:\/\/pagead2.googlesyndication.com\/pagead\/js\/adsbygoogle.js\"><\/script><br \/>\n<ins class=\"adsbygoogle\" style=\"display: block; text-align: center;\" data-ad-layout=\"in-article\" data-ad-format=\"fluid\" data-ad-client=\"ca-pub-1136171134853753\" data-ad-slot=\"5545504441\"><\/ins><br \/>\n<script>\n     (adsbygoogle = window.adsbygoogle || []).push({});\n<\/script>Por su parte el director general de la Casa de la Cultura Oaxaque\u00f1a, Emilio de Leo Blanco, se congratul\u00f3 por la excelente respuesta de las y los oaxaque\u00f1os a esta modalidad de exhibici\u00f3n virtual de arte y asegur\u00f3 que la CCO seguir\u00e1 impulsando estas actividades culturales \u00a0para hacer m\u00e1s ameno el confinamiento mientras pasa esta contingencia, al tiempo que agradeci\u00f3 el apoyo de las y los artistas que se han sumado aportando su obra para las exposiciones pict\u00f3ricas.<\/p>\n<p>Sobre la obra, el artista oaxaque\u00f1o Rosendo Vega explic\u00f3 que \u201cArboleda\u201d surgi\u00f3 para reencontrar al ser humano con la naturaleza y que se valore el entorno en el cual habitamos.<\/p>\n<p>\u201cSe deber\u00eda retomar esta relaci\u00f3n que tenemos con la naturaleza porque somos parte de ella\u201d, indic\u00f3.<script async src=\"https:\/\/pagead2.googlesyndication.com\/pagead\/js\/adsbygoogle.js\"><\/script><br \/>\n<ins class=\"adsbygoogle\" style=\"display: block; text-align: center;\" data-ad-layout=\"in-article\" data-ad-format=\"fluid\" data-ad-client=\"ca-pub-1136171134853753\" data-ad-slot=\"5545504441\"><\/ins><br \/>\n<script>\n     (adsbygoogle = window.adsbygoogle || []).push({});\n<\/script><\/p>\n<p>Respecto a la modalidad implementada por la Casa de la Cultura Oaxaque\u00f1a para llevar el arte de manera virtual, el artista destac\u00f3 que es sumamente importante sentar un precedente para colocar el arte y la cultura desde los medios virtuales que permiten posicionarlos a un plano internacional.<\/p>\n<p>\u201cDeseo que esto llegue para quedarse y que se genere otro formato para presentar la cultura y llegar a m\u00e1s personas\u201d, subray\u00f3.<\/p>\n<p>Cabe destacar que la segunda exposici\u00f3n pict\u00f3rica quedar\u00e1 abierta al p\u00fablico en general a partir de las 19 horas del jueves 7 de mayo.<\/p>\n<blockquote class=\"twitter-tweet\">\n<p dir=\"ltr\" lang=\"es\">\u00bfQui\u00e9n es Rosendo Vega?<\/p>\n<p>Te compartimos esta breve semblanza del artista pl\u00e1stico oaxaque\u00f1o que engalanar\u00e1 -el pr\u00f3ximo jueves a las 19 horas-, nuestra segunda exposici\u00f3n pict\u00f3rica virtual con su obra \u201cArboleda\u201d en nuestra p\u00e1gina web <a href=\"https:\/\/t.co\/mEgZEckHkA\">https:\/\/t.co\/mEgZEckHkA<\/a>.<\/p>\n<p>\u00a1No te la pierdas! <a href=\"https:\/\/t.co\/B3YD6BehRr\">pic.twitter.com\/B3YD6BehRr<\/a><\/p>\n<p>\u2014 Casa de la Cultura Oaxaque\u00f1a (@CCO_GobOax) <a href=\"https:\/\/twitter.com\/CCO_GobOax\/status\/1258079916173799431?ref_src=twsrc%5Etfw\">May 6, 2020<\/a><\/p><\/blockquote>\n<p><script async src=\"https:\/\/platform.twitter.com\/widgets.js\" charset=\"utf-8\"><\/script><\/p>\n<h3 style=\"text-align: center;\"><strong><a href=\"https:\/\/www.oaxaca.gob.mx\/cco\/obra-de-rosendo-vega\/\" target=\"_blank\" rel=\"noopener\">Ir a la exposici\u00f3n<\/a>\u00a0<\/strong><\/h3>\n<h5 style=\"text-align: left;\">Momentos con Rosendo Vega<\/h5>\n<p>Sorteo de la obra que ofreci\u00f3 Rosendo al p\u00fablico del oriente.net<\/p>\n<p><iframe loading=\"lazy\" style=\"border: none; overflow: hidden;\" src=\"https:\/\/www.facebook.com\/plugins\/video.php?href=https%3A%2F%2Fwww.facebook.com%2Feloriente.net%2Fvideos%2F583001065933350%2F&amp;show_text=0&amp;width=560\" width=\"560\" height=\"315\" frameborder=\"0\" scrolling=\"no\" allowfullscreen=\"allowfullscreen\"><\/iframe><\/p>\n<h6>En el programa al 12:21,al final de esta emisi\u00f3n, nos fue dada la gran sorpresa de que Rosendo Vega hab\u00eda donado una de sus Bellas Obras.<iframe loading=\"lazy\" style=\"border: none; overflow: hidden;\" src=\"https:\/\/www.facebook.com\/plugins\/video.php?href=https%3A%2F%2Fwww.facebook.com%2Feloriente.net%2Fvideos%2F874794479611812%2F&amp;show_text=0&amp;width=560\" width=\"560\" height=\"315\" frameborder=\"0\" scrolling=\"no\" allowfullscreen=\"allowfullscreen\"><\/iframe><\/h6>\n<h6>Una pl\u00e1tica amena con Rosendo Vega.<\/h6>\n<p><iframe loading=\"lazy\" style=\"border: none; overflow: hidden;\" src=\"https:\/\/www.facebook.com\/plugins\/video.php?href=https%3A%2F%2Fwww.facebook.com%2Feloriente.net%2Fvideos%2F843047789541812%2F&amp;show_text=0&amp;width=560\" width=\"560\" height=\"315\" frameborder=\"0\" scrolling=\"no\" allowfullscreen=\"allowfullscreen\"><\/iframe><\/p>\n\n\t\t\t  <div \n\t\t\t  \tclass = \"fb-comments\" \n\t\t\t  \tdata-href = \"http:\/\/www.eloriente.net\/home\/2020\/05\/07\/arboleda-de-rosendo-vega-segunda-exposicion-pictorica-virtual-de-la-cco\/\"\n\t\t\t  \tdata-numposts = \"10\"\n\t\t\t\tdata-colorscheme = \"dark\"\n\t\t\t\tdata-order-by = \"social\"\n\t\t\t\tdata-mobile=true>\n\t\t\t  <\/div>\n\t\t  <style>\n\t\t\t.fb_iframe_widget_fluid_desktop iframe {\n\t\t\t    width: 100% !important;\n\t\t\t}\n\t\t  <\/style>\n\t\t  ","protected":false},"excerpt":{"rendered":"<p>Luego del \u00e9xito obtenido en la primera exposici\u00f3n pict\u00f3rica virtual, la Casa de la Cultura Oaxaque\u00f1a inaugurar\u00e1 este jueves 7 de mayo la segunda exhibici\u00f3n de arte pl\u00e1stica con la obra \u201cArboleda\u201d del artista oaxaque\u00f1o Rosendo Vega en la p\u00e1gina web de la CCO\u00a0www.oaxaca.gob.mx\/cco. Al respecto, la titular de la Secretar\u00eda de las Culturas y [&hellip;]<\/p>\n","protected":false},"author":57,"featured_media":61653,"comment_status":"open","ping_status":"open","sticky":false,"template":"","format":"standard","meta":{"_jetpack_memberships_contains_paid_content":false,"footnotes":""},"categories":[29,18,32,10504,30,10502],"tags":[11278,239,5795,4460,241,10215,11136,11277],"class_list":["post-61652","post","type-post","status-publish","format-standard","has-post-thumbnail","hentry","category-capital","category-educacion-y-cultura","category-entradas","category-las-ultimas-12","category-salud","category-talentos","tag-arboleda","tag-arte","tag-casa-de-la-cultura-oaxaquena","tag-cco","tag-cultura","tag-que-hacer","tag-quedate-en-casa","tag-rosendo-vega"],"jetpack_featured_media_url":"http:\/\/www.eloriente.net\/home\/wp-content\/uploads\/2020\/05\/Captura-de-pantalla-337.jpg","jetpack_sharing_enabled":true,"_links":{"self":[{"href":"http:\/\/www.eloriente.net\/home\/wp-json\/wp\/v2\/posts\/61652"}],"collection":[{"href":"http:\/\/www.eloriente.net\/home\/wp-json\/wp\/v2\/posts"}],"about":[{"href":"http:\/\/www.eloriente.net\/home\/wp-json\/wp\/v2\/types\/post"}],"author":[{"embeddable":true,"href":"http:\/\/www.eloriente.net\/home\/wp-json\/wp\/v2\/users\/57"}],"replies":[{"embeddable":true,"href":"http:\/\/www.eloriente.net\/home\/wp-json\/wp\/v2\/comments?post=61652"}],"version-history":[{"count":6,"href":"http:\/\/www.eloriente.net\/home\/wp-json\/wp\/v2\/posts\/61652\/revisions"}],"predecessor-version":[{"id":61663,"href":"http:\/\/www.eloriente.net\/home\/wp-json\/wp\/v2\/posts\/61652\/revisions\/61663"}],"wp:featuredmedia":[{"embeddable":true,"href":"http:\/\/www.eloriente.net\/home\/wp-json\/wp\/v2\/media\/61653"}],"wp:attachment":[{"href":"http:\/\/www.eloriente.net\/home\/wp-json\/wp\/v2\/media?parent=61652"}],"wp:term":[{"taxonomy":"category","embeddable":true,"href":"http:\/\/www.eloriente.net\/home\/wp-json\/wp\/v2\/categories?post=61652"},{"taxonomy":"post_tag","embeddable":true,"href":"http:\/\/www.eloriente.net\/home\/wp-json\/wp\/v2\/tags?post=61652"}],"curies":[{"name":"wp","href":"https:\/\/api.w.org\/{rel}","templated":true}]}}