{"id":61853,"date":"2020-05-13T08:27:00","date_gmt":"2020-05-13T14:27:00","guid":{"rendered":"http:\/\/www.eloriente.net\/home\/?p=61853"},"modified":"2020-05-13T08:27:00","modified_gmt":"2020-05-13T14:27:00","slug":"china-alemania-corea-del-sur-las-primeras-fallas-en-el-desconfinamiento","status":"publish","type":"post","link":"http:\/\/www.eloriente.net\/home\/2020\/05\/13\/china-alemania-corea-del-sur-las-primeras-fallas-en-el-desconfinamiento\/","title":{"rendered":"China, Alemania, Corea del Sur : las primeras fallas en el desconfinamiento"},"content":{"rendered":"<div class=\"m-content-authors\">\n<div class=\"m-author-n-reading-time\">\n<div class=\"m-author-n-reading-time__authors\">\n<h6 class=\"m-from-author\"><span style=\"color: #00ccff;\"><span class=\"m-from-author__by-label\"><a style=\"color: #00ccff;\" href=\"http:\/\/www.eloriente.net\/home\/?p=61853&amp;preview=true\">Por:<\/a> <a style=\"color: #00ccff;\" href=\"http:\/\/www.rfi.fr\/\" target=\"_blank\" rel=\"noopener\">RFI\/<\/a><\/span><a style=\"color: #00ccff;\" href=\"http:\/\/www.rfi.fr\/\"><span class=\"m-from-author__name\">Lucile Gimber<\/span><\/a><\/span><\/h6>\n<\/div>\n<\/div>\n<\/div>\n<p class=\"t-content__chapo\">Mientras varios pa\u00edses de Europa est\u00e1n levantando progresivamente la cuarentena, otras naciones que ya lo hab\u00edan hecho, vuelven a endurecer las medidas sanitarias ante un repunte de los casos en ciertas regiones. Temen una segunda ola de contagios. Es el caso en Alemania, Corea del Sur e incluso China.<\/p>\n<div class=\"t-content__body u-clearfix\">\n<div class=\"m-interstitial\">\n<div class=\"m-interstitial__ad\" data-readmore-target=\"\"><\/div>\n<\/div>\n<p>Corea del Sur, considerada un modelo en la gesti\u00f3n de la crisis sanitaria, registr\u00f3 este lunes 35 nuevos casos, el mayor n\u00famero de nuevos casos en m\u00e1s de un mes. Sobre todo, el hallazgo de un nuevo foco de contagio en Se\u00fal hace temer un rebrote de la pandemia en el pa\u00eds.<\/p>\n<p><script async src=\"https:\/\/pagead2.googlesyndication.com\/pagead\/js\/adsbygoogle.js\"><\/script><br \/>\n<ins class=\"adsbygoogle\" style=\"display: block; text-align: center;\" data-ad-layout=\"in-article\" data-ad-format=\"fluid\" data-ad-client=\"ca-pub-1136171134853753\" data-ad-slot=\"5545504441\"><\/ins><br \/>\n<script>\n     (adsbygoogle = window.adsbygoogle || []).push({});\n<\/script>Despu\u00e9s de frenar la propagaci\u00f3n del virus y flexibilizar las restricciones, las autoridades de la capital surcoreana decidieron este s\u00e1bado cerrar todos los bares y clubes, ante un evidente aumento de los casos de COVID-19, en particular en personas que estuvieron en los clubes gays del barrio de moda de Itaewon.<\/p>\n<p>Las autoridades municipales han llamado a todos los que han estado en la zona durante las \u00faltimas dos semanas a someterse a pruebas e intentan localizar a \u00abmiles de personas\u00bb que frecuentaron estos establecimientos nocturnos. Pero esta vez, el eficaz sistema surcoreano, que se basa en el rastreo de los casos de contacto y las pruebas r\u00e1pidas, est\u00e1 mostrando sus l\u00edmites.<\/p>\n<p>La minor\u00eda LGBT, blanco de discriminaciones en numerosas familias y lugares de trabajo en Corea del Sur, se resiste a realizar la prueba de covid-19 por miedo a ser excluida si su orientaci\u00f3n sexual es revelada.<\/p>\n<div id=\"tms-ad-inread-07447185779732712\" class=\"tms-ad\" data-tms-ad-type=\"inread\" data-tms-ad-provider=\"teads\" data-tms-ad-status=\"idle\">\n<div class=\"teads\"><\/div>\n<\/div>\n<p>Este nuevo foco nos hace entender \u00abque esta situaci\u00f3n se puede presentar en cualquier momento\u00bb, destac\u00f3 el domingo el presidente surcoreano, Moon Jae-in.<\/p>\n<p><script async src=\"https:\/\/pagead2.googlesyndication.com\/pagead\/js\/adsbygoogle.js\"><\/script><br \/>\n<ins class=\"adsbygoogle\" style=\"display: block; text-align: center;\" data-ad-layout=\"in-article\" data-ad-format=\"fluid\" data-ad-client=\"ca-pub-1136171134853753\" data-ad-slot=\"5545504441\"><\/ins><br \/>\n<script>\n     (adsbygoogle = window.adsbygoogle || []).push({});\n<\/script>China tambi\u00e9n teme una eventual segunda ola. La metr\u00f3poli de Wuhan, epicentro mundial de la pandemia, registr\u00f3 este fin de semana su primer caso local desde el 3 de abril. Y la ciudad de Shulan, de 670.000 habitantes, volvi\u00f3 este lunes a imponer la cuarentena, con transportes p\u00fablicos y taxis paralizados, luego de registrar once nuevos casos durante el fin de semana.<\/p>\n<p>Y en Alemania, otro Estado considerado ejemplar ante esta crisis, se est\u00e1 superando el tope fijado de 50 nuevos contagios por cada 100.000 habitantes en tres cantones del norte, del este y del oeste del pa\u00eds. Dos cantones volvieron entonces a decretar la cuarentena,\u00a0 otros lo est\u00e1n evaluando.<\/p>\n<p>Presionada por las regiones, la canciller Angela Merkel acept\u00f3 el jueves pasado nuevas etapas de desconfinamiento \u2013 la casi totalidad de las restricciones impuestas desde mediados de marzo han sido levantada en Alemania &#8211; pero tem\u00eda un repunte de los casos. Y este fin de semana, el Instituto Koch que vigila la epidemia en el pa\u00eds alert\u00f3 que la tasa de infecci\u00f3n nacional pas\u00f3 de 0,7 a 1,1 en pocos d\u00edas, lo que indicar\u00eda una tendencia al alza.<\/p>\n<\/div>\n\n\t\t\t  <div \n\t\t\t  \tclass = \"fb-comments\" \n\t\t\t  \tdata-href = \"http:\/\/www.eloriente.net\/home\/2020\/05\/13\/china-alemania-corea-del-sur-las-primeras-fallas-en-el-desconfinamiento\/\"\n\t\t\t  \tdata-numposts = \"10\"\n\t\t\t\tdata-colorscheme = \"dark\"\n\t\t\t\tdata-order-by = \"social\"\n\t\t\t\tdata-mobile=true>\n\t\t\t  <\/div>\n\t\t  <style>\n\t\t\t.fb_iframe_widget_fluid_desktop iframe {\n\t\t\t    width: 100% !important;\n\t\t\t}\n\t\t  <\/style>\n\t\t  ","protected":false},"excerpt":{"rendered":"<p>Por: RFI\/Lucile Gimber Mientras varios pa\u00edses de Europa est\u00e1n levantando progresivamente la cuarentena, otras naciones que ya lo hab\u00edan hecho, vuelven a endurecer las medidas sanitarias ante un repunte de los casos en ciertas regiones. Temen una segunda ola de contagios. Es el caso en Alemania, Corea del Sur e incluso China. Corea del Sur, [&hellip;]<\/p>\n","protected":false},"author":57,"featured_media":61854,"comment_status":"open","ping_status":"open","sticky":false,"template":"","format":"standard","meta":{"_jetpack_memberships_contains_paid_content":false,"footnotes":""},"categories":[32,16,10504,30],"tags":[1953,3879,2494,11164,11298,4515],"class_list":["post-61853","post","type-post","status-publish","format-standard","has-post-thumbnail","hentry","category-entradas","category-salud-y-estilo-de-vida","category-las-ultimas-12","category-salud","tag-alemania","tag-china","tag-corea-del-sur","tag-covid-19","tag-desconfinamiento","tag-fallas"],"jetpack_featured_media_url":"http:\/\/www.eloriente.net\/home\/wp-content\/uploads\/2020\/05\/woman-in-black-coat-and-face-standing-on-street-3983428.jpg","jetpack_sharing_enabled":true,"_links":{"self":[{"href":"http:\/\/www.eloriente.net\/home\/wp-json\/wp\/v2\/posts\/61853"}],"collection":[{"href":"http:\/\/www.eloriente.net\/home\/wp-json\/wp\/v2\/posts"}],"about":[{"href":"http:\/\/www.eloriente.net\/home\/wp-json\/wp\/v2\/types\/post"}],"author":[{"embeddable":true,"href":"http:\/\/www.eloriente.net\/home\/wp-json\/wp\/v2\/users\/57"}],"replies":[{"embeddable":true,"href":"http:\/\/www.eloriente.net\/home\/wp-json\/wp\/v2\/comments?post=61853"}],"version-history":[{"count":2,"href":"http:\/\/www.eloriente.net\/home\/wp-json\/wp\/v2\/posts\/61853\/revisions"}],"predecessor-version":[{"id":61863,"href":"http:\/\/www.eloriente.net\/home\/wp-json\/wp\/v2\/posts\/61853\/revisions\/61863"}],"wp:featuredmedia":[{"embeddable":true,"href":"http:\/\/www.eloriente.net\/home\/wp-json\/wp\/v2\/media\/61854"}],"wp:attachment":[{"href":"http:\/\/www.eloriente.net\/home\/wp-json\/wp\/v2\/media?parent=61853"}],"wp:term":[{"taxonomy":"category","embeddable":true,"href":"http:\/\/www.eloriente.net\/home\/wp-json\/wp\/v2\/categories?post=61853"},{"taxonomy":"post_tag","embeddable":true,"href":"http:\/\/www.eloriente.net\/home\/wp-json\/wp\/v2\/tags?post=61853"}],"curies":[{"name":"wp","href":"https:\/\/api.w.org\/{rel}","templated":true}]}}