{"id":61860,"date":"2020-05-13T10:15:43","date_gmt":"2020-05-13T16:15:43","guid":{"rendered":"http:\/\/www.eloriente.net\/home\/?p=61860"},"modified":"2020-05-13T10:46:39","modified_gmt":"2020-05-13T16:46:39","slug":"nueva-normalidad-plan-para-reapertura-de-actividades","status":"publish","type":"post","link":"http:\/\/www.eloriente.net\/home\/2020\/05\/13\/nueva-normalidad-plan-para-reapertura-de-actividades\/","title":{"rendered":"Nueva normalidad, plan para reapertura de actividades"},"content":{"rendered":"<p>El gobierno de M\u00e9xico en conferencia matutina dio a conocer hoy el plan de acci\u00f3n para el retorno a las actividades sociales, educativas y econ\u00f3micas\u00a0del pa\u00eds.<\/p>\n<p>Se espera que el regreso a las actividades se lleve a cabo de forma gradual, ordenada y cauta para evitar los riesgos que conlleva un retorno acelerado.<\/p>\n<h3>Reapertura de Municipios de la Esperanza<\/h3>\n<p>La primera etapa se denomina \u00abReapertura de los Municipios de la Esperanza\u00bb, que iniciar\u00e1 el\u00a018 de mayo en donde participan 269 municipios y 15 estados.<\/p>\n<p><strong><a href=\"http:\/\/www.eloriente.net\/home\/wp-content\/uploads\/2020\/05\/Captura-de-Pantalla-2020-05-13-a-las-9.05.45.png\"><img loading=\"lazy\" decoding=\"async\" class=\"aligncenter wp-image-61861\" src=\"http:\/\/www.eloriente.net\/home\/wp-content\/uploads\/2020\/05\/Captura-de-Pantalla-2020-05-13-a-las-9.05.45.png\" alt=\"\" width=\"550\" height=\"365\" srcset=\"http:\/\/www.eloriente.net\/home\/wp-content\/uploads\/2020\/05\/Captura-de-Pantalla-2020-05-13-a-las-9.05.45.png 717w, http:\/\/www.eloriente.net\/home\/wp-content\/uploads\/2020\/05\/Captura-de-Pantalla-2020-05-13-a-las-9.05.45-300x199.png 300w, http:\/\/www.eloriente.net\/home\/wp-content\/uploads\/2020\/05\/Captura-de-Pantalla-2020-05-13-a-las-9.05.45-696x462.png 696w, http:\/\/www.eloriente.net\/home\/wp-content\/uploads\/2020\/05\/Captura-de-Pantalla-2020-05-13-a-las-9.05.45-633x420.png 633w, http:\/\/www.eloriente.net\/home\/wp-content\/uploads\/2020\/05\/Captura-de-Pantalla-2020-05-13-a-las-9.05.45-600x398.png 600w\" sizes=\"(max-width: 550px) 100vw, 550px\" \/><\/a><\/strong><\/p>\n<div class=\"page\" title=\"Page 4\">\n<div class=\"section\">\n<div class=\"layoutArea\">\n<div class=\"column\">\n<div class=\"page\" title=\"Page 6\">\n<div class=\"section\">\n<div class=\"layoutArea\">\n<div class=\"column\">\n<p>Del 14 al 17 mayo se implementaran cercos sanitarios para que partir del 18 de mayo las personas vulnerables y los estudiantes puedan volver a sus actividades.<\/p>\n<\/div>\n<\/div>\n<\/div>\n<\/div>\n<p>Todas las labores se deber\u00e1n realizar con las medidas de salud e higiene.\u00a0<a href=\"http:\/\/www.eloriente.net\/home\/wp-content\/uploads\/2020\/05\/Captura-de-Pantalla-2020-05-13-a-las-9.54.01.png\"><img loading=\"lazy\" decoding=\"async\" class=\"aligncenter wp-image-61870\" src=\"http:\/\/www.eloriente.net\/home\/wp-content\/uploads\/2020\/05\/Captura-de-Pantalla-2020-05-13-a-las-9.54.01.png\" alt=\"\" width=\"550\" height=\"316\" srcset=\"http:\/\/www.eloriente.net\/home\/wp-content\/uploads\/2020\/05\/Captura-de-Pantalla-2020-05-13-a-las-9.54.01.png 711w, http:\/\/www.eloriente.net\/home\/wp-content\/uploads\/2020\/05\/Captura-de-Pantalla-2020-05-13-a-las-9.54.01-300x173.png 300w, http:\/\/www.eloriente.net\/home\/wp-content\/uploads\/2020\/05\/Captura-de-Pantalla-2020-05-13-a-las-9.54.01-696x400.png 696w, http:\/\/www.eloriente.net\/home\/wp-content\/uploads\/2020\/05\/Captura-de-Pantalla-2020-05-13-a-las-9.54.01-600x345.png 600w\" sizes=\"(max-width: 550px) 100vw, 550px\" \/><\/a><\/p>\n<h3><script async src=\"https:\/\/pagead2.googlesyndication.com\/pagead\/js\/adsbygoogle.js\"><\/script><br \/>\n<ins class=\"adsbygoogle\" style=\"display: block; text-align: center;\" data-ad-layout=\"in-article\" data-ad-format=\"fluid\" data-ad-client=\"ca-pub-1136171134853753\" data-ad-slot=\"5545504441\"><\/ins><br \/>\n<script>\n     (adsbygoogle = window.adsbygoogle || []).push({});\n<\/script>Preparaci\u00f3n para la reapertura general<\/h3>\n<p>La segunda etapa denominada \u00abPreparaci\u00f3n para la reapertura general\u00bb, iniciar\u00e1 del 8 al 31 de mayo en donde se espera que las empresas preparen su reapertura mediante los siguientes par\u00e1metros:<\/p>\n<div class=\"page\" title=\"Page 4\">\n<div class=\"section\">\n<div class=\"layoutArea\">\n<div class=\"column\">\n<ol>\n<li>Elaboraci\u00f3n por empresa de protocolos sanitarios para el reinicio seguro de actividades.<\/li>\n<li>Capacitaci\u00f3n de personal para la seguridad en el ambiente laboral.<\/li>\n<li>Readecuaci\u00f3n de espacios y procesos productivos.<\/li>\n<li>Filtros de ingreso, sanitizaci\u00f3n e higiene del espacio laboral.<\/li>\n<\/ol>\n<p><a href=\"http:\/\/www.eloriente.net\/home\/wp-content\/uploads\/2020\/05\/Captura-de-Pantalla-2020-05-13-a-las-10.04.49.png\"><img loading=\"lazy\" decoding=\"async\" class=\"aligncenter wp-image-61869\" src=\"http:\/\/www.eloriente.net\/home\/wp-content\/uploads\/2020\/05\/Captura-de-Pantalla-2020-05-13-a-las-10.04.49.png\" alt=\"\" width=\"550\" height=\"307\" srcset=\"http:\/\/www.eloriente.net\/home\/wp-content\/uploads\/2020\/05\/Captura-de-Pantalla-2020-05-13-a-las-10.04.49.png 1191w, http:\/\/www.eloriente.net\/home\/wp-content\/uploads\/2020\/05\/Captura-de-Pantalla-2020-05-13-a-las-10.04.49-300x168.png 300w, http:\/\/www.eloriente.net\/home\/wp-content\/uploads\/2020\/05\/Captura-de-Pantalla-2020-05-13-a-las-10.04.49-768x429.png 768w, http:\/\/www.eloriente.net\/home\/wp-content\/uploads\/2020\/05\/Captura-de-Pantalla-2020-05-13-a-las-10.04.49-1024x572.png 1024w, http:\/\/www.eloriente.net\/home\/wp-content\/uploads\/2020\/05\/Captura-de-Pantalla-2020-05-13-a-las-10.04.49-696x389.png 696w, http:\/\/www.eloriente.net\/home\/wp-content\/uploads\/2020\/05\/Captura-de-Pantalla-2020-05-13-a-las-10.04.49-1068x596.png 1068w, http:\/\/www.eloriente.net\/home\/wp-content\/uploads\/2020\/05\/Captura-de-Pantalla-2020-05-13-a-las-10.04.49-752x420.png 752w, http:\/\/www.eloriente.net\/home\/wp-content\/uploads\/2020\/05\/Captura-de-Pantalla-2020-05-13-a-las-10.04.49-600x335.png 600w\" sizes=\"(max-width: 550px) 100vw, 550px\" \/><\/a><\/p>\n<h3>Sem\u00e1foro por regiones<\/h3>\n<p>La tercera etapa llamada \u00abSem\u00e1foro por regiones\u00bb\u00a0iniciar\u00e1 el 1o de junio, mediante un sistema en el que se tomar\u00e1n los criterios\u00a0para la reapertura de actividades sociales, educativas y econ\u00f3micas para cada sector del pa\u00eds.<\/p>\n<div class=\"page\" title=\"Page 4\">\n<div class=\"section\">\n<div class=\"layoutArea\">\n<div class=\"column\">\n<p><a href=\"http:\/\/www.eloriente.net\/home\/wp-content\/uploads\/2020\/05\/Captura-de-Pantalla-2020-05-13-a-las-9.27.02.png\"><img loading=\"lazy\" decoding=\"async\" class=\"aligncenter wp-image-61864\" src=\"http:\/\/www.eloriente.net\/home\/wp-content\/uploads\/2020\/05\/Captura-de-Pantalla-2020-05-13-a-las-9.27.02.png\" alt=\"\" width=\"550\" height=\"220\" srcset=\"http:\/\/www.eloriente.net\/home\/wp-content\/uploads\/2020\/05\/Captura-de-Pantalla-2020-05-13-a-las-9.27.02.png 1082w, http:\/\/www.eloriente.net\/home\/wp-content\/uploads\/2020\/05\/Captura-de-Pantalla-2020-05-13-a-las-9.27.02-300x120.png 300w, http:\/\/www.eloriente.net\/home\/wp-content\/uploads\/2020\/05\/Captura-de-Pantalla-2020-05-13-a-las-9.27.02-768x307.png 768w, http:\/\/www.eloriente.net\/home\/wp-content\/uploads\/2020\/05\/Captura-de-Pantalla-2020-05-13-a-las-9.27.02-1024x409.png 1024w, http:\/\/www.eloriente.net\/home\/wp-content\/uploads\/2020\/05\/Captura-de-Pantalla-2020-05-13-a-las-9.27.02-696x278.png 696w, http:\/\/www.eloriente.net\/home\/wp-content\/uploads\/2020\/05\/Captura-de-Pantalla-2020-05-13-a-las-9.27.02-1068x426.png 1068w, http:\/\/www.eloriente.net\/home\/wp-content\/uploads\/2020\/05\/Captura-de-Pantalla-2020-05-13-a-las-9.27.02-1052x420.png 1052w, http:\/\/www.eloriente.net\/home\/wp-content\/uploads\/2020\/05\/Captura-de-Pantalla-2020-05-13-a-las-9.27.02-600x240.png 600w\" sizes=\"(max-width: 550px) 100vw, 550px\" \/><\/a><\/p>\n<\/div>\n<\/div>\n<\/div>\n<\/div>\n<\/div>\n<\/div>\n<\/div>\n<\/div>\n<p><script async src=\"https:\/\/pagead2.googlesyndication.com\/pagead\/js\/adsbygoogle.js\"><\/script><br \/>\n<ins class=\"adsbygoogle\" style=\"display: block; text-align: center;\" data-ad-layout=\"in-article\" data-ad-format=\"fluid\" data-ad-client=\"ca-pub-1136171134853753\" data-ad-slot=\"5545504441\"><\/ins><br \/>\n<script>\n     (adsbygoogle = window.adsbygoogle || []).push({});\n<\/script><\/p>\n<\/div>\n<\/div>\n<\/div>\n<\/div>\n\n\t\t\t  <div \n\t\t\t  \tclass = \"fb-comments\" \n\t\t\t  \tdata-href = \"http:\/\/www.eloriente.net\/home\/2020\/05\/13\/nueva-normalidad-plan-para-reapertura-de-actividades\/\"\n\t\t\t  \tdata-numposts = \"10\"\n\t\t\t\tdata-colorscheme = \"dark\"\n\t\t\t\tdata-order-by = \"social\"\n\t\t\t\tdata-mobile=true>\n\t\t\t  <\/div>\n\t\t  <style>\n\t\t\t.fb_iframe_widget_fluid_desktop iframe {\n\t\t\t    width: 100% !important;\n\t\t\t}\n\t\t  <\/style>\n\t\t  ","protected":false},"excerpt":{"rendered":"<p>El gobierno de M\u00e9xico en conferencia matutina dio a conocer hoy el plan de acci\u00f3n para el retorno a las actividades sociales, educativas y econ\u00f3micas\u00a0del pa\u00eds. Se espera que el regreso a las actividades se lleve a cabo de forma gradual, ordenada y cauta para evitar los riesgos que conlleva un retorno acelerado. Reapertura de [&hellip;]<\/p>\n","protected":false},"author":59,"featured_media":61883,"comment_status":"open","ping_status":"open","sticky":false,"template":"","format":"standard","meta":{"_jetpack_memberships_contains_paid_content":false,"footnotes":""},"categories":[1588,32,63,35,10504,10,24,464,21,31,30],"tags":[4052,11033,184,3391,141,11310,73],"class_list":["post-61860","post","type-post","status-publish","format-standard","has-post-thumbnail","hentry","category-comunicados-y-boletines","category-entradas","category-estados","category-secciones-oriente","category-las-ultimas-12","category-lo-mas-reciente","category-mexico-y-el-mundo","category-oaxaca-estados","category-politica-y-gobierno","category-principal","category-salud","tag-alejandro-murat","tag-coronavirus","tag-educacion","tag-lopez-obrador","tag-mexico","tag-nueva-normalidad","tag-oaxaca"],"jetpack_featured_media_url":"http:\/\/www.eloriente.net\/home\/wp-content\/uploads\/2020\/05\/5ebc241d5b4ef_mapa.jpg","jetpack_sharing_enabled":true,"_links":{"self":[{"href":"http:\/\/www.eloriente.net\/home\/wp-json\/wp\/v2\/posts\/61860"}],"collection":[{"href":"http:\/\/www.eloriente.net\/home\/wp-json\/wp\/v2\/posts"}],"about":[{"href":"http:\/\/www.eloriente.net\/home\/wp-json\/wp\/v2\/types\/post"}],"author":[{"embeddable":true,"href":"http:\/\/www.eloriente.net\/home\/wp-json\/wp\/v2\/users\/59"}],"replies":[{"embeddable":true,"href":"http:\/\/www.eloriente.net\/home\/wp-json\/wp\/v2\/comments?post=61860"}],"version-history":[{"count":5,"href":"http:\/\/www.eloriente.net\/home\/wp-json\/wp\/v2\/posts\/61860\/revisions"}],"predecessor-version":[{"id":61878,"href":"http:\/\/www.eloriente.net\/home\/wp-json\/wp\/v2\/posts\/61860\/revisions\/61878"}],"wp:featuredmedia":[{"embeddable":true,"href":"http:\/\/www.eloriente.net\/home\/wp-json\/wp\/v2\/media\/61883"}],"wp:attachment":[{"href":"http:\/\/www.eloriente.net\/home\/wp-json\/wp\/v2\/media?parent=61860"}],"wp:term":[{"taxonomy":"category","embeddable":true,"href":"http:\/\/www.eloriente.net\/home\/wp-json\/wp\/v2\/categories?post=61860"},{"taxonomy":"post_tag","embeddable":true,"href":"http:\/\/www.eloriente.net\/home\/wp-json\/wp\/v2\/tags?post=61860"}],"curies":[{"name":"wp","href":"https:\/\/api.w.org\/{rel}","templated":true}]}}